{"id":990,"date":"2017-05-19T12:24:00","date_gmt":"2017-05-19T11:24:00","guid":{"rendered":"http:\/\/csepelfc.hu\/?p=990"},"modified":"2017-05-19T12:24:00","modified_gmt":"2017-05-19T11:24:00","slug":"up-jon-a-lorinc-united-dorog-elleni-rangadok-csepelen","status":"publish","type":"post","link":"http:\/\/csepelfc.hu\/index.php\/2017\/05\/19\/up-jon-a-lorinc-united-dorog-elleni-rangadok-csepelen\/","title":{"rendered":"UP: j\u00f6n a L\u0151rinc United, Dorog elleni rangad\u00f3k Csepelen"},"content":{"rendered":"<p>Az el\u0151tt\u00fcnk \u00e1ll\u00f3 bajnoki fordul\u00f3 meglehet\u0151sen sz\u00e9tdaraboltan alakul,\u00a0 az U19 -es egy\u00fcttes\u00fcnk m\u00e1r tegnap lej\u00e1tszotta aktu\u00e1lis bajnokij\u00e1t, az U17 pedig 25-\u00e9n l\u00e9p p\u00e1ly\u00e1ra, \u00edgy csak az U14, az U15 \u00e9s a BLSZ U19 -es csapatunk k\u00fczd a h\u00e9tv\u00e9g\u00e9n, igaz mindh\u00e1rom hazai k\u00f6rnyezetben, a B\u00e9ke t\u00e9ren.<!--more--><\/p>\n<p>Tegnap a III. oszt\u00e1ly K\u00f6z\u00e9p-Nyugat csoportj\u00e1ban szerepl\u0151 U19 -es egy\u00fcttes\u00fcnk 1:1-es d\u00f6ntetlent j\u00e1tszott a Budai FC- Tab\u00e1ni SPA egy\u00fcttes\u00e9vel (g\u00f3lunkat Kaszab Ferenc szerezte), \u00edgy 51 pontj\u00e1val maradt a 2. helyen, igaz k\u00e9t meccsel t\u00f6bbet j\u00e1tszva a m\u00f6g\u00f6tt\u00fcnk \u00e1ll\u00f3, 45 pontos F\u0151nix- Goldn\u00e1l. (R\u00e9szletek k\u00e9s\u0151bb)<\/p>\n<p>M\u00e1jus 20-\u00e1n a BLSZ Ifj\u00fas\u00e1gi U19 -es csoportban szerepl\u0151 egy\u00fcttes\u00fcnk l\u00e9p p\u00e1ly\u00e1ra a L\u0151rinc United ellen. A k\u00e9t csapat \u0151szi \u00f6sszecsap\u00e1s\u00e1n, a De\u00e1k Ferenc Sporttelepen 9:1-es\u00a0sikert \u00e9rt\u00fcnk el a jelenleg 15. helyen \u00e1ll\u00f3 XVIII. ker\u00fcletiek ellen, akik idegenben mind a 12 tal\u00e1lkoz\u00f3jukat elvesz\u00edtett\u00e9k \u00e9s hozz\u00e1 12-151-es g\u00f3lk\u00fcl\u00f6nbs\u00e9get produk\u00e1ltak.\u00a0A legnagyobb veres\u00e9get a M\u00e9sz\u00f6ly FS otthon\u00e1ban szenvedt\u00e9k el, ott 36:1 ar\u00e1nyban kaptak ki, de k\u00e9tszer is el\u0151fordult m\u00e1r, hogy 18 -szor z\u00f6rgett\u00e9k meg a h\u00e1l\u00f3jukat ebben a bajnoks\u00e1gban.<\/p>\n<p>Az U14-es \u00e9s U15-\u00f6s egy\u00fcttes\u00fcnk a Dorogot l\u00e1tja vend\u00e9g\u00fcl vas\u00e1rnap. El\u0151sz\u00f6r 10 \u00f3r\u00e1t\u00f3l a fiatalabbak ind\u00edtj\u00e1k \u00fatj\u00e1ra a labd\u00e1t. Az \u0151sz folyam\u00e1n egy meglehet\u0151sen fordulatos meccsen 4:3-ra kikaptunk a b\u00e1ny\u00e1szv\u00e1rosban (g\u00f3ljainkat Fazekas \u00c1d\u00e1m, Varga Zolt\u00e1n \u00e9s Tornyos Benedek szerezt\u00e9k), \u00edgy f\u0171theti a sr\u00e1cokat a visszav\u00e1g\u00e1s rem\u00e9nye. A jelenleg a 8. helyen \u00e1ll\u00f3 Dorog idegenben 6-0-5-\u00f6s mutat\u00f3t produk\u00e1lt, a KISE, a Dunakanyar SE- Szentendre, a Kom\u00e1rom, a P\u00e9nz\u00fcgy\u0151r az Esztergom \u00e9s a TFSE- Hegyvid\u00e9k megoldhatatlan feladat el\u00e9 \u00e1ll\u00edtotta, a R\u00e1kosmente, a Csep- G\u00f3l, a BKV, a Dunaharaszti \u00e9s a Ferihegy- Vecs\u00e9s viszont nem okozott gondot sz\u00e1mukra, ut\u00f3bbi tal\u00e1lkoz\u00f3n 22 g\u00f3lt szereztek. Csapatunk eg\u00e9szen j\u00f3l elkapta a fonalat \u00e9s m\u00e1r harmadik m\u00e9rk\u0151z\u00e9s \u00f3ta nem kapott ki, s\u0151t m\u00e9g g\u00f3lt sem kapott. Elekes Zsolt tan\u00edtv\u00e1nyai idehaza 5-0-7-es m\u00e9rleggel \u00e1llnak, az Esztergom, a Ferihegy-Vecs\u00e9s, a BKV, a R\u00e1kosmente, \u00e9s a Csep- G\u00f3l FC ellen sikerrel vett\u00e9k az akad\u00e1lyokat, a t\u00f6bbiek viszont m\u00e9g t\u00fal nagy falatnak bizonyultak sz\u00e1mukra.<\/p>\n<p>Az U15-\u00f6s csapatunk tr\u00e9nere N\u00e9meth G\u00e1bor &#8220;nem volt el\u00e1julva&#8221; tan\u00edtv\u00e1nyai el\u0151z\u0151 fordul\u00f3ban bemutatott produkci\u00f3j\u00e1t\u00f3l (ezt leadott nyilatkozata is t\u00fckr\u00f6zte)\u00a0ami a Dorog ellen is bizony kev\u00e9s lehet&#8230; \u0150sszel &#8220;v\u00edzilabdaeredm\u00e9nyes&#8221; tal\u00e1lkoz\u00f3n a hazaiak 7:4-re nyertek ellen\u00fcnk \u00fagy, hogy a f\u00e9lid\u0151ben m\u00e1r 5:0-ra is vezettek a Monostori Tivadar nev\u00e9t visel\u0151 Ut\u00e1np\u00f3tl\u00e1s Centrumban, de azt\u00e1n Horv\u00e1th \u00c1kos, Cz\u00e9km\u00e1ny \u00c1d\u00e1m, M\u00e1t\u00e9 Gerg\u0151 \u00e9s Lipl Noel is bevette a kapujukat, \u00e1m sajnos ez is kev\u00e9snek bizonyult. A jelenleg 3 ponttal el\u0151tt\u00fcnk \u00e1ll\u00f3 \u00e9s a harmadik helyet bitorl\u00f3 dorogiak vend\u00e9gk\u00e9nt 7-1-3-as mutat\u00f3val rendelkeznek, csak a Dunakanyar SE- Szentendre, a Csep- G\u00f3l FC \u00e9s a Kom\u00e1rom ellen betliztek, az Esztergom ellen 3:3-as d\u00f6ntetlent j\u00e1tszottak, a t\u00f6bbikkel viszont elb\u00e1ntak.\u00a0A mieink hazai mutat\u00f3ja impon\u00e1l\u00f3, 9-1-2 -\u0151t mutat tov\u00e1bbra is, csak a II. Ker\u00fclet \u00e9s a Dunakanyar SE- Szentendre tudott minket megtr\u00e9f\u00e1lni, a Kom\u00e1rom pedig &#8220;pontosan&#8221; t\u00e1vozott a B\u00e9ke t\u00e9rr\u0151l.<\/p>\n","protected":false},"excerpt":{"rendered":"<div class=\"mh-excerpt\"><p>Az el\u0151tt\u00fcnk \u00e1ll\u00f3 bajnoki fordul\u00f3 meglehet\u0151sen sz\u00e9tdaraboltan alakul,\u00a0 az U19 -es egy\u00fcttes\u00fcnk m\u00e1r tegnap lej\u00e1tszotta aktu\u00e1lis bajnokij\u00e1t, az U17 pedig 25-\u00e9n l\u00e9p p\u00e1ly\u00e1ra, \u00edgy csak az U14, az U15 \u00e9s <a class=\"mh-excerpt-more\" href=\"http:\/\/csepelfc.hu\/index.php\/2017\/05\/19\/up-jon-a-lorinc-united-dorog-elleni-rangadok-csepelen\/\" title=\"UP: j\u00f6n a L\u0151rinc United, Dorog elleni rangad\u00f3k Csepelen\">[tov\u00e1bb&#8230;]<\/a><\/p>\n<\/div>","protected":false},"author":4,"featured_media":575,"comment_status":"closed","ping_status":"open","sticky":false,"template":"","format":"standard","meta":{"jetpack_publicize_message":"","jetpack_is_tweetstorm":false,"jetpack_publicize_feature_enabled":true},"categories":[1,3],"tags":[],"jetpack_publicize_connections":[],"jetpack_featured_media_url":"http:\/\/csepelfc.hu\/wp-content\/uploads\/2017\/03\/LetsGok..jpg","jetpack_sharing_enabled":true,"jetpack_shortlink":"https:\/\/wp.me\/p83FEU-fY","_links":{"self":[{"href":"http:\/\/csepelfc.hu\/index.php\/wp-json\/wp\/v2\/posts\/990"}],"collection":[{"href":"http:\/\/csepelfc.hu\/index.php\/wp-json\/wp\/v2\/posts"}],"about":[{"href":"http:\/\/csepelfc.hu\/index.php\/wp-json\/wp\/v2\/types\/post"}],"author":[{"embeddable":true,"href":"http:\/\/csepelfc.hu\/index.php\/wp-json\/wp\/v2\/users\/4"}],"replies":[{"embeddable":true,"href":"http:\/\/csepelfc.hu\/index.php\/wp-json\/wp\/v2\/comments?post=990"}],"version-history":[{"count":2,"href":"http:\/\/csepelfc.hu\/index.php\/wp-json\/wp\/v2\/posts\/990\/revisions"}],"predecessor-version":[{"id":993,"href":"http:\/\/csepelfc.hu\/index.php\/wp-json\/wp\/v2\/posts\/990\/revisions\/993"}],"wp:featuredmedia":[{"embeddable":true,"href":"http:\/\/csepelfc.hu\/index.php\/wp-json\/wp\/v2\/media\/575"}],"wp:attachment":[{"href":"http:\/\/csepelfc.hu\/index.php\/wp-json\/wp\/v2\/media?parent=990"}],"wp:term":[{"taxonomy":"category","embeddable":true,"href":"http:\/\/csepelfc.hu\/index.php\/wp-json\/wp\/v2\/categories?post=990"},{"taxonomy":"post_tag","embeddable":true,"href":"http:\/\/csepelfc.hu\/index.php\/wp-json\/wp\/v2\/tags?post=990"}],"curies":[{"name":"wp","href":"https:\/\/api.w.org\/{rel}","templated":true}]}}