{"id":951,"date":"2017-05-15T19:20:52","date_gmt":"2017-05-15T18:20:52","guid":{"rendered":"http:\/\/csepelfc.hu\/?p=951"},"modified":"2017-05-16T07:33:03","modified_gmt":"2017-05-16T06:33:03","slug":"up-rangadok-utan-korhazi-kalvaria","status":"publish","type":"post","link":"http:\/\/csepelfc.hu\/index.php\/2017\/05\/15\/up-rangadok-utan-korhazi-kalvaria\/","title":{"rendered":"UP: rangad\u00f3k ut\u00e1n k\u00f3rh\u00e1zi k\u00e1lv\u00e1ria"},"content":{"rendered":"<p>A Csepel FC ut\u00e1np\u00f3tl\u00e1scsapatai k\u00f6z\u00fcl az U17 \u00e9s az U19 is rangad\u00f3t v\u00edvott a sz\u00e9kesfeh\u00e9rv\u00e1ri F\u0151nix- Gold egy\u00fcttes\u00e9vel a B\u00e9ke t\u00e9ren, ahov\u00e1 sajnos mindk\u00e9t tal\u00e1lkoz\u00f3ra riasztani kellett a ment\u0151ket is. U19-es kulcsj\u00e1t\u00e9kosunk Busai Tam\u00e1s kulcscsontj\u00e1t t\u00f6rte \u00e9s t\u00f6bb, mint egy napja v\u00e1r a m\u0171t\u00e9tj\u00e9re&#8230;<!--more--><\/p>\n<p>Az U17- es egy\u00fcttes\u00fcnk annak rem\u00e9ny\u00e9ben l\u00e9pett p\u00e1ly\u00e1ra vas\u00e1rnap, hogy az el\u0151tte \u00e1ll\u00f3 F\u0151nix- Goldot egy esetleges gy\u0151zelem eset\u00e9n\u00a0pontsz\u00e1mban be\u00e9rhesse. Ennek megfelel\u0151en vehemensen k\u00fczd\u00f6tt egym\u00e1ssal a k\u00e9t egy\u00fcttes, \u00e9s Kaszab Ferenc m\u00e1r a 9. percben megszerezte a vezet\u00e9st nek\u00fcnk. Sajnos egy cs\u00fanya\u00a0\u00fctk\u00f6z\u00e9s (\u00f6sszefejel\u00e9s) is t\u00f6rt\u00e9nt m\u00e9g az els\u0151 j\u00e1t\u00e9kr\u00e9szben, minek k\u00f6vetkezt\u00e9ben ellenfel\u00fcnk egyik j\u00e1t\u00e9kos\u00e1hoz ment\u0151t kellett h\u00edvni, mert rosszul lett az esetet k\u00f6vet\u0151en. A sajn\u00e1latos esem\u00e9ny nem t\u00f6rte meg csapatunkat, akik v\u00e9g\u00fcl 4:1 ar\u00e1nyban gy\u0151zedelmeskedtek \u00e9s megszerezt\u00e9k a rendk\u00edv\u00fcl fontos 3 pontot.<\/p>\n<p>Az U19-es egy\u00fcttesek is nagy el\u00e1nnal vetett\u00e9k magukat a k\u00fczdelembe, ami m\u00e1r az elej\u00e9n balszerencs\u00e9sen alakult sz\u00e1munkra: a csapat egyik legjobbja Busai Tam\u00e1s egy \u00fctk\u00f6z\u00e9s k\u00f6vetkezt\u00e9ben kulcscsontj\u00e1t t\u00f6rte, \u00edgy a ment\u0151aut\u00f3 szinte &#8220;postafordult\u00e1val&#8221; indulhatott is vissza a B\u00e9ke t\u00e9rre. A tehets\u00e9ges labdar\u00fag\u00f3r\u00f3l, aki az NB III-as feln\u0151tt csapatunkban g\u00f3llal\u00a0mutatkozott be,\u00a0\u00fagy kellett lev\u00e1gni a mezt, mert sajnos pokoli f\u00e1jdalmai voltak. Ezzel\u00a0azonban nem \u00e9rt v\u00e9get a k\u00e1lv\u00e1ri\u00e1ja,\u00a0ugyanis h\u00e9tf\u0151 estig (ezen sorok \u00edr\u00e1s\u00e1ig) m\u00e9g nem siker\u00fclt sort ker\u00edteni az oper\u00e1ci\u00f3j\u00e1ra&#8230;<\/p>\n<p>A Mer\u00e9nyi K\u00f3rh\u00e1zban v\u00e1rakoz\u00f3 \u00e9desanyj\u00e1t h\u00e9tf\u0151n este telefonon \u00e9rt\u00fck utol:<\/p>\n<p>&#8211; Idestova 30 \u00f3r\u00e1ja v\u00e1runk arra, hogy Tomit megm\u0171ts\u00e9k, sajnos mind\u00edg van akit el\u0151bbre vesznek, azzal magyar\u00e1zva, hogy neki nem \u00e9letment\u0151 m\u0171t\u00e9tre van sz\u00fcks\u00e9ge&#8230; A legrosszabb, hogy nagy f\u00e1jdalmai vannak, s\u00a0m\u00e1r kapott ugyan valamilyen gy\u00f3gyszerkokt\u00e9lt, meg egy szurit is a f\u00e1jdalomcsillap\u00edt\u00e1sra, de m\u00e9g semmi biztosat nem tudunk a m\u0171t\u00e9t id\u0151pontj\u00e1r\u00f3l, legut\u00f3bb a ma est\u00e9t \u00edg\u00e9rt\u00e9k meg. Ma eg\u00e9sz nap nem kapott enni sem, mondv\u00e1n, hogy valamikor m\u0171teni fogj\u00e1k, de 30 \u00f3r\u00e1t \u00e9tlen elt\u00f6lteni az is roppant megterhel\u0151 neki. Nagyon szenved szeg\u00e9ny&#8230; Nekem eddig csak j\u00f3 tapasztalataim voltak az eg\u00e9szs\u00e9g\u00fcgyr\u0151l, de most mit mondhatn\u00e9k ilyenkor?<\/p>\n<p>A F\u0151nix- Gold U17-es labdar\u00fag\u00f3j\u00e1nak jobbul\u00e1st, Busai Tam\u00e1snak\u00a0 pedig komplik\u00e1ci\u00f3mentes,\u00a0mihamarabbi m\u0171t\u00e9tet \u00e9s gyors fel\u00e9p\u00fcl\u00e9st\u00a0k\u00edv\u00e1nunk!<\/p>\n<p><strong>FRISS:<\/strong> Id\u0151k\u00f6zben j\u00e1t\u00e9kosunk t\u00falesett a m\u0171t\u00e9ten \u00e9s megkezdheti a l\u00e1badoz\u00e1st, majd a rehabilit\u00e1ci\u00f3t.<\/p>\n","protected":false},"excerpt":{"rendered":"<div class=\"mh-excerpt\"><p>A Csepel FC ut\u00e1np\u00f3tl\u00e1scsapatai k\u00f6z\u00fcl az U17 \u00e9s az U19 is rangad\u00f3t v\u00edvott a sz\u00e9kesfeh\u00e9rv\u00e1ri F\u0151nix- Gold egy\u00fcttes\u00e9vel a B\u00e9ke t\u00e9ren, ahov\u00e1 sajnos mindk\u00e9t tal\u00e1lkoz\u00f3ra riasztani kellett a ment\u0151ket is. <a class=\"mh-excerpt-more\" href=\"http:\/\/csepelfc.hu\/index.php\/2017\/05\/15\/up-rangadok-utan-korhazi-kalvaria\/\" title=\"UP: rangad\u00f3k ut\u00e1n k\u00f3rh\u00e1zi k\u00e1lv\u00e1ria\">[tov\u00e1bb&#8230;]<\/a><\/p>\n<\/div>","protected":false},"author":4,"featured_media":953,"comment_status":"closed","ping_status":"open","sticky":false,"template":"","format":"standard","meta":{"jetpack_publicize_message":"","jetpack_is_tweetstorm":false,"jetpack_publicize_feature_enabled":true},"categories":[1,3],"tags":[],"jetpack_publicize_connections":[],"jetpack_featured_media_url":"http:\/\/csepelfc.hu\/wp-content\/uploads\/2017\/05\/BusaiTomi.jpg","jetpack_sharing_enabled":true,"jetpack_shortlink":"https:\/\/wp.me\/p83FEU-fl","_links":{"self":[{"href":"http:\/\/csepelfc.hu\/index.php\/wp-json\/wp\/v2\/posts\/951"}],"collection":[{"href":"http:\/\/csepelfc.hu\/index.php\/wp-json\/wp\/v2\/posts"}],"about":[{"href":"http:\/\/csepelfc.hu\/index.php\/wp-json\/wp\/v2\/types\/post"}],"author":[{"embeddable":true,"href":"http:\/\/csepelfc.hu\/index.php\/wp-json\/wp\/v2\/users\/4"}],"replies":[{"embeddable":true,"href":"http:\/\/csepelfc.hu\/index.php\/wp-json\/wp\/v2\/comments?post=951"}],"version-history":[{"count":8,"href":"http:\/\/csepelfc.hu\/index.php\/wp-json\/wp\/v2\/posts\/951\/revisions"}],"predecessor-version":[{"id":962,"href":"http:\/\/csepelfc.hu\/index.php\/wp-json\/wp\/v2\/posts\/951\/revisions\/962"}],"wp:featuredmedia":[{"embeddable":true,"href":"http:\/\/csepelfc.hu\/index.php\/wp-json\/wp\/v2\/media\/953"}],"wp:attachment":[{"href":"http:\/\/csepelfc.hu\/index.php\/wp-json\/wp\/v2\/media?parent=951"}],"wp:term":[{"taxonomy":"category","embeddable":true,"href":"http:\/\/csepelfc.hu\/index.php\/wp-json\/wp\/v2\/categories?post=951"},{"taxonomy":"post_tag","embeddable":true,"href":"http:\/\/csepelfc.hu\/index.php\/wp-json\/wp\/v2\/tags?post=951"}],"curies":[{"name":"wp","href":"https:\/\/api.w.org\/{rel}","templated":true}]}}