{"id":945,"date":"2017-05-15T13:06:49","date_gmt":"2017-05-15T12:06:49","guid":{"rendered":"http:\/\/csepelfc.hu\/?p=945"},"modified":"2017-05-15T15:05:06","modified_gmt":"2017-05-15T14:05:06","slug":"elekes-jozsef-60-isten-eltesse","status":"publish","type":"post","link":"http:\/\/csepelfc.hu\/index.php\/2017\/05\/15\/elekes-jozsef-60-isten-eltesse\/","title":{"rendered":"Elekes J\u00f3zsef 60! Isten \u00e9ltesse!"},"content":{"rendered":"<p>Kerek sz\u00fclet\u00e9snapot \u00fcnnepel ma a Kecskem\u00e9t, a Csepel SC, majd a Vasas egykori labdar\u00fag\u00f3ja Elekes J\u00f3zsef, aki a &#8217;80-as \u00e9vek\u00a0Csepelj\u00e9nek meghat\u00e1roz\u00f3\u00a0j\u00e1t\u00e9kosa volt, sziklakem\u00e9ny h\u00e1tv\u00e9dk\u00e9nt igyekezett megakad\u00e1lyozni a csepeli kaput ostroml\u00f3 ellenfeleket.<!--more-->A napokban a Budafoki MTE- vel (ahol p\u00e1lyaedz\u0151k\u00e9nt seg\u00edti Prukner L\u00e1szl\u00f3 vezet\u0151edz\u0151 munk\u00e1j\u00e1t) NB III- as bajnoki c\u00edmet nyert sportember, aki a BLSZ II- ben szerepl\u0151 TFSE- vel elh\u00f3d\u00edtotta\u00a0a Budapest Kup\u00e1t 1957-ben Dunaharasztin sz\u00fcletett \u00e9s t\u00edz esztend\u0151t h\u00fazott le j\u00e1t\u00e9kosk\u00e9nt\u00a0az NBI- ben, abb\u00f3l hatot Csepelen n\u00e9gyet a Vasasban. Edz\u0151i p\u00e1lyafut\u00e1s\u00e1t 1992-ben kezdte el\u00a0Monoron, k\u00e9s\u0151bb a Vasas p\u00e1lyaedz\u0151je lett, majd az angyalf\u00f6ldi tartal\u00e9kok k\u00f6vetkeztek. A folytat\u00e1sban Kispesten tev\u00e9kenykedett az els\u0151 csapatn\u00e1l, majd ut\u00e1np\u00f3tl\u00e1s, azt k\u00f6vet\u0151en pedig a feln\u0151tt v\u00e1logatott k\u00f6vetkezett, mik\u00f6zben Soroks\u00e1ron is dolgozott. Gellei Imre mellett dolgozott a Zalaegerszegi TE- n\u00e9l is, a Pusk\u00e1s Akad\u00e9mi\u00e1n az ut\u00e1np\u00f3tl\u00e1scsapatokn\u00e1l is\u00a0edz\u0151sk\u00f6d\u00f6tt \u00e9s az NB II- es egy\u00fcttes szakmai st\u00e1bj\u00e1nak tagja is volt. Jelenleg a Budafoki MTE \u00e9s a TFSE egy\u00fcttesein\u00e9l tr\u00e9ner, ut\u00f3bbiban vezet\u0151edz\u0151. Napjainkban is Csepelen \u00e9l.<\/p>\n<p>Fia, Elekes\u00a0Zsolt a Csepel FC ut\u00e1np\u00f3tl\u00e1s\u00e1ban legr\u00e9gebben dolgoz\u00f3 tr\u00e9ner, aki jelenleg az U14-es csapatunk vezet\u0151edz\u0151je.<\/p>\n<p>Isten \u00e9ltesse sok\u00e1ig!<\/p>\n<p>&nbsp;<\/p>\n<p>&nbsp;<\/p>\n<div><\/div>\n<div><\/div>\n","protected":false},"excerpt":{"rendered":"<div class=\"mh-excerpt\"><p>Kerek sz\u00fclet\u00e9snapot \u00fcnnepel ma a Kecskem\u00e9t, a Csepel SC, majd a Vasas egykori labdar\u00fag\u00f3ja Elekes J\u00f3zsef, aki a &#8217;80-as \u00e9vek\u00a0Csepelj\u00e9nek meghat\u00e1roz\u00f3\u00a0j\u00e1t\u00e9kosa volt, sziklakem\u00e9ny h\u00e1tv\u00e9dk\u00e9nt igyekezett megakad\u00e1lyozni a csepeli kaput ostroml\u00f3 <a class=\"mh-excerpt-more\" href=\"http:\/\/csepelfc.hu\/index.php\/2017\/05\/15\/elekes-jozsef-60-isten-eltesse\/\" title=\"Elekes J\u00f3zsef 60! Isten \u00e9ltesse!\">[tov\u00e1bb&#8230;]<\/a><\/p>\n<\/div>","protected":false},"author":4,"featured_media":947,"comment_status":"closed","ping_status":"open","sticky":false,"template":"","format":"standard","meta":{"jetpack_publicize_message":"","jetpack_is_tweetstorm":false,"jetpack_publicize_feature_enabled":true},"categories":[1,7],"tags":[],"jetpack_publicize_connections":[],"jetpack_featured_media_url":"http:\/\/csepelfc.hu\/wp-content\/uploads\/2017\/05\/ElekesJ..jpg","jetpack_sharing_enabled":true,"jetpack_shortlink":"https:\/\/wp.me\/p83FEU-ff","_links":{"self":[{"href":"http:\/\/csepelfc.hu\/index.php\/wp-json\/wp\/v2\/posts\/945"}],"collection":[{"href":"http:\/\/csepelfc.hu\/index.php\/wp-json\/wp\/v2\/posts"}],"about":[{"href":"http:\/\/csepelfc.hu\/index.php\/wp-json\/wp\/v2\/types\/post"}],"author":[{"embeddable":true,"href":"http:\/\/csepelfc.hu\/index.php\/wp-json\/wp\/v2\/users\/4"}],"replies":[{"embeddable":true,"href":"http:\/\/csepelfc.hu\/index.php\/wp-json\/wp\/v2\/comments?post=945"}],"version-history":[{"count":3,"href":"http:\/\/csepelfc.hu\/index.php\/wp-json\/wp\/v2\/posts\/945\/revisions"}],"predecessor-version":[{"id":950,"href":"http:\/\/csepelfc.hu\/index.php\/wp-json\/wp\/v2\/posts\/945\/revisions\/950"}],"wp:featuredmedia":[{"embeddable":true,"href":"http:\/\/csepelfc.hu\/index.php\/wp-json\/wp\/v2\/media\/947"}],"wp:attachment":[{"href":"http:\/\/csepelfc.hu\/index.php\/wp-json\/wp\/v2\/media?parent=945"}],"wp:term":[{"taxonomy":"category","embeddable":true,"href":"http:\/\/csepelfc.hu\/index.php\/wp-json\/wp\/v2\/categories?post=945"},{"taxonomy":"post_tag","embeddable":true,"href":"http:\/\/csepelfc.hu\/index.php\/wp-json\/wp\/v2\/tags?post=945"}],"curies":[{"name":"wp","href":"https:\/\/api.w.org\/{rel}","templated":true}]}}