{"id":929,"date":"2017-05-14T09:57:49","date_gmt":"2017-05-14T08:57:49","guid":{"rendered":"http:\/\/csepelfc.hu\/?p=929"},"modified":"2017-05-15T20:13:32","modified_gmt":"2017-05-15T19:13:32","slug":"zsakban-a-harom-pont-siker-diosdon","status":"publish","type":"post","link":"http:\/\/csepelfc.hu\/index.php\/2017\/05\/14\/zsakban-a-harom-pont-siker-diosdon\/","title":{"rendered":"Zs\u00e1kban a h\u00e1rom pont, siker Di\u00f3sdon &#8211; FRISS\u00cdTVE- Mesterm\u00e9rleggel"},"content":{"rendered":"<p>Nem mindennapi k\u00f6r\u00fclm\u00e9nyek k\u00f6z\u00f6tt de a &#8220;k\u00f6telez\u0151 feladatot&#8221; teljes\u00edtve nyert 2:0-ra Di\u00f3sdon a Csepel FC feln\u0151tt labdar\u00fag\u00f3 csapata \u00e9s szerezte meg a rendk\u00edv\u00fcl fontos \u00fajabb h\u00e1rom pontot.<!--more-->A tal\u00e1lkoz\u00f3 jelent\u0151s k\u00e9s\u00e9ssel indult, mert a h\u00edrek szerint a hazai j\u00e1t\u00e9kosok j\u00e1rand\u00f3s\u00e1guk elmarad\u00e1sa miatt nem akartak p\u00e1ly\u00e1ra l\u00e9pni, \u00e1m v\u00e9g\u00fcl m\u00e9gis k\u00f6t\u00e9lnek \u00e1lltak \u00e9s \u00fatj\u00e1ra indulhatott a labda. Egy\u00fcttes\u00fcnk ezzel a sikerrel fell\u00e9pett a 11. helyre, megel\u0151zve a fordul\u00f3ban szabadnapos Videoton II. egy\u00fcttes\u00e9t.<\/p>\n<p>Di\u00f3sdi TC &#8211; Csepel FC 0:2 (0:1)<\/p>\n<p>Jv: Sipos Tam\u00e1s (Cs\u00e1ky Tibor, Gordos \u00c1rp\u00e1d)<\/p>\n<p><strong>G:<\/strong> Fisli Andr\u00e1s &#8217;19, R\u00e1cz Botond &#8217;88<\/p>\n<p><strong>Di\u00f3sd:<\/strong> Botlik D\u00e1niel &#8211; S\u00e1ndor N., Nah\u00f3czky A. (Czene P.), Mag K., Bal\u00e1zs G., Slez\u00e1k R., W\u00e1gner R., N\u00e9meth R., Cservenka G., Tak\u00e1cs J., Tak\u00e1cs M.<\/p>\n<p><strong>Csepel FC:<\/strong> L\u0151ricz P\u00e9ter &#8211; Fisli Andr\u00e1s, Hesz Oliv\u00e9r, D\u00e9vai Csaba, Haraszk\u00f3 S\u00e1ndor, Tepl\u00e1n J\u00e1nos, Bencze M\u00e1rton (R\u00e1cz Botond), Horv\u00e1th \u00c1d\u00e1m (Durso Giuliano), Tak\u00e1cs L\u00e1szl\u00f3 (Gauzer Levente), Korozm\u00e1n Norbert, T\u00f3th Csaba<\/p>\n<p><strong>J\u00f3k:<\/strong> Tepl\u00e1n J\u00e1nos, Haraszk\u00f3 S\u00e1ndor, Hesz Oliv\u00e9r<\/p>\n<p><strong>Gabala Kriszti\u00e1n szakmai vezet\u0151:<\/strong> &#8211; H\u00e9tr\u0151l-h\u00e9tre olyan esem\u00e9nyek t\u00f6rt\u00e9nnek, ami \u00e9rdekes \u00e9s tanuls\u00e1gos lehet a j\u00f6v\u0151t illet\u0151en\u00a0ez\u00e9rt elgondolkodtam azon, hogy a leend\u0151 k\u00f6nyvemben egy k\u00fcl\u00f6n fejezetet szentelek a 2016\/2017-es NB III-as bajnoks\u00e1g t\u00f6rt\u00e9n\u00e9sei sz\u00e1m\u00e1ra.<\/p>\n","protected":false},"excerpt":{"rendered":"<div class=\"mh-excerpt\"><p>Nem mindennapi k\u00f6r\u00fclm\u00e9nyek k\u00f6z\u00f6tt de a &#8220;k\u00f6telez\u0151 feladatot&#8221; teljes\u00edtve nyert 2:0-ra Di\u00f3sdon a Csepel FC feln\u0151tt labdar\u00fag\u00f3 csapata \u00e9s szerezte meg a rendk\u00edv\u00fcl fontos \u00fajabb h\u00e1rom pontot.<\/p>\n<\/div>","protected":false},"author":4,"featured_media":933,"comment_status":"closed","ping_status":"open","sticky":false,"template":"","format":"standard","meta":{"jetpack_publicize_message":"","jetpack_is_tweetstorm":false,"jetpack_publicize_feature_enabled":true},"categories":[1,7],"tags":[],"jetpack_publicize_connections":[],"jetpack_featured_media_url":"http:\/\/csepelfc.hu\/wp-content\/uploads\/2017\/05\/Di\u00f3sdiTC.jpg","jetpack_sharing_enabled":true,"jetpack_shortlink":"https:\/\/wp.me\/p83FEU-eZ","_links":{"self":[{"href":"http:\/\/csepelfc.hu\/index.php\/wp-json\/wp\/v2\/posts\/929"}],"collection":[{"href":"http:\/\/csepelfc.hu\/index.php\/wp-json\/wp\/v2\/posts"}],"about":[{"href":"http:\/\/csepelfc.hu\/index.php\/wp-json\/wp\/v2\/types\/post"}],"author":[{"embeddable":true,"href":"http:\/\/csepelfc.hu\/index.php\/wp-json\/wp\/v2\/users\/4"}],"replies":[{"embeddable":true,"href":"http:\/\/csepelfc.hu\/index.php\/wp-json\/wp\/v2\/comments?post=929"}],"version-history":[{"count":6,"href":"http:\/\/csepelfc.hu\/index.php\/wp-json\/wp\/v2\/posts\/929\/revisions"}],"predecessor-version":[{"id":961,"href":"http:\/\/csepelfc.hu\/index.php\/wp-json\/wp\/v2\/posts\/929\/revisions\/961"}],"wp:featuredmedia":[{"embeddable":true,"href":"http:\/\/csepelfc.hu\/index.php\/wp-json\/wp\/v2\/media\/933"}],"wp:attachment":[{"href":"http:\/\/csepelfc.hu\/index.php\/wp-json\/wp\/v2\/media?parent=929"}],"wp:term":[{"taxonomy":"category","embeddable":true,"href":"http:\/\/csepelfc.hu\/index.php\/wp-json\/wp\/v2\/categories?post=929"},{"taxonomy":"post_tag","embeddable":true,"href":"http:\/\/csepelfc.hu\/index.php\/wp-json\/wp\/v2\/tags?post=929"}],"curies":[{"name":"wp","href":"https:\/\/api.w.org\/{rel}","templated":true}]}}