{"id":910,"date":"2017-05-12T09:27:21","date_gmt":"2017-05-12T08:27:21","guid":{"rendered":"http:\/\/csepelfc.hu\/?p=910"},"modified":"2017-05-12T09:54:29","modified_gmt":"2017-05-12T08:54:29","slug":"ujabb-nehez-diosd-kovetkezik","status":"publish","type":"post","link":"http:\/\/csepelfc.hu\/index.php\/2017\/05\/12\/ujabb-nehez-diosd-kovetkezik\/","title":{"rendered":"&#8220;Kell\u0151 motiv\u00e1ci\u00f3val \u00e9s al\u00e1zattal megy\u00fcnk Di\u00f3sdra&#8221;"},"content":{"rendered":"<p>Az NB III Nyugati csoportj\u00e1nak bennmarad\u00f3 hely\u00e9\u00e9rt harcol\u00f3 csapatunkra ism\u00e9t idegenbeli tal\u00e1lkoz\u00f3 v\u00e1r a h\u00e9tv\u00e9g\u00e9n, m\u00e9gpedig az egyik szomsz\u00e9dv\u00e1r, a\u00a0Di\u00f3sd otthon\u00e1ban, akik szint\u00fagy nincsenek k\u00f6nny\u0171 helyzetben. Ennek ellen\u00e9re, vagy \u00e9ppen ez\u00e9rt:\u00a0el kell hozni mindh\u00e1rom pontot idegenb\u0151l.<!--more-->A k\u00e9t csapat legut\u00f3bbi \u00f6sszecsap\u00e1s\u00e1n novemberben Csepelen N\u00e9meth G\u00e1bor (2), Somodi \u00c1d\u00e1m \u00e9s Hesz Oliv\u00e9r g\u00f3ljaival nyert\u00fcnk 4:0 ar\u00e1nyban Nah\u00f3czky Attila egy\u00fcttese ellen. Azt k\u00f6vet\u0151en a Di\u00f3sd hazai k\u00f6rnyezetben 1-0-7-es m\u00e9rleget produk\u00e1lt, csup\u00e1n a H\u00e9v\u00edz g\u00e1rd\u00e1j\u00e1t tudt\u00e1k k\u00e9t v\u00e1llra fektetni, a Kaposv\u00e1r, az \u00c9rd, a III. Ker\u00fclet, a Kom\u00e1rom, a Csorna, az Ajka \u00e9s\u00a0a Gy\u0151ri ETO\u00a0viszont gy\u0151ztesen t\u00e1vozott a Pest megyei telep\u00fcl\u00e9sr\u0151l. Szombati vend\u00e9gl\u00e1t\u00f3ink v\u00e9delme az eddigiek alapj\u00e1n meglehet\u0151sen szell\u0151s, &#8211; 69- es g\u00f3lk\u00fcl\u00f6nbs\u00e9ggel a legrosszabb a csoportban. A legnagyobb k\u00fcl\u00f6nbs\u00e9g\u0171 veres\u00e9get a listavezet\u0151 Gy\u0151r otthon\u00e1ban szenvedt\u00e9k el (0:7), de hatot r\u00fagott nekik a Pusk\u00e1s AFC II (1:6) \u00e9s egyar\u00e1nt \u00f6t\u00f6t a III. ker\u00fclet, a Csorna, a Kaposv\u00e1r \u00e9s a odahaza a Gy\u0151ri ETO is. A mi csapatunk a Pusk\u00e1s AFC II ellen\u00a0elmaradt pontszerz\u00e9s ok\u00e1n maradt a 12. helyen, 3 ponttal a H\u00e9v\u00edzt\u00a0nagy nehezen legy\u0151z\u0151\u00a0Veszpr\u00e9m el\u0151tt, egy ponttal lemaradva a Videoton II \u00e9s\u00a0h\u00e1rom ponttal az Andr\u00e1shida m\u00f6g\u00f6tt. Riv\u00e1lisaink k\u00f6z\u00fcl a Videoton II szabadnapos lesz, a Veszpr\u00e9m a Budapest Honv\u00e9d- MFA vend\u00e9ge lesz, m\u00edg az Andr\u00e1shida\u00a0egy\u00fcttese Kom\u00e1romot pr\u00f3b\u00e1lja meg bevenni. A mieink idegenbeli m\u00e9rlege 3-6-5, a Veszpr\u00e9m (0:2), a H\u00e9v\u00edz (0:3) \u00e9s a III. ker\u00fclet (1:2) otthon\u00e1b\u00f3l\u00a0t\u00e1voztunk gy\u0151ztesen, a Pusk\u00e1s Akad\u00e9mia II, az Ajka, a S\u00e1rv\u00e1r, a Kom\u00e1rom, az \u00c9rd \u00e9s az Andr\u00e1shida vend\u00e9gek\u00e9nt pedig pontot csent\u00fcnk ellenfeleink otthon\u00e1b\u00f3l.<\/p>\n<p><strong>Gabala Kriszti\u00e1n szakmai vezet\u0151:<\/strong> &#8211; Mindannyian tiszt\u00e1ban vagyunk vele, hogy mit jelentene\u00a0sz\u00e1munkra a h\u00e1rom pont&#8230; \u00c9ppen\u00a0ez\u00e9rt kell\u0151 motiv\u00e1ci\u00f3val \u00e9s al\u00e1zattal l\u00e9p\u00fcnk p\u00e1ly\u00e1ra Di\u00f3sdon, ahol mindent megtesz\u00fcnk az\u00e9rt, hogy el is hozzuk a h\u0151n \u00e1h\u00edtott gy\u0151zelemmel j\u00e1r\u00f3 h\u00e1rom pontot.<\/p>\n","protected":false},"excerpt":{"rendered":"<div class=\"mh-excerpt\"><p>Az NB III Nyugati csoportj\u00e1nak bennmarad\u00f3 hely\u00e9\u00e9rt harcol\u00f3 csapatunkra ism\u00e9t idegenbeli tal\u00e1lkoz\u00f3 v\u00e1r a h\u00e9tv\u00e9g\u00e9n, m\u00e9gpedig az egyik szomsz\u00e9dv\u00e1r, a\u00a0Di\u00f3sd otthon\u00e1ban, akik szint\u00fagy nincsenek k\u00f6nny\u0171 helyzetben. Ennek ellen\u00e9re, vagy \u00e9ppen <a class=\"mh-excerpt-more\" href=\"http:\/\/csepelfc.hu\/index.php\/2017\/05\/12\/ujabb-nehez-diosd-kovetkezik\/\" title=\"&#8220;Kell\u0151 motiv\u00e1ci\u00f3val \u00e9s al\u00e1zattal megy\u00fcnk Di\u00f3sdra&#8221;\">[tov\u00e1bb&#8230;]<\/a><\/p>\n<\/div>","protected":false},"author":4,"featured_media":912,"comment_status":"closed","ping_status":"open","sticky":false,"template":"","format":"standard","meta":{"jetpack_publicize_message":"","jetpack_is_tweetstorm":false,"jetpack_publicize_feature_enabled":true},"categories":[1,7],"tags":[],"jetpack_publicize_connections":[],"jetpack_featured_media_url":"http:\/\/csepelfc.hu\/wp-content\/uploads\/2017\/05\/Di\u00f3sd-Csepelk..jpg","jetpack_sharing_enabled":true,"jetpack_shortlink":"https:\/\/wp.me\/p83FEU-eG","_links":{"self":[{"href":"http:\/\/csepelfc.hu\/index.php\/wp-json\/wp\/v2\/posts\/910"}],"collection":[{"href":"http:\/\/csepelfc.hu\/index.php\/wp-json\/wp\/v2\/posts"}],"about":[{"href":"http:\/\/csepelfc.hu\/index.php\/wp-json\/wp\/v2\/types\/post"}],"author":[{"embeddable":true,"href":"http:\/\/csepelfc.hu\/index.php\/wp-json\/wp\/v2\/users\/4"}],"replies":[{"embeddable":true,"href":"http:\/\/csepelfc.hu\/index.php\/wp-json\/wp\/v2\/comments?post=910"}],"version-history":[{"count":5,"href":"http:\/\/csepelfc.hu\/index.php\/wp-json\/wp\/v2\/posts\/910\/revisions"}],"predecessor-version":[{"id":916,"href":"http:\/\/csepelfc.hu\/index.php\/wp-json\/wp\/v2\/posts\/910\/revisions\/916"}],"wp:featuredmedia":[{"embeddable":true,"href":"http:\/\/csepelfc.hu\/index.php\/wp-json\/wp\/v2\/media\/912"}],"wp:attachment":[{"href":"http:\/\/csepelfc.hu\/index.php\/wp-json\/wp\/v2\/media?parent=910"}],"wp:term":[{"taxonomy":"category","embeddable":true,"href":"http:\/\/csepelfc.hu\/index.php\/wp-json\/wp\/v2\/categories?post=910"},{"taxonomy":"post_tag","embeddable":true,"href":"http:\/\/csepelfc.hu\/index.php\/wp-json\/wp\/v2\/tags?post=910"}],"curies":[{"name":"wp","href":"https:\/\/api.w.org\/{rel}","templated":true}]}}