{"id":837,"date":"2017-05-02T14:34:50","date_gmt":"2017-05-02T13:34:50","guid":{"rendered":"http:\/\/csepelfc.hu\/?p=837"},"modified":"2017-05-02T14:38:43","modified_gmt":"2017-05-02T13:38:43","slug":"ujrakezdes-a-holgyeknel","status":"publish","type":"post","link":"http:\/\/csepelfc.hu\/index.php\/2017\/05\/02\/ujrakezdes-a-holgyeknel\/","title":{"rendered":"\u00dajj\u00e1\u00e9led\u0151 csepeli n\u0151i futball"},"content":{"rendered":"<p>A Csepel FC labdar\u00fag\u00f3csal\u00e1dja ism\u00e9t b\u0151v\u00fclni fog, m\u00e9ghozz\u00e1 a r\u00f6vidke sz\u00fcnet ut\u00e1n ism\u00e9t \u00fajraindul\u00f3 feln\u0151tt n\u0151i labdar\u00fag\u00f3 csapattal. Az \u00f6r\u00f6mteli h\u00edrrel kapcsolatban Moln\u00e1r Zsuzsann\u00e1val a csapat vezet\u0151j\u00e9vel besz\u00e9lgett\u00fcnk.<!--more--><\/p>\n<p>Kisebb \u0171rt hagyott maga ut\u00e1n, amikor anno megsz\u0171nt a Csepel FC n\u0151i labdar\u00fag\u00f3 g\u00e1rd\u00e1ja,\u00a0\u00edgy\u00a0\u00f6r\u00f6mmel halljuk,\u00a0hogy \u00a0most ism\u00e9t \u00f6ssze\u00e1llhat egy csapat.<\/p>\n<p>-Tak\u00e1cs Kriszti\u00e1n dobta fel a labd\u00e1t, hogy mit sz\u00f3ln\u00e9k hozz\u00e1, hogy Csepelen ism\u00e9t elind\u00edtan\u00e1nk egy csapatot&#8230; R\u00e9szemr\u0151l egy\u00e1ltal\u00e1n nem t\u0171nt kivitelezhetetlen feladatnak, \u00edgy m\u00e1jus 4-\u00e9n az els\u0151 tr\u00e9ninggel m\u00e1r neki is v\u00e1gunk a t\u00f6rt\u00e9netnek. R\u00e9gi, j\u00f3l ismert j\u00e1t\u00e9kosokb\u00f3l \u00e9s a hozz\u00e1juk csatlakoz\u00f3kb\u00f3l\u00a0azt gondolom \u00f6ssze lehet kov\u00e1csolni egy \u00fct\u0151k\u00e9pes egy\u00fcttest, amivel \u0151sszel elindulhatunk egy bajnoks\u00e1gban is. Konkr\u00e9t elv\u00e1r\u00e1sok nem fogalmaz\u00f3dtak meg, de \u00e9n magam azt vallom, hogy ha valamit csin\u00e1lunk, annak az\u00e9rt legyen valamilyen pozit\u00edv eredm\u00e9nye. Folyamatosan toborozzuk az embereket, kor\u00e1bban m\u00e1r futballm\u00faltal rendelkez\u0151 h\u00f6lgyeket siker\u00fclt megnyern\u00fcnk az \u00fcgynek, \u00fagyhogy j\u00f3 \u00faton haladunk a csapat\u00e9p\u00edt\u00e9st illet\u0151en.<\/p>\n<p>&#8211; Hogy n\u00e9z ki a felk\u00e9sz\u00fcl\u00e9s?<br \/>\n&#8211; Tekintve, hogy csak \u0151sszel szeretn\u00e9nk bajnoks\u00e1gban p\u00e1ly\u00e1ra l\u00e9pni, terveink szerint heti k\u00e9t gyakorl\u00e1st tervez\u00fcnk, de \u00e9n szeretn\u00e9m ha beker\u00fclne a programba egy harmadik edz\u00e9s is, ahol az er\u0151nl\u00e9tre helyezn\u00e9nk a hangs\u00falyt. F\u00fcv\u00f6n \u00e9s m\u0171f\u00fcv\u00f6n egyar\u00e1nt gyakorolni fogunk\u00a0h\u00e9tf\u0151n \u00e9s cs\u00fct\u00f6rt\u00f6k\u00f6nk\u00e9nt. A bajnoks\u00e1got illet\u0151en minden bizonnyal valamilyen alacsonyabb oszt\u00e1lyban v\u00e1gunk neki a pontvad\u00e1szatnak, v\u00e9lhet\u0151en 3\/4 p\u00e1ly\u00e1n, b\u00e1r sz\u00f3 esett nagyp\u00e1ly\u00e1r\u00f3l is, de ez m\u00e9g egyel\u0151re k\u00e9pl\u00e9keny dolog&#8230; A nagyp\u00e1ly\u00e1hoz legal\u00e1bb 20 f\u0151s keret sz\u00fcks\u00e9geltetik, \u00edgy\u00a0jelenleg a kisebb j\u00e1t\u00e9kt\u00e9r t\u0171nik kivitelezhet\u0151nek. Olyan, min\u0151s\u00e9gi j\u00e1t\u00e9ktud\u00e1ssal rendelkez\u0151 labdar\u00fag\u00f3kkal siker\u00fclt felvenni a kapcsolatot, akiknek nem idegen ez a terep, \u00e9s b\u00edzom benne, hogy olyan h\u00f6lgyek is csatlakoznak majd hozz\u00e1nk, akik kor\u00e1bban az els\u0151 oszt\u00e1lyban is bizony\u00edtottak, de ezen persze m\u00e9g sokat kell dolgoznunk! Sz\u00f3val lesz feladat b\u0151ven&#8230;<\/p>\n<p>K\u00f6sz\u00f6n\u00f6m sz\u00e9pen, sok sikert, a h\u00f6lgyekn\u00e9l is Hajr\u00e1 Csepel FC!<\/p>\n","protected":false},"excerpt":{"rendered":"<div class=\"mh-excerpt\"><p>A Csepel FC labdar\u00fag\u00f3csal\u00e1dja ism\u00e9t b\u0151v\u00fclni fog, m\u00e9ghozz\u00e1 a r\u00f6vidke sz\u00fcnet ut\u00e1n ism\u00e9t \u00fajraindul\u00f3 feln\u0151tt n\u0151i labdar\u00fag\u00f3 csapattal. Az \u00f6r\u00f6mteli h\u00edrrel kapcsolatban Moln\u00e1r Zsuzsann\u00e1val a csapat vezet\u0151j\u00e9vel besz\u00e9lgett\u00fcnk.<\/p>\n<\/div>","protected":false},"author":4,"featured_media":838,"comment_status":"closed","ping_status":"open","sticky":false,"template":"","format":"standard","meta":{"jetpack_publicize_message":"","jetpack_is_tweetstorm":false,"jetpack_publicize_feature_enabled":true},"categories":[1,7],"tags":[],"jetpack_publicize_connections":[],"jetpack_featured_media_url":"http:\/\/csepelfc.hu\/wp-content\/uploads\/2017\/05\/csajos.jpg","jetpack_sharing_enabled":true,"jetpack_shortlink":"https:\/\/wp.me\/p83FEU-dv","_links":{"self":[{"href":"http:\/\/csepelfc.hu\/index.php\/wp-json\/wp\/v2\/posts\/837"}],"collection":[{"href":"http:\/\/csepelfc.hu\/index.php\/wp-json\/wp\/v2\/posts"}],"about":[{"href":"http:\/\/csepelfc.hu\/index.php\/wp-json\/wp\/v2\/types\/post"}],"author":[{"embeddable":true,"href":"http:\/\/csepelfc.hu\/index.php\/wp-json\/wp\/v2\/users\/4"}],"replies":[{"embeddable":true,"href":"http:\/\/csepelfc.hu\/index.php\/wp-json\/wp\/v2\/comments?post=837"}],"version-history":[{"count":3,"href":"http:\/\/csepelfc.hu\/index.php\/wp-json\/wp\/v2\/posts\/837\/revisions"}],"predecessor-version":[{"id":841,"href":"http:\/\/csepelfc.hu\/index.php\/wp-json\/wp\/v2\/posts\/837\/revisions\/841"}],"wp:featuredmedia":[{"embeddable":true,"href":"http:\/\/csepelfc.hu\/index.php\/wp-json\/wp\/v2\/media\/838"}],"wp:attachment":[{"href":"http:\/\/csepelfc.hu\/index.php\/wp-json\/wp\/v2\/media?parent=837"}],"wp:term":[{"taxonomy":"category","embeddable":true,"href":"http:\/\/csepelfc.hu\/index.php\/wp-json\/wp\/v2\/categories?post=837"},{"taxonomy":"post_tag","embeddable":true,"href":"http:\/\/csepelfc.hu\/index.php\/wp-json\/wp\/v2\/tags?post=837"}],"curies":[{"name":"wp","href":"https:\/\/api.w.org\/{rel}","templated":true}]}}