{"id":7828,"date":"2022-11-23T19:23:37","date_gmt":"2022-11-23T18:23:37","guid":{"rendered":"http:\/\/csepelfc.hu\/?p=7828"},"modified":"2022-11-23T19:27:59","modified_gmt":"2022-11-23T18:27:59","slug":"gyozelemmel-zartuk-az-evet","status":"publish","type":"post","link":"http:\/\/csepelfc.hu\/index.php\/2022\/11\/23\/gyozelemmel-zartuk-az-evet\/","title":{"rendered":"Gy\u0151zelemmel z\u00e1rtuk az \u00e9vet."},"content":{"rendered":"<p><strong>Csapatunk az Alm\u00e1sf\u00fczit\u0151 SC csapat\u00e1hoz l\u00e1togatott a N\u0151i NB.II Nyugati csoportj\u00e1nak z\u00e1r\u00f3 m\u00e9rk\u0151z\u00e9s\u00e9n ahol \u00f6r\u00f6m\u00fcnkre vend\u00e9g siker sz\u00fcletett!<\/strong><\/p>\n<p>Csapatunk nagy el\u00e1nnal \u00e9s harcikedvel \u00e9rkezett Alm\u00e1sf\u00fczit\u0151re az \u00e9v utols\u00f3 bajnoki m\u00e9rk\u0151z\u00e9s\u00e9re ahol els\u00f6pr\u0151 sikert tudtunk aratni vend\u00e9gl\u00e1t\u00f3nk felett! Kapusunk Forg\u00e1cs Szimonetta fel\u00e9p\u00fclt betegs\u00e9gb\u0151l, illetve Schuszter Anna is felgy\u00f3gyult s\u00e9r\u00fcl\u00e9s\u00e9b\u0151l! Csapatunk hamar megszerezte a vezetest Janos\u00fctz Evelin g\u00f3lj\u00e1val a m\u00e9rk\u0151z\u00e9s 18.perc\u00e9ben majd egy k\u0151zel f\u00e9l \u00f3r\u00e1s g\u00f3lcsend ut\u00e1n R\u00e1porti Laura n\u00f6velte el\u0151ny\u00fcnket a 45.percben amellyel csapatunk 2 g\u00f3los el\u0151nnyel vonulthatott le a p\u00e1ly\u00e1r\u00f3l az els\u0151 f\u00e9lid\u0151 v\u00e9gezt\u00e9vel. A m\u00e1sodik f\u00e9lid\u0151 kezdet\u00e9vel sem csillapodott csapatunk harcikedve aminek h\u00e1la a cserek\u00e9nt be\u00e1ll\u00f3\u00a0 Simoncini Paola megszerezte csapatunk 3 majd egy kicsit k\u00e9s\u0151bb a 75.percben a 4 g\u00f3lunkat is amivel lez\u00e1rtuk a m\u00e9rk\u0151z\u00e9st, aminek h\u00e1la a dobog\u00f3 3.hely\u00e9r\u0151l v\u00e1rhatjuk a tavaszi szezont. <strong>K\u00f6sz\u00f6nj\u00fck minden szurkol\u00f3nknak a csapat b\u00edztat\u00e1s\u00e1t \u00e9s szeretn\u00e9nk nekik j\u00f3 pihen\u00e9st k\u00edv\u00e1nni a tavaszi szezon kezdet\u00e9ig<\/strong>!<\/p>\n<p><strong>Alm\u00e1sf\u00fczit\u0151 SC\u00a0 &#8211; Csepel FC 0-4 (0-2)\u00a0<\/strong><\/p>\n<p><strong>Alm\u00e1sf\u00fczit\u0151, Alm\u00e1sf\u00fczit\u0151i stadion Jv.: Farsang B\u00e1lint\u00a0\u00a0<\/strong> (Vizi Istv\u00e1n, Leb\u00e1r D\u00e1vid)<\/p>\n<p><strong>Alm\u00e1sf\u00fczit\u0151 SC:\u00a0<\/strong>Boros Andrea (Belh\u00e1zi R\u00e9ka 59&#8242;) &#8211; S\u00e1nta Vikt\u00f3ria &#8211; Rezes Nikolett &#8211; T\u00f3th Nat\u00e1lia &#8211; Suhajda Anita &#8211; Basahidi Zs\u00f3fi (K\u00f6rmendi Csilla 76&#8242;) &#8211; H\u00e9jja Krisztina &#8211; B\u00e1cskai Bettina &#8211; Gyuly\u00e1s-Szab\u00f3 Bogl\u00e1rka &#8211; Tordayn\u00e9 Adamek Elvira &#8211; Taly\u00e1n M\u00e1ria.<\/p>\n<p><strong>Vezet\u0151edz\u0151: Kottra M\u00e1rk\u00a0<\/strong><\/p>\n<p><strong>Csepel FC:\u00a0<\/strong>Forg\u00e1cs Szimonetta. &#8211; Kir\u00e1ly Lilla ( Simoncini Paola 46&#8242; ) &#8211; Mony\u00f3k Gr\u00e9ta ( Schuszter Anna 73&#8242; ) &#8211; Mesterh\u00e1zi Csilla ( Gula Eszter 65&#8242; ) &#8211; N\u00e9meth Andrea &#8211; K\u00f3kai Krisztina ( Helly Annam\u00e1ria 65&#8242; ) &#8211; Folk Zsuzsanna ( Fekete Edina 73&#8242; ) &#8211; Horv\u00e1th Emese &#8211; R\u00e1porti Laura ( Gyolcsos Gy\u00f6ngyi 50&#8242; ) &#8211; Csolti R\u00e9ka &#8211; Janos\u00fctz Evelin.<\/p>\n<p><strong>Vezet\u0151edz\u0151: Kincses Ern\u0151<\/strong><\/p>\n<p><strong>G\u00f3lszerz\u0151k:\u00a0<\/strong>Janos\u00fctz Evelin 18&#8242; , R\u00e1porti Laura 45&#8242; , Simoncini Paola 55&#8242;, 75&#8242;<\/p>\n<p><strong>Kincses Ern\u0151:<\/strong> A szezon v\u00e9g\u00e9re meg\u00e9rkezt\u00fcnk a bajnoks\u00e1gba. Nagyon sajn\u00e1lom, hogy most lesz a t\u00e9li sz\u00fcnet. A tavaszi rajtig rengeteget kell dolgoznunk, hogy el\u00e9rj\u00fck a c\u00e9lunkat.<\/p>\n","protected":false},"excerpt":{"rendered":"<div class=\"mh-excerpt\"><p>Csapatunk az Alm\u00e1sf\u00fczit\u0151 SC csapat\u00e1hoz l\u00e1togatott a N\u0151i NB.II Nyugati csoportj\u00e1nak z\u00e1r\u00f3 m\u00e9rk\u0151z\u00e9s\u00e9n ahol \u00f6r\u00f6m\u00fcnkre vend\u00e9g siker sz\u00fcletett! Csapatunk nagy el\u00e1nnal \u00e9s harcikedvel \u00e9rkezett Alm\u00e1sf\u00fczit\u0151re az \u00e9v utols\u00f3 bajnoki m\u00e9rk\u0151z\u00e9s\u00e9re <a class=\"mh-excerpt-more\" href=\"http:\/\/csepelfc.hu\/index.php\/2022\/11\/23\/gyozelemmel-zartuk-az-evet\/\" title=\"Gy\u0151zelemmel z\u00e1rtuk az \u00e9vet.\">[tov\u00e1bb&#8230;]<\/a><\/p>\n<\/div>","protected":false},"author":10257,"featured_media":7829,"comment_status":"closed","ping_status":"open","sticky":false,"template":"","format":"standard","meta":{"jetpack_publicize_message":"","jetpack_is_tweetstorm":false,"jetpack_publicize_feature_enabled":true},"categories":[7],"tags":[],"jetpack_publicize_connections":[],"jetpack_featured_media_url":"http:\/\/csepelfc.hu\/wp-content\/uploads\/2022\/11\/png_20221123_190209_0000.png","jetpack_sharing_enabled":true,"jetpack_shortlink":"https:\/\/wp.me\/p83FEU-22g","_links":{"self":[{"href":"http:\/\/csepelfc.hu\/index.php\/wp-json\/wp\/v2\/posts\/7828"}],"collection":[{"href":"http:\/\/csepelfc.hu\/index.php\/wp-json\/wp\/v2\/posts"}],"about":[{"href":"http:\/\/csepelfc.hu\/index.php\/wp-json\/wp\/v2\/types\/post"}],"author":[{"embeddable":true,"href":"http:\/\/csepelfc.hu\/index.php\/wp-json\/wp\/v2\/users\/10257"}],"replies":[{"embeddable":true,"href":"http:\/\/csepelfc.hu\/index.php\/wp-json\/wp\/v2\/comments?post=7828"}],"version-history":[{"count":2,"href":"http:\/\/csepelfc.hu\/index.php\/wp-json\/wp\/v2\/posts\/7828\/revisions"}],"predecessor-version":[{"id":7831,"href":"http:\/\/csepelfc.hu\/index.php\/wp-json\/wp\/v2\/posts\/7828\/revisions\/7831"}],"wp:featuredmedia":[{"embeddable":true,"href":"http:\/\/csepelfc.hu\/index.php\/wp-json\/wp\/v2\/media\/7829"}],"wp:attachment":[{"href":"http:\/\/csepelfc.hu\/index.php\/wp-json\/wp\/v2\/media?parent=7828"}],"wp:term":[{"taxonomy":"category","embeddable":true,"href":"http:\/\/csepelfc.hu\/index.php\/wp-json\/wp\/v2\/categories?post=7828"},{"taxonomy":"post_tag","embeddable":true,"href":"http:\/\/csepelfc.hu\/index.php\/wp-json\/wp\/v2\/tags?post=7828"}],"curies":[{"name":"wp","href":"https:\/\/api.w.org\/{rel}","templated":true}]}}