{"id":7792,"date":"2022-10-23T14:27:02","date_gmt":"2022-10-23T13:27:02","guid":{"rendered":"http:\/\/csepelfc.hu\/?p=7792"},"modified":"2022-10-23T14:27:56","modified_gmt":"2022-10-23T13:27:56","slug":"magabiztos-hazai-gyozelem","status":"publish","type":"post","link":"http:\/\/csepelfc.hu\/index.php\/2022\/10\/23\/magabiztos-hazai-gyozelem\/","title":{"rendered":"Gy\u0151zelem a halasztott m\u00e9rk\u0151z\u00e9sen."},"content":{"rendered":"<p>Csapatunk a h\u00e9tv\u00e9ge folyam\u00e1n p\u00f3tolta az 5.fordul\u00f3 elhalasztott m\u00e9rk\u0151z\u00e9s\u00e9t a PVSK ellen. Az els\u0151 f\u00e9lid\u0151ben mindk\u00e9t csapat \u00e1lmosk\u00e1san kezdet ami meg is l\u00e1tszodott a j\u00e1t\u00e9kukon. A 11.percben egy 16-oson bel\u00fcli buktat\u00e1s miatt b\u00fcntet\u0151h\u00f6z jutott a PVSK csapata amelyet a vend\u00e9gek j\u00e1t\u00e9kos kihagyott. A 41&#8242; percben K\u00f3kai Krisztina g\u00f3lj\u00e1val megszerezt\u00fck a vezet\u00e9st amivel be is \u00e1ll\u00edtottuk a f\u00e9lidei eredm\u00e9nyt. A m\u00e1sodik f\u00e9lid\u0151re csapatunk egy teljesen m\u00e1s j\u00e1t\u00e9kot mutatott a p\u00e1ly\u00e1n aminek k\u00f6sz\u00f6nhet\u0151en n\u00f6velni tudtuk az el\u0151ny\u00fcnket, Simoncini Paola 63&#8242; percben szerzett g\u00f3lj\u00e1val majd Mony\u00f3k Gr\u00e9ta 65&#8242; percben szerzett tal\u00e1lat\u00e1val amelyhez m\u00e9g hozz\u00e1ad\u00f3dik a cserek\u00e9nt be\u00e1ll\u00f3 Fekete Edina 78&#8242; percben b\u00fcntet\u0151b\u00f6l szerzett tal\u00e1lata. Csapatunk ezzel a gy\u0151zelemmel jav\u00edtani tudta az el\u00f6z\u0151 m\u00e9rk\u0151z\u00e9sen elszenvedett veres\u00e9g\u00e9t \u00e9s b\u00e1tran \u00fcnnepelhett\u00e9k l\u00e1nyaink&nbsp; a hazai sikert.<\/p>\n<p>&nbsp;<\/p>\n<p><strong>Csepel FC &#8211; PVSK 4-0 (1-0)<\/strong><\/p>\n<p><strong>B\u00e9ke t\u00e9r, Csepel Stadion, Jv.: Barta Vikt\u00f3ria <\/strong>(Moln\u00e1r-S\u00e1ska Zs\u00f3fia, Rig\u00f3 Viktoria)<\/p>\n<p><strong>Csepel FC:&nbsp;<\/strong>Forg\u00e1ncs Szimonetta.- Gyolcsos Gy\u00f6ngyi (R\u00e1porti Laura 46&#8242;) &#8211; Kir\u00e1ly Lilla &#8211; Mony\u00f3k Gr\u00e9ta &#8211; Mesterh\u00e1zi Csilla (Simoncini Paola 55&#8242;) &#8211; K\u00f3kai Krisztina &#8211; P\u00e1vel Dominika &#8211; Horv\u00e1th Emese &#8211; Helly Annam\u00e1ria (Gula Eszter 60&#8242;) &#8211; Kir\u00e1ly Ram\u00f3na (Fekete Edina 69&#8242;) &#8211; Janos\u00fctz Evelin.<\/p>\n<p><strong>Vezet\u0151edz\u0151<\/strong>: Kincses Ern\u0151<\/p>\n<p>&nbsp;<\/p>\n<p><strong>PVSK:&nbsp;<\/strong>Vajta Vikt\u00f3ria (Darabont Eszter 69&#8242;) &#8211; R\u00e1cz M\u00e1ria &#8211; Spiel Alexa &#8211; Ferencz \u00c9va &#8211; Makrai Adrienn (Heged\u0171s Al\u00edz 46&#8242;) &#8211; Szab\u00f3 Bernadett &#8211; Bircs\u00e1k Enik\u0151 &#8211; Palka Luca (Sztojka Vir\u00e1g 69&#8242;) &#8211; Farkas J\u00e1zmin (Hock Fanni 69&#8242;) &#8211; Bocz Vir\u00e1g &#8211; Rituper Rachel.<\/p>\n<p><strong>Vezet\u0151edz\u0151:<\/strong> Gy\u0151ri \u00c1kos<\/p>\n<p>&nbsp;<\/p>\n<p><strong>G\u00f3lszerz\u0151k:&nbsp;<\/strong>K\u00f3kai Krisztina 41&#8242; , Simoncini Paola 63&#8242; , Mony\u00f3k Gr\u00e9ta 65&#8242; , Fekete Edina 78&#8242; .<\/p>\n<p>&nbsp;<\/p>\n<p><strong>Kincses Ern\u0151:<\/strong><em> &#8220;Fegyelmezetten \u00e9s szervezetten futballoz\u00f3 ellenfelet siker\u00fclt legy\u0151zn\u00fcnk. A m\u00e1sodik f\u00e9lid\u0151ben m\u00e1r jobban j\u00e1tszottunk, ebben az id\u0151szakban m\u00e1r \u00f6tlet \u00e9s v\u00e1llalkoz\u00f3 kedv is volt j\u00e1t\u00e9kunkban. A cser\u00e9k \u00faj lend\u00fcletet adtak a csapatnak. K\u00fcl\u00f6n \u00f6r\u00fcl\u00f6k K\u00f3kai Krisztina \u00e9s Horv\u00e1th Emese j\u00e1t\u00e9k\u00e1nk.&#8221;<\/em><\/p>\n","protected":false},"excerpt":{"rendered":"<div class=\"mh-excerpt\"><p>Csapatunk a h\u00e9tv\u00e9ge folyam\u00e1n p\u00f3tolta az 5.fordul\u00f3 elhalasztott m\u00e9rk\u0151z\u00e9s\u00e9t a PVSK ellen. Az els\u0151 f\u00e9lid\u0151ben mindk\u00e9t csapat \u00e1lmosk\u00e1san kezdet ami meg is l\u00e1tszodott a j\u00e1t\u00e9kukon. A 11.percben egy 16-oson bel\u00fcli <a class=\"mh-excerpt-more\" href=\"http:\/\/csepelfc.hu\/index.php\/2022\/10\/23\/magabiztos-hazai-gyozelem\/\" title=\"Gy\u0151zelem a halasztott m\u00e9rk\u0151z\u00e9sen.\">[tov\u00e1bb&#8230;]<\/a><\/p>\n<\/div>","protected":false},"author":10257,"featured_media":7793,"comment_status":"closed","ping_status":"open","sticky":false,"template":"","format":"standard","meta":{"jetpack_publicize_message":"","jetpack_is_tweetstorm":false,"jetpack_publicize_feature_enabled":true},"categories":[7],"tags":[],"jetpack_publicize_connections":[],"jetpack_featured_media_url":"http:\/\/csepelfc.hu\/wp-content\/uploads\/2022\/10\/png_20221023_093449_0000.png","jetpack_sharing_enabled":true,"jetpack_shortlink":"https:\/\/wp.me\/p83FEU-21G","_links":{"self":[{"href":"http:\/\/csepelfc.hu\/index.php\/wp-json\/wp\/v2\/posts\/7792"}],"collection":[{"href":"http:\/\/csepelfc.hu\/index.php\/wp-json\/wp\/v2\/posts"}],"about":[{"href":"http:\/\/csepelfc.hu\/index.php\/wp-json\/wp\/v2\/types\/post"}],"author":[{"embeddable":true,"href":"http:\/\/csepelfc.hu\/index.php\/wp-json\/wp\/v2\/users\/10257"}],"replies":[{"embeddable":true,"href":"http:\/\/csepelfc.hu\/index.php\/wp-json\/wp\/v2\/comments?post=7792"}],"version-history":[{"count":2,"href":"http:\/\/csepelfc.hu\/index.php\/wp-json\/wp\/v2\/posts\/7792\/revisions"}],"predecessor-version":[{"id":7795,"href":"http:\/\/csepelfc.hu\/index.php\/wp-json\/wp\/v2\/posts\/7792\/revisions\/7795"}],"wp:featuredmedia":[{"embeddable":true,"href":"http:\/\/csepelfc.hu\/index.php\/wp-json\/wp\/v2\/media\/7793"}],"wp:attachment":[{"href":"http:\/\/csepelfc.hu\/index.php\/wp-json\/wp\/v2\/media?parent=7792"}],"wp:term":[{"taxonomy":"category","embeddable":true,"href":"http:\/\/csepelfc.hu\/index.php\/wp-json\/wp\/v2\/categories?post=7792"},{"taxonomy":"post_tag","embeddable":true,"href":"http:\/\/csepelfc.hu\/index.php\/wp-json\/wp\/v2\/tags?post=7792"}],"curies":[{"name":"wp","href":"https:\/\/api.w.org\/{rel}","templated":true}]}}