{"id":7778,"date":"2022-10-11T18:41:56","date_gmt":"2022-10-11T17:41:56","guid":{"rendered":"http:\/\/csepelfc.hu\/?p=7778"},"modified":"2022-10-11T18:41:58","modified_gmt":"2022-10-11T17:41:58","slug":"magabiztos-hazai-siker","status":"publish","type":"post","link":"http:\/\/csepelfc.hu\/index.php\/2022\/10\/11\/magabiztos-hazai-siker\/","title":{"rendered":"Magabiztos hazai siker!"},"content":{"rendered":"<p>A m\u00faltheti Paksi SE elleni vend\u00e9g siker ut\u00e1n bizakodva v\u00e1rhattuk a N\u0151i NB.II 7.fordul\u00f3j\u00e1nak m\u00e9rk\u0151z\u00e9s\u00e9t ahol a tabella 10.hely\u00e9n \u00e1ll\u00f3 FC Ajka csapat\u00e1t fogadhattuk a B\u00e9ke t\u00e9ri sporttelepen. Ver\u0151f\u00e9nyes naps\u00fct\u00e9s kis\u00e9rte v\u00e9gig az eg\u00e9sz m\u00e9rk\u0151z\u00e9st, ami j\u00f3l hatott csapatunkra. M\u00e1r az els\u0151 percben egym\u00e1snak estek a csapatok aminek meg is lett az eredm\u00e9nye Simoncini Paola g\u00f3lj\u00e1val megszerezt\u00fck a vezet\u00e9st a 32&#8242; percben, \u00edgy csapatunk 1 g\u00f3los el\u0151nnyel hagyhatta el a p\u00e1ly\u00e1t az els\u0151 f\u00e9lid\u0151ben. A m\u00e1sodik j\u00e1t\u00e9kr\u00e9szre is hasonl\u00f3 el\u00e1nnal futottak ki a csapatok a p\u00e1ly\u00e1ra \u00e9s hamar meg is sz\u00fcletett csapatunk m\u00e1sodik tal\u00e1lata N\u00e9meth Andrea l\u00e9v\u00e9n az 51&#8242; percben.&nbsp; Ezek ut\u00e1n Kincses Ern\u0151 vezet\u0151edz\u0151 b\u00e1tran ny\u00falt a cser\u00e9khez akik bizony\u00edtani is tudt\u00e1k r\u00e1termets\u00e9g\u00fcket, t\u00f6bb helyzetet is kidolgoztunk de g\u00f3lra v\u00e1ltani m\u00e1r nem tudtuk azokat, \u00edgy maradt a v\u00e9geredm\u00e9ny 2-0 amivel ism\u00e9telten elk\u00f6nyvelhett\u00fck a 3 pontot. <strong>Nagyban hozz\u00e1j\u00e1rultak siker\u00fcnkh\u00f6z a m\u00e9rk\u0151z\u00e9sre kil\u00e1togat\u00f3 szurkol\u00f3ink akiknek rem\u00e9lj\u00fck mosolyt tudtunk csalni az arcukra!<\/strong><\/p>\n<p>&nbsp;<\/p>\n<p><strong>Csepel FC &#8211; FC Ajka&nbsp; 2-0&nbsp; &nbsp; (1-0)<\/strong><\/p>\n<p><strong>B\u00e9ke t\u00e9r, Csepel Stadion, Jv.:&nbsp;<\/strong>Sov\u00e1ny Liza ( Hajdu P\u00e9ter, Kiss Bor\u00f3ka)<\/p>\n<p>&nbsp;<\/p>\n<p><strong>Csepel FC:&nbsp;<\/strong>Forg\u00e1cs Szimonetta &#8211; Simoncini Paola (Fekete Edina 58&#8242; ) &#8211; Gyolcsos Gy\u00f6ngyi &#8211; Kir\u00e1ly Lilla &#8211; Mony\u00f3k Gr\u00e9ta &#8211; Folk Zsuzsanna &#8211; Mesterh\u00e1zi Csilla (Horv\u00e1th Emese 53&#8242;) &#8211; N\u00e9meth Andrea &#8211; Helly Annam\u00e1ria ( R\u00e1porti Laura 66&#8242;) &#8211; Gula Eszter (P\u00e1vel Dominika 53&#8242;) &#8211; Csolti R\u00e9ka.<\/p>\n<p><strong>Vezet\u0151edz\u0151:&nbsp;<\/strong>Kincses Ern\u0151<\/p>\n<p>&nbsp;<\/p>\n<p>&nbsp;<\/p>\n<p><strong>FC Ajka:&nbsp;<\/strong>Hidi Jennifer &#8211; Hannig Vikt\u00f3ria (Ki\u00e1ll\u00edtva 85&#8242;) &#8211; Schultz Athina &#8211; Bozsoki Klaudia &#8211; Kov\u00e1cs Nikolett ( T\u00f6mb\u00f6l Piroska 77&#8242;) &#8211; Ferencz Brigitta &#8211; Tam\u00e1s-Kov\u00e1cs Bernadett &#8211; Papp Szabina (Balassa Rebeka 66&#8242;) &#8211; Csik Barbara &#8211; Hered Petra &#8211; Vattai Cintia.<\/p>\n<p><strong>Vezet\u0151edz\u0151:<\/strong> Sipos Tam\u00e1s<\/p>\n<p>&nbsp;<\/p>\n<p><strong>G\u00f3lszerz\u0151k:<\/strong> Simoncini Paola 32&#8242; , N\u00e9meth Andrea 51&#8242;<\/p>\n<p><strong>Ki\u00e1ll\u00edtva:&nbsp;<\/strong>Hannig Vikt\u00f3ria 85&#8242; (FC Ajka)<\/p>\n<p>&nbsp;<\/p>\n<p><strong>Kincses Ern\u0151:<\/strong>Gratul\u00e1lok a l\u00e1nyoknak! De a gy\u0151zelmet be\u00e1rny\u00e9kolja, hogy az eddigi 4 komolyabb s\u00e9r\u00fclt\u00fcnkh\u00f6z m\u00e9g 3 j\u00e1t\u00e9kosunk szenvedett s\u00falyosabb s\u00e9r\u00fcl\u00e9st! Rem\u00e9lem a k\u00f6vetkez\u0151 m\u00e9rk\u0151z\u00e9sre lesz 11 bevethet\u0151 j\u00e1t\u00e9kosunk! A l\u00e1nyoknak sok mindennel meg kellett k\u00fczdeni. Sok sok \u00e9vi edz\u0151sk\u00f6d\u00e9s ut\u00e1n \u00f6r\u00fcl\u00f6k, hogy egy eddig \u00e1ltalam nem ismert szab\u00e1lyt ismerhettem meg! K\u00f6sz\u00f6n\u00f6m a j\u00e1t\u00e9kosaimnak, hogy \u0151k v\u00e9gig sportszer\u0171en viselt\u00e9k el a r\u00e1juk t\u00f6bb ir\u00e1nyb\u00f3l \u00e9rkez\u0151 nyom\u00e1st! A szurkol\u00f3inknak aki egyre t\u00f6bben vannak k\u00fcl\u00f6n k\u00f6sz\u00f6n\u00f6m, hogy v\u00e9gig sportszer\u0171en biztattak minket! Ja \u00e9s m\u00e9g annyit szeretn\u00e9k \u00fczeni N\u00e9meth Andinak: Nem is vagy cs\u00fanya!<\/p>\n<p>&nbsp;<\/p>\n<p>&nbsp;<\/p>\n","protected":false},"excerpt":{"rendered":"<div class=\"mh-excerpt\"><p>A m\u00faltheti Paksi SE elleni vend\u00e9g siker ut\u00e1n bizakodva v\u00e1rhattuk a N\u0151i NB.II 7.fordul\u00f3j\u00e1nak m\u00e9rk\u0151z\u00e9s\u00e9t ahol a tabella 10.hely\u00e9n \u00e1ll\u00f3 FC Ajka csapat\u00e1t fogadhattuk a B\u00e9ke t\u00e9ri sporttelepen. Ver\u0151f\u00e9nyes naps\u00fct\u00e9s <a class=\"mh-excerpt-more\" href=\"http:\/\/csepelfc.hu\/index.php\/2022\/10\/11\/magabiztos-hazai-siker\/\" title=\"Magabiztos hazai siker!\">[tov\u00e1bb&#8230;]<\/a><\/p>\n<\/div>","protected":false},"author":10257,"featured_media":7784,"comment_status":"closed","ping_status":"open","sticky":false,"template":"","format":"standard","meta":{"jetpack_publicize_message":"","jetpack_is_tweetstorm":false,"jetpack_publicize_feature_enabled":true},"categories":[7],"tags":[],"jetpack_publicize_connections":[],"jetpack_featured_media_url":"http:\/\/csepelfc.hu\/wp-content\/uploads\/2022\/10\/png_20221011_194230_0000.png","jetpack_sharing_enabled":true,"jetpack_shortlink":"https:\/\/wp.me\/p83FEU-21s","_links":{"self":[{"href":"http:\/\/csepelfc.hu\/index.php\/wp-json\/wp\/v2\/posts\/7778"}],"collection":[{"href":"http:\/\/csepelfc.hu\/index.php\/wp-json\/wp\/v2\/posts"}],"about":[{"href":"http:\/\/csepelfc.hu\/index.php\/wp-json\/wp\/v2\/types\/post"}],"author":[{"embeddable":true,"href":"http:\/\/csepelfc.hu\/index.php\/wp-json\/wp\/v2\/users\/10257"}],"replies":[{"embeddable":true,"href":"http:\/\/csepelfc.hu\/index.php\/wp-json\/wp\/v2\/comments?post=7778"}],"version-history":[{"count":2,"href":"http:\/\/csepelfc.hu\/index.php\/wp-json\/wp\/v2\/posts\/7778\/revisions"}],"predecessor-version":[{"id":7781,"href":"http:\/\/csepelfc.hu\/index.php\/wp-json\/wp\/v2\/posts\/7778\/revisions\/7781"}],"wp:featuredmedia":[{"embeddable":true,"href":"http:\/\/csepelfc.hu\/index.php\/wp-json\/wp\/v2\/media\/7784"}],"wp:attachment":[{"href":"http:\/\/csepelfc.hu\/index.php\/wp-json\/wp\/v2\/media?parent=7778"}],"wp:term":[{"taxonomy":"category","embeddable":true,"href":"http:\/\/csepelfc.hu\/index.php\/wp-json\/wp\/v2\/categories?post=7778"},{"taxonomy":"post_tag","embeddable":true,"href":"http:\/\/csepelfc.hu\/index.php\/wp-json\/wp\/v2\/tags?post=7778"}],"curies":[{"name":"wp","href":"https:\/\/api.w.org\/{rel}","templated":true}]}}