{"id":7773,"date":"2022-10-04T19:09:04","date_gmt":"2022-10-04T18:09:04","guid":{"rendered":"http:\/\/csepelfc.hu\/?p=7773"},"modified":"2022-10-04T19:09:04","modified_gmt":"2022-10-04T18:09:04","slug":"felforgatott-keret-magabiztos-gyozelem-pakson","status":"publish","type":"post","link":"http:\/\/csepelfc.hu\/index.php\/2022\/10\/04\/felforgatott-keret-magabiztos-gyozelem-pakson\/","title":{"rendered":"Felforgatott keret, magabiztos gy\u0151zelem Pakson!"},"content":{"rendered":"<p>Csapatunk Paksra l\u00e1togatott a N\u0151i NB.II Nyugati csoportj\u00e1nak 6.fordul\u00f3j\u00e1ban, ahov\u00e1 b\u00e1r felforgatott kerettel indult \u00fatnak Kincses Ern\u0151 csapata t\u00f6k\u00e9letesen vette az akad\u00e1lyt \u00e9s nem \u00e9rez\u0151d\u00f6tt a s\u00e9r\u00fclt\/beteg j\u00e1t\u00e9kosaink hi\u00e1nya akiknek miel\u0151bbi gy\u00f3gyul\u00e1st k\u00edv\u00e1nunk! M\u00e1r az els\u0151 perct\u0151l fogva domin\u00e1ltak l\u00e1nyaink aminek meg is lett az eredm\u00e9nye az 1. percben Folk Zsuzsi g\u00f3lj\u00e1val megszerezt\u00fck a vezet\u00e9st majd egy f\u00e9l \u00f3r\u00e1s g\u00f3lcsend ut\u00e1n Simoncini Paola g\u00f3lj\u00e1val 2. g\u00f3losra n\u0151velt\u00fck az el\u0151ny\u00fcnket \u00e9s ezzel be\u00e1llItottuk a f\u00e9lidei eredm\u00e9nyt. A m\u00e1sodik f\u00e9lid\u0151ben ugyan akkora el\u00e1nnal futottak ki l\u00e1nyaink a p\u00e1ly\u00e1ra mint az els\u0151 j\u00e1t\u00e9kr\u00e9szben aminek meg is lett az eredm\u00e9nye, Helly Annam\u00e1ria mesterh\u00e1rmast szerzett ezzel be\u00e1llItva a m\u00e9rk\u0151z\u00e9s v\u00e9geredm\u00e9ny\u00e9t! Ezzel a gy\u0151zelemmel megkezdhetj\u00fck a felz\u00e1rk\u00f3z\u00e1st a dobog\u00f3 fel\u00e9.<\/p>\n<p>&nbsp;<\/p>\n<p><strong>Paksi SE \u2013 Csepel FC\u00a0 0-5 (0-2)<\/strong><\/p>\n<p><strong>Paks, Paksi FC Stadion<\/strong>, <strong>Jv.:<\/strong> B\u00e1nyai Dorottya (Top\u00e1lszki Szabina, Papp Roland)<\/p>\n<p><strong>Paksi SE:<\/strong>\u00a0 Lengyel M\u00e1rta.- Debreceni Kata &#8211; Fodor Hargita &#8211; Csere Fabi\u00e1na &#8211; Boda Zs\u00f3fia (Csehi Leila 39&#8242;) &#8211; \u00c9berling Ivett &#8211; Horv\u00e1th Melitta &#8211; Fritz Fanni &#8211; Szil\u00e1gyi Vanessza (Zorics M\u00f3nika 68&#8242;) &#8211; Sajab\u00f3 Bogl\u00e1rka &#8211; Marosi Ildik\u00f3 (Kap\u00e9ter Zo\u00e9 46&#8242;). <strong>Vezet\u0151edz\u0151:<\/strong> Horv\u00e1th Gy\u00f6rgy<\/p>\n<p>&nbsp;<\/p>\n<p><strong>Csepel FC:<\/strong> Forg\u00e1cs Szimonetta. &#8211; Simoncini Paola &#8211; Gyolcsos Gy\u00f6ngyi (R\u00e1porti Laura 53&#8242;) &#8211; Kir\u00e1ly Lilla &#8211; Mony\u00f3k Gr\u00e9ta &#8211; Folk Zsuzsanna (Fekete Edina 46&#8242;) &#8211; Mesterh\u00e1zi Csilla (Gula Eszter 67&#8242;) &#8211; N\u00e9meth Andrea (Kir\u00e1ly Ram\u00f3na 53&#8242;) &#8211; Helly Annam\u00e1ria &#8211; Csolti R\u00e9ka &#8211; Janos\u00fctz Evelin. <strong>Vezet\u0151edz\u0151:<\/strong> Kincses Ern\u0151<\/p>\n<p>&nbsp;<\/p>\n<p><strong>G\u00f3lszerz\u0151k: <\/strong>Folk Zsuzsanna 1&#8242; , Simoncini Paola 32&#8242; , Helly Annam\u00e1ria 59&#8242; , 75&#8242; , 81&#8242; .<\/p>\n<p>&nbsp;<\/p>\n<p><strong>Kincses Ern\u0151:\u00a0<\/strong>Gratul\u00e1lok a csapatnak! K\u00e9t hete komoly betegs\u00e9g hull\u00e1m ment \u00e1t rajtunk. Ma is 8 j\u00e1t\u00e9kosunk nem \u00e1llt rendelkez\u00e9sre s\u00e9r\u00fcl\u00e9s vagy betegs\u00e9g miatt. De ez nem l\u00e1tszott meg a teljes\u00edtm\u00e9ny\u00fcnk\u00f6n, magabiztos j\u00e1t\u00e9kkal m\u00faltuk fel\u00fcl szimpatikus ellenfel\u00fcnket. \u00d6r\u00fcl\u00f6k Janos\u00fctz Evelin bemutatkoz\u00e1s\u00e1nak, nagy er\u0151ss\u00e9ge lesz a csapatnak. Gy\u0151zelm\u00fcnket a csapatkapit\u00e1nyunknak aj\u00e1nlom. Gy\u00f3gyulj meg Kapit\u00e1ny v\u00e1runk vissza !<\/p>\n","protected":false},"excerpt":{"rendered":"<div class=\"mh-excerpt\"><p>Csapatunk Paksra l\u00e1togatott a N\u0151i NB.II Nyugati csoportj\u00e1nak 6.fordul\u00f3j\u00e1ban, ahov\u00e1 b\u00e1r felforgatott kerettel indult \u00fatnak Kincses Ern\u0151 csapata t\u00f6k\u00e9letesen vette az akad\u00e1lyt \u00e9s nem \u00e9rez\u0151d\u00f6tt a s\u00e9r\u00fclt\/beteg j\u00e1t\u00e9kosaink hi\u00e1nya akiknek <a class=\"mh-excerpt-more\" href=\"http:\/\/csepelfc.hu\/index.php\/2022\/10\/04\/felforgatott-keret-magabiztos-gyozelem-pakson\/\" title=\"Felforgatott keret, magabiztos gy\u0151zelem Pakson!\">[tov\u00e1bb&#8230;]<\/a><\/p>\n<\/div>","protected":false},"author":10257,"featured_media":7774,"comment_status":"closed","ping_status":"open","sticky":false,"template":"","format":"standard","meta":{"jetpack_publicize_message":"","jetpack_is_tweetstorm":false,"jetpack_publicize_feature_enabled":true},"categories":[7],"tags":[],"jetpack_publicize_connections":[],"jetpack_featured_media_url":"http:\/\/csepelfc.hu\/wp-content\/uploads\/2022\/10\/png_20221002_193917_0000.png","jetpack_sharing_enabled":true,"jetpack_shortlink":"https:\/\/wp.me\/p83FEU-21n","_links":{"self":[{"href":"http:\/\/csepelfc.hu\/index.php\/wp-json\/wp\/v2\/posts\/7773"}],"collection":[{"href":"http:\/\/csepelfc.hu\/index.php\/wp-json\/wp\/v2\/posts"}],"about":[{"href":"http:\/\/csepelfc.hu\/index.php\/wp-json\/wp\/v2\/types\/post"}],"author":[{"embeddable":true,"href":"http:\/\/csepelfc.hu\/index.php\/wp-json\/wp\/v2\/users\/10257"}],"replies":[{"embeddable":true,"href":"http:\/\/csepelfc.hu\/index.php\/wp-json\/wp\/v2\/comments?post=7773"}],"version-history":[{"count":3,"href":"http:\/\/csepelfc.hu\/index.php\/wp-json\/wp\/v2\/posts\/7773\/revisions"}],"predecessor-version":[{"id":7777,"href":"http:\/\/csepelfc.hu\/index.php\/wp-json\/wp\/v2\/posts\/7773\/revisions\/7777"}],"wp:featuredmedia":[{"embeddable":true,"href":"http:\/\/csepelfc.hu\/index.php\/wp-json\/wp\/v2\/media\/7774"}],"wp:attachment":[{"href":"http:\/\/csepelfc.hu\/index.php\/wp-json\/wp\/v2\/media?parent=7773"}],"wp:term":[{"taxonomy":"category","embeddable":true,"href":"http:\/\/csepelfc.hu\/index.php\/wp-json\/wp\/v2\/categories?post=7773"},{"taxonomy":"post_tag","embeddable":true,"href":"http:\/\/csepelfc.hu\/index.php\/wp-json\/wp\/v2\/tags?post=7773"}],"curies":[{"name":"wp","href":"https:\/\/api.w.org\/{rel}","templated":true}]}}