{"id":773,"date":"2017-04-21T11:38:17","date_gmt":"2017-04-21T10:38:17","guid":{"rendered":"http:\/\/csepelfc.hu\/?p=773"},"modified":"2017-04-21T11:42:25","modified_gmt":"2017-04-21T10:42:25","slug":"hatpontos-meccs-jon-a-kis-vidi-ellen","status":"publish","type":"post","link":"http:\/\/csepelfc.hu\/index.php\/2017\/04\/21\/hatpontos-meccs-jon-a-kis-vidi-ellen\/","title":{"rendered":"&#8220;Nem elv\u00e1rhat\u00f3 a k\u00f6telez\u0151 siker a Vidi II ellen&#8221;"},"content":{"rendered":"<p>A Csepel FC feln\u0151tt labdar\u00fag\u00f3i ism\u00e9t k\u00f6zvetlen riv\u00e1lissal n\u00e9znek farkasszemet vas\u00e1rnap d\u00e9lut\u00e1n, m\u00e9gpedig a Videoton FC II csapat\u00e1val, akik minden bizonnyal ism\u00e9t bevetnek NB I-es visszaj\u00e1tsz\u00f3kat mint tett\u00e9k ezt a k\u00e9t csapat \u0151szi tal\u00e1lkoz\u00f3j\u00e1n. Ennek ellen\u00e9re vagy \u00e9ppen ez\u00e9rt ny\u00edlt sisakkal mehet\u00fcnk harcba ellen\u00fck.<!--more-->Ellenfel\u00fcnk eddigi teljes\u00edtm\u00e9nye igencsak hull\u00e1mz\u00f3, ami k\u00f6sz\u00f6nhet\u0151 az egy\u00fcttes h\u00e9tr\u0151l-h\u00e9tre t\u00f6rt\u00e9n\u0151 meglehet\u0151sen v\u00e1ltozatos \u00f6ssze\u00e1ll\u00edt\u00e1s\u00e1nak. Dv\u00e9ri Zsolt egy\u00fcttese\u00a0legut\u00f3bb m\u00e1rcius 19-\u00e9n\u00a0a Di\u00f3sd ellen nyert\u00a0\u00a0&#8211; az\u00f3ta viszont g\u00f3lt sem siker\u00fclt el\u00e9rni\u00fck. Az \u0151szi idegenbeli\u00a0\u00f6sszecsap\u00e1sunkon az akkor m\u00e9g Disztl L\u00e1szl\u00f3 ir\u00e1ny\u00edtotta\u00a0Vidi II,\u00a0k\u00e9t v\u00e1logatott labdar\u00fag\u00f3val a soraiban\u00a0csup\u00e1n 1:0- s sikert k\u00f6nyvelhetett el egy 79. percben Kondor Krist\u00f3f \u00e1ltal szerzett\u00a0tal\u00e1lattal.<\/p>\n<p>A feh\u00e9rv\u00e1riak jelenleg a 10. helyet foglalj\u00e1k el 34 ponttal 10-4-12-es m\u00e9rleggel, s idegenben nem \u00e1llnak valami f\u00e9nyesen, ott 1-2-9 a mutat\u00f3juk, csak a Kom\u00e1rom otthon\u00e1b\u00f3l hozt\u00e1k el a pontokat (1:4), a Gyirm\u00f3t II \u00e9s a S\u00e1rv\u00e1r vend\u00e9gek\u00e9nt pedig egy-egy pontra futotta erej\u00fckb\u0151l. Legnagyobb zak\u00f3jukat a Kaposv\u00e1r otthon\u00e1ban m\u00e9rt\u00e9k r\u00e1juk (6:0), de a Honv\u00e9d- MFA\u00a0is alaposan\u00a0megterhelte \u0151ket (5:0), \u00e9s Gy\u0151ri ETO is ber\u00e1molt nekik 4-et. Az el\u0151z\u0151 j\u00e1t\u00e9knapon a S\u00e1rv\u00e1r ellen j\u00e1tszottak 0:0-s d\u00f6ntetlent odahaza, k\u00e9t fiatal idegenl\u00e9gi\u00f3sukkal a soraikban. A mieink form\u00e1ja adhat okot n\u00e9mi bizakod\u00e1sra,\u00a0a Veszpr\u00e9m elleni tal\u00e1lkoz\u00f3 \u00f3ta eltelt id\u0151ben h\u00e1rom bajnoki tal\u00e1lkoz\u00f3nkat hoztuk le veres\u00e9g n\u00e9lk\u00fcl,\u00a0amivel folytathatjuk a harcot a bennmarad\u00e1s\u00e9rt. A tal\u00e1lkoz\u00f3 \u00e1prilis 23-\u00e1n, vas\u00e1rnap 17 \u00f3rakor lesz a Csepel Stadionban, a m\u00e9rk\u0151z\u00e9st Jakab \u00c1rp\u00e1d vezeti, seg\u00edt\u0151i K\u00f6v\u00e9r Tam\u00e1s \u00e9s Szab\u00f3 Ferenc Szil\u00e1rd lesznek.<\/p>\n<p><strong>Gabala Kriszti\u00e1n szakmai vezet\u0151:<\/strong> &#8211; Senki sem v\u00e1rhatja el t\u0151l\u00fcnk, hogy az els\u0151 oszt\u00e1lyb\u00f3l meger\u0151s\u00edtett Videoton ellen k\u00f6telez\u0151 gy\u0151zelmet arassunk, viszont azt mindenki\u00a0\u00e1t\u00e9rezheti, hogy fontos m\u00e9rk\u0151z\u00e9s v\u00e1r r\u00e1nk. Ennek megfelel\u0151en kell hozz\u00e1\u00e1llni \u00e9s mindent megtenni annak \u00e9rdek\u00e9ben, hogy eredm\u00e9nyesen, felemelt fejjel hagyjuk el a p\u00e1ly\u00e1t a 90 percet k\u00f6vet\u0151en.<\/p>\n","protected":false},"excerpt":{"rendered":"<div class=\"mh-excerpt\"><p>A Csepel FC feln\u0151tt labdar\u00fag\u00f3i ism\u00e9t k\u00f6zvetlen riv\u00e1lissal n\u00e9znek farkasszemet vas\u00e1rnap d\u00e9lut\u00e1n, m\u00e9gpedig a Videoton FC II csapat\u00e1val, akik minden bizonnyal ism\u00e9t bevetnek NB I-es visszaj\u00e1tsz\u00f3kat mint tett\u00e9k ezt a <a class=\"mh-excerpt-more\" href=\"http:\/\/csepelfc.hu\/index.php\/2017\/04\/21\/hatpontos-meccs-jon-a-kis-vidi-ellen\/\" title=\"&#8220;Nem elv\u00e1rhat\u00f3 a k\u00f6telez\u0151 siker a Vidi II ellen&#8221;\">[tov\u00e1bb&#8230;]<\/a><\/p>\n<\/div>","protected":false},"author":4,"featured_media":774,"comment_status":"closed","ping_status":"open","sticky":false,"template":"","format":"standard","meta":{"jetpack_publicize_message":"","jetpack_is_tweetstorm":false,"jetpack_publicize_feature_enabled":true},"categories":[1,7],"tags":[],"jetpack_publicize_connections":[],"jetpack_featured_media_url":"http:\/\/csepelfc.hu\/wp-content\/uploads\/2017\/04\/Csepel-VidiII.jpg","jetpack_sharing_enabled":true,"jetpack_shortlink":"https:\/\/wp.me\/p83FEU-ct","_links":{"self":[{"href":"http:\/\/csepelfc.hu\/index.php\/wp-json\/wp\/v2\/posts\/773"}],"collection":[{"href":"http:\/\/csepelfc.hu\/index.php\/wp-json\/wp\/v2\/posts"}],"about":[{"href":"http:\/\/csepelfc.hu\/index.php\/wp-json\/wp\/v2\/types\/post"}],"author":[{"embeddable":true,"href":"http:\/\/csepelfc.hu\/index.php\/wp-json\/wp\/v2\/users\/4"}],"replies":[{"embeddable":true,"href":"http:\/\/csepelfc.hu\/index.php\/wp-json\/wp\/v2\/comments?post=773"}],"version-history":[{"count":5,"href":"http:\/\/csepelfc.hu\/index.php\/wp-json\/wp\/v2\/posts\/773\/revisions"}],"predecessor-version":[{"id":779,"href":"http:\/\/csepelfc.hu\/index.php\/wp-json\/wp\/v2\/posts\/773\/revisions\/779"}],"wp:featuredmedia":[{"embeddable":true,"href":"http:\/\/csepelfc.hu\/index.php\/wp-json\/wp\/v2\/media\/774"}],"wp:attachment":[{"href":"http:\/\/csepelfc.hu\/index.php\/wp-json\/wp\/v2\/media?parent=773"}],"wp:term":[{"taxonomy":"category","embeddable":true,"href":"http:\/\/csepelfc.hu\/index.php\/wp-json\/wp\/v2\/categories?post=773"},{"taxonomy":"post_tag","embeddable":true,"href":"http:\/\/csepelfc.hu\/index.php\/wp-json\/wp\/v2\/tags?post=773"}],"curies":[{"name":"wp","href":"https:\/\/api.w.org\/{rel}","templated":true}]}}