{"id":765,"date":"2017-04-20T13:05:34","date_gmt":"2017-04-20T12:05:34","guid":{"rendered":"http:\/\/csepelfc.hu\/?p=765"},"modified":"2017-04-20T13:09:55","modified_gmt":"2017-04-20T12:09:55","slug":"gyasz-elhunyt-kelemen-gusztav","status":"publish","type":"post","link":"http:\/\/csepelfc.hu\/index.php\/2017\/04\/20\/gyasz-elhunyt-kelemen-gusztav\/","title":{"rendered":"Gy\u00e1sz: elhunyt Kelemen Guszt\u00e1v"},"content":{"rendered":"<p>Ism\u00e9t komoly vesztes\u00e9g \u00e9rte a csepeli labdar\u00fag\u00f3 csal\u00e1dot: \u00e9let\u00e9nek 61. \u00e9v\u00e9ben tragikus hirtelens\u00e9ggel elhunyt Kelemen Guszt\u00e1v a Csepel SC, kor\u00e1bban pedig a Ferencv\u00e1ros kiv\u00e1l\u00f3 labdar\u00fag\u00f3ja. A sportember\u00a0hamvaszt\u00e1s ut\u00e1ni b\u00facs\u00faztat\u00e1sa\u00a02017. \u00e1prilis 29-\u00e9n lesz &#8211; adta h\u00edr\u00fcl a tempofradi.hu internetes oldal.<!--more-->Az 1956. szeptember 2-\u00e1n sz\u00fcletett jobbsz\u00e9ls\u0151\u00a0a Ferencv\u00e1ros saj\u00e1t nevel\u00e9s\u0171 j\u00e1t\u00e9kosa volt. 1974-ben ifj\u00fas\u00e1gi bajnoki c\u00edmet szereztek, ekkor ker\u00fclt v\u00e9gleg az els\u0151 csapathoz olyanokkal, mint: Ebedli, Nyilasi, Viczk\u00f3, Tak\u00e1cs, Onhausz, Rab. Ezzel a csapattal v\u00e1gtak neki az 1974\u20131975-\u00f6s KEK szezonnak, ahol a d\u00f6nt\u0151ig meneteltek. A k\u00f6vetkez\u0151 id\u00e9nyben bajnokok \u00e9s kupagy\u0151ztesek lettek, majd\u00a01978-ban sorkatonai szolg\u00e1lata idej\u00e9re a H. Szab\u00f3 Lajos SE j\u00e1t\u00e9kosa lett. Innen ker\u00fclt Csepelre, ahol p\u00e1lyafut\u00e1sa v\u00e9g\u00e9ig \u2013 1987-ig j\u00e1tszott. Csepelen a legjobb eredm\u00e9nye az 1983-ban el\u00e9rt bajnoki 4. hely volt, k\u00e9k-pirosban 162 m\u00e9rk\u0151z\u00e9sen 13-szor volt eredm\u00e9nyes.\u00a0A magyar v\u00e1logatottba is Csepelr\u0151l ker\u00fclt: az olimpiai csapatban 6- szor kapott szerepet Mezey Gy\u00f6rgyt\u0151l, a nemzeti tizenegyben egyszer j\u00e1tszott, 1982-ben a franci\u00e1k elleni, idegenben 1:0-ra elvesz\u00edtett\u00a0bar\u00e1ts\u00e1gos tal\u00e1lkoz\u00f3n h\u00fazta mag\u00e1ra a v\u00e1logatott szerel\u00e9st. Ott a Katzirz B\u00e9la \u2013 P\u00e9ter Zolt\u00e1n (Fazekas L\u00e1szl\u00f3\u00a085 &#8216;), Kerekes Attila , Garaba Imre, T\u00f3th J\u00f3zsef, Hannich P\u00e9ter, P\u00f3czik J\u00f3zsef (Csap\u00f3 K\u00e1roly), Burcsa Gy\u0151z\u0151, Borosty\u00e1n Mih\u00e1ly (<b>Kelemen Guszt\u00e1v 85 <\/b>&#8216;), Szentes L\u00e1z\u00e1r (T\u00f6r\u0151csik Andr\u00e1s 68 &#8216;) Hajsz\u00e1n Gyula \u00f6ssze\u00e1ll\u00edt\u00e1sban l\u00e9pett p\u00e1l\u00e1yra csapatunk, a sz\u00f6vets\u00e9gi kapit\u00e1ny M\u00e9sz\u00f6ly K\u00e1lm\u00e1n volt. Ebben az id\u0151ben a Kov\u00e1cs A. &#8211; Kincses, Elekes, K\u0151halmi, G\u00e1lhidi &#8211; Kelemen, M\u00e9sz\u00f6ly, Lazs\u00e1nyi, &#8211; Tulip\u00e1n, D\u00e9k\u00e1ny, Budav\u00e1ri f\u00e9mjelezte egy\u00fcttesben alapembernek sz\u00e1m\u00edtott.<\/p>\n<p>Labdar\u00fag\u00f3 p\u00e1lyafut\u00e1sa ut\u00e1n alacsonyabb oszt\u00e1lyban edz\u0151sk\u00f6d\u00f6tt, de dolgozott feln\u0151tt csapat vezet\u0151edz\u0151jek\u00e9nt is, \u00e9s megfordult ut\u00e1np\u00f3tl\u00e1s csapatok mellett is.<\/p>\n<p>Isten nyugosztalja!<\/p>\n<div><\/div>\n<div><\/div>\n<p><span style=\"font-size: 16.0pt; line-height: 115%; font-family: 'Times New Roman','serif';\"><span style=\"color: #000000;\">\u00a0<\/span><\/span><\/p>\n","protected":false},"excerpt":{"rendered":"<div class=\"mh-excerpt\"><p>Ism\u00e9t komoly vesztes\u00e9g \u00e9rte a csepeli labdar\u00fag\u00f3 csal\u00e1dot: \u00e9let\u00e9nek 61. \u00e9v\u00e9ben tragikus hirtelens\u00e9ggel elhunyt Kelemen Guszt\u00e1v a Csepel SC, kor\u00e1bban pedig a Ferencv\u00e1ros kiv\u00e1l\u00f3 labdar\u00fag\u00f3ja. A sportember\u00a0hamvaszt\u00e1s ut\u00e1ni b\u00facs\u00faztat\u00e1sa\u00a02017. \u00e1prilis <a class=\"mh-excerpt-more\" href=\"http:\/\/csepelfc.hu\/index.php\/2017\/04\/20\/gyasz-elhunyt-kelemen-gusztav\/\" title=\"Gy\u00e1sz: elhunyt Kelemen Guszt\u00e1v\">[tov\u00e1bb&#8230;]<\/a><\/p>\n<\/div>","protected":false},"author":4,"featured_media":768,"comment_status":"closed","ping_status":"open","sticky":false,"template":"","format":"standard","meta":{"jetpack_publicize_message":"","jetpack_is_tweetstorm":false,"jetpack_publicize_feature_enabled":true},"categories":[1,7],"tags":[],"jetpack_publicize_connections":[],"jetpack_featured_media_url":"http:\/\/csepelfc.hu\/wp-content\/uploads\/2017\/04\/KelemenGusztigyszk..jpg","jetpack_sharing_enabled":true,"jetpack_shortlink":"https:\/\/wp.me\/p83FEU-cl","_links":{"self":[{"href":"http:\/\/csepelfc.hu\/index.php\/wp-json\/wp\/v2\/posts\/765"}],"collection":[{"href":"http:\/\/csepelfc.hu\/index.php\/wp-json\/wp\/v2\/posts"}],"about":[{"href":"http:\/\/csepelfc.hu\/index.php\/wp-json\/wp\/v2\/types\/post"}],"author":[{"embeddable":true,"href":"http:\/\/csepelfc.hu\/index.php\/wp-json\/wp\/v2\/users\/4"}],"replies":[{"embeddable":true,"href":"http:\/\/csepelfc.hu\/index.php\/wp-json\/wp\/v2\/comments?post=765"}],"version-history":[{"count":3,"href":"http:\/\/csepelfc.hu\/index.php\/wp-json\/wp\/v2\/posts\/765\/revisions"}],"predecessor-version":[{"id":770,"href":"http:\/\/csepelfc.hu\/index.php\/wp-json\/wp\/v2\/posts\/765\/revisions\/770"}],"wp:featuredmedia":[{"embeddable":true,"href":"http:\/\/csepelfc.hu\/index.php\/wp-json\/wp\/v2\/media\/768"}],"wp:attachment":[{"href":"http:\/\/csepelfc.hu\/index.php\/wp-json\/wp\/v2\/media?parent=765"}],"wp:term":[{"taxonomy":"category","embeddable":true,"href":"http:\/\/csepelfc.hu\/index.php\/wp-json\/wp\/v2\/categories?post=765"},{"taxonomy":"post_tag","embeddable":true,"href":"http:\/\/csepelfc.hu\/index.php\/wp-json\/wp\/v2\/tags?post=765"}],"curies":[{"name":"wp","href":"https:\/\/api.w.org\/{rel}","templated":true}]}}