{"id":7547,"date":"2022-06-24T11:46:12","date_gmt":"2022-06-24T10:46:12","guid":{"rendered":"http:\/\/csepelfc.hu\/?p=7547"},"modified":"2022-06-24T11:47:11","modified_gmt":"2022-06-24T10:47:11","slug":"blsz-i-oriasi-kudarc-harmadjara-is-masodiknak-lenni","status":"publish","type":"post","link":"http:\/\/csepelfc.hu\/index.php\/2022\/06\/24\/blsz-i-oriasi-kudarc-harmadjara-is-masodiknak-lenni\/","title":{"rendered":"BLSZ I.: &#8220;\u00d3ri\u00e1si kudarc harmadj\u00e1ra is m\u00e1sodiknak lenni!&#8221;"},"content":{"rendered":"<p>Feln\u0151tt f\u00e9rfi egy\u00fcttes\u00fcnknek sajnos megint nem siker\u00fclt az oszt\u00e1lyl\u00e9p\u00e9s. R\u00e1ad\u00e1sul egy olyan csapat m\u00f6g\u00f6tt v\u00e9gezt\u00fcnk veretlen\u00fcl, melyet hazai p\u00e1ly\u00e1n sim\u00e1n fel\u00fclm\u00faltunk, \u00edgy dupl\u00e1n keser\u0171 a v\u00e9geredm\u00e9ny.<!--more--><\/p>\n<p>Tak\u00e1cs Kriszti\u00e1n a csapat vezet\u0151edz\u0151je a veretlen\u00fcl megv\u00edvott bajnoki meccsek \u00e9rt\u00e9kel\u00e9se tekintet\u00e9ben sem titkolta csal\u00f3dotts\u00e1g\u00e1t&#8230;<\/p>\n<p>&#8211; <em>\u00d3ri\u00e1si kudarc harmadj\u00e1ra is m\u00e1sodiknak lenni, hi\u00e1ba gondoljuk \u00e9s a sz\u00edv\u00fcnkre tett k\u00e9zzel mondjuk hogy mi megtett\u00fcnk mindent! A l\u00e9nyeg: megm\u00e9rett\u00fcnk \u00e9s k\u00f6nny\u0171nek tal\u00e1ltattunk!\u00a0 <\/em><em>A Csepel FC \u00e9let\u00e9ben nem volt m\u00e9g ilyen fontos a bajnoki szerepl\u00e9s, ez az eredm\u00e9ny nagyban hozz\u00e1j\u00e1rult a klub ilyen form\u00e1ban t\u00f6rt\u00e9n\u0151 megsz\u0171n\u00e9s\u00e9hez. Sok sikert az ut\u00e1nunk k\u00f6vetkez\u0151knek, rem\u00e9lhet\u0151leg nem \u00fctk\u00f6znek olyan akad\u00e1lyokba mint mi az elm\u00falt 20 \u00e9vben. Tov\u00e1bbra is Hajr\u00e1 Csepel!<\/em><\/p>\n","protected":false},"excerpt":{"rendered":"<div class=\"mh-excerpt\"><p>Feln\u0151tt f\u00e9rfi egy\u00fcttes\u00fcnknek sajnos megint nem siker\u00fclt az oszt\u00e1lyl\u00e9p\u00e9s. R\u00e1ad\u00e1sul egy olyan csapat m\u00f6g\u00f6tt v\u00e9gezt\u00fcnk veretlen\u00fcl, melyet hazai p\u00e1ly\u00e1n sim\u00e1n fel\u00fclm\u00faltunk, \u00edgy dupl\u00e1n keser\u0171 a v\u00e9geredm\u00e9ny.<\/p>\n<\/div>","protected":false},"author":4,"featured_media":4207,"comment_status":"closed","ping_status":"open","sticky":false,"template":"","format":"standard","meta":{"jetpack_publicize_message":"","jetpack_is_tweetstorm":false,"jetpack_publicize_feature_enabled":true},"categories":[1,7],"tags":[],"jetpack_publicize_connections":[],"jetpack_featured_media_url":"http:\/\/csepelfc.hu\/wp-content\/uploads\/2019\/05\/Takis2.jpg","jetpack_sharing_enabled":true,"jetpack_shortlink":"https:\/\/wp.me\/p83FEU-1XJ","_links":{"self":[{"href":"http:\/\/csepelfc.hu\/index.php\/wp-json\/wp\/v2\/posts\/7547"}],"collection":[{"href":"http:\/\/csepelfc.hu\/index.php\/wp-json\/wp\/v2\/posts"}],"about":[{"href":"http:\/\/csepelfc.hu\/index.php\/wp-json\/wp\/v2\/types\/post"}],"author":[{"embeddable":true,"href":"http:\/\/csepelfc.hu\/index.php\/wp-json\/wp\/v2\/users\/4"}],"replies":[{"embeddable":true,"href":"http:\/\/csepelfc.hu\/index.php\/wp-json\/wp\/v2\/comments?post=7547"}],"version-history":[{"count":2,"href":"http:\/\/csepelfc.hu\/index.php\/wp-json\/wp\/v2\/posts\/7547\/revisions"}],"predecessor-version":[{"id":7549,"href":"http:\/\/csepelfc.hu\/index.php\/wp-json\/wp\/v2\/posts\/7547\/revisions\/7549"}],"wp:featuredmedia":[{"embeddable":true,"href":"http:\/\/csepelfc.hu\/index.php\/wp-json\/wp\/v2\/media\/4207"}],"wp:attachment":[{"href":"http:\/\/csepelfc.hu\/index.php\/wp-json\/wp\/v2\/media?parent=7547"}],"wp:term":[{"taxonomy":"category","embeddable":true,"href":"http:\/\/csepelfc.hu\/index.php\/wp-json\/wp\/v2\/categories?post=7547"},{"taxonomy":"post_tag","embeddable":true,"href":"http:\/\/csepelfc.hu\/index.php\/wp-json\/wp\/v2\/tags?post=7547"}],"curies":[{"name":"wp","href":"https:\/\/api.w.org\/{rel}","templated":true}]}}