{"id":7539,"date":"2022-06-19T11:48:53","date_gmt":"2022-06-19T10:48:53","guid":{"rendered":"http:\/\/csepelfc.hu\/?p=7539"},"modified":"2022-06-19T11:50:28","modified_gmt":"2022-06-19T10:50:28","slug":"lany-u19-varakozason-felul-teljesitettunk","status":"publish","type":"post","link":"http:\/\/csepelfc.hu\/index.php\/2022\/06\/19\/lany-u19-varakozason-felul-teljesitettunk\/","title":{"rendered":"L\u00e1ny U19: &#8220;v\u00e1rakoz\u00e1son fel\u00fcl teljes\u00edtett\u00fcnk&#8221;"},"content":{"rendered":"<p>Folytatjuk a Csepel FC koroszt\u00e1lyos csapatainak \u00e9rt\u00e9kel\u00e9s\u00e9t, ahol ez\u00fattal a l\u00e1ny U19- es egy\u00fcttes bajnoki teljes\u00edtm\u00e9nye ker\u00fclt g\u00f3rcs\u0151 al\u00e1.<!--more--><\/p>\n<p>A csapat vezet\u0151edz\u0151je Horv\u00e1th Emese (aki nem mellesleg a feln\u0151tt n\u0151i NBII- es csapatunk egyik oszlopos tagja) folyamatos fejl\u0151d\u00e9st l\u00e1tott a 2021\/2022- es bajnoks\u00e1gban, igaz van m\u00e9g hova tov\u00e1bb is fejl\u0151dni.<\/p>\n<p><em>&#8211; Kijelenthetem, hogy v\u00e1rakoz\u00e1son fel\u00fcl teljes\u00edtett\u00fcnk ebben a szezonban, ami t\u00f6bbek k\u00f6z\u00f6tt k\u00f6sz\u00f6nhet\u0151 a CSUSE n\u0151i szak\u00e1g\u00e1val t\u00f6rt\u00e9nt f\u00fazi\u00f3nak, az \u00faj igazol\u00e1soknak, de legf\u0151k\u00e9pp az id\u0151k\u00f6zben kialakult remek csapatszellemnek<\/em> &#8211; kezdte \u00e9rt\u00e9kel\u00e9s\u00e9t a vezet\u0151edz\u0151. <em>Amit \u00f6r\u00f6mmel l\u00e1ttam, hogy felt\u00e9tel n\u00e9lk\u00fcl, nagyot k\u00fczd\u00f6ttek egym\u00e1s\u00e9rt a l\u00e1nyok minden bajnoki m\u00e9rk\u0151z\u00e9sen.<\/em><\/p>\n<p>&#8211; Mi a csapat er\u0151ss\u00e9ge, miben kell, lehetne fejl\u0151dni?<\/p>\n<p>&#8211; <em>Legink\u00e1bb a m\u00e1r eml\u00edtett kiv\u00e1l\u00f3 csapatszellem jelenti az er\u0151ss\u00e9get. Ebben az id\u00e9nyben a futballon k\u00edv\u00fcl \u00faj bar\u00e1ts\u00e1gok sz\u00fclettek \u00e9s egy \u00f6sszetart\u00f3 kis k\u00f6z\u00f6ss\u00e9g alakult ki a B\u00e9ke t\u00e9ren, ami \u00fajabb t\u00e1vlatokat nyithat meg a csepeli n\u0151i labdar\u00fag\u00e1st illet\u0151en. Fejl\u0151dn\u00fcnk a kitart\u00e1sban kellene tov\u00e1bb, ez igen fontos, mondhatni alapvet\u0151 t\u00e9nyez\u0151 a labdar\u00fag\u00e1sban<\/em>. <em>A l\u00e1nyok fokozatosan most kezdik megtapasztalni, hogy h\u00e1tr\u00e1nyb\u00f3l is k\u00e9pesek talpra \u00e1llni \u00e9s alkalomadt\u00e1n m\u00e1r k\u00e9pesek a javukra ford\u00edtani a m\u00e9rk\u0151z\u00e9s v\u00e9gkimenetel\u00e9t. Ehhez azonban nagyon kell az a bizonyos, v\u00e9gs\u0151kig t\u00f6rt\u00e9n\u0151 kitart\u00e1s, lelkesed\u00e9s.<\/em><\/p>\n","protected":false},"excerpt":{"rendered":"<div class=\"mh-excerpt\"><p>Folytatjuk a Csepel FC koroszt\u00e1lyos csapatainak \u00e9rt\u00e9kel\u00e9s\u00e9t, ahol ez\u00fattal a l\u00e1ny U19- es egy\u00fcttes bajnoki teljes\u00edtm\u00e9nye ker\u00fclt g\u00f3rcs\u0151 al\u00e1.<\/p>\n<\/div>","protected":false},"author":4,"featured_media":7330,"comment_status":"closed","ping_status":"open","sticky":false,"template":"","format":"standard","meta":{"jetpack_publicize_message":"","jetpack_is_tweetstorm":false,"jetpack_publicize_feature_enabled":true},"categories":[1,3],"tags":[],"jetpack_publicize_connections":[],"jetpack_featured_media_url":"http:\/\/csepelfc.hu\/wp-content\/uploads\/2022\/04\/KISE-Csepel.jpg","jetpack_sharing_enabled":true,"jetpack_shortlink":"https:\/\/wp.me\/p83FEU-1XB","_links":{"self":[{"href":"http:\/\/csepelfc.hu\/index.php\/wp-json\/wp\/v2\/posts\/7539"}],"collection":[{"href":"http:\/\/csepelfc.hu\/index.php\/wp-json\/wp\/v2\/posts"}],"about":[{"href":"http:\/\/csepelfc.hu\/index.php\/wp-json\/wp\/v2\/types\/post"}],"author":[{"embeddable":true,"href":"http:\/\/csepelfc.hu\/index.php\/wp-json\/wp\/v2\/users\/4"}],"replies":[{"embeddable":true,"href":"http:\/\/csepelfc.hu\/index.php\/wp-json\/wp\/v2\/comments?post=7539"}],"version-history":[{"count":2,"href":"http:\/\/csepelfc.hu\/index.php\/wp-json\/wp\/v2\/posts\/7539\/revisions"}],"predecessor-version":[{"id":7542,"href":"http:\/\/csepelfc.hu\/index.php\/wp-json\/wp\/v2\/posts\/7539\/revisions\/7542"}],"wp:featuredmedia":[{"embeddable":true,"href":"http:\/\/csepelfc.hu\/index.php\/wp-json\/wp\/v2\/media\/7330"}],"wp:attachment":[{"href":"http:\/\/csepelfc.hu\/index.php\/wp-json\/wp\/v2\/media?parent=7539"}],"wp:term":[{"taxonomy":"category","embeddable":true,"href":"http:\/\/csepelfc.hu\/index.php\/wp-json\/wp\/v2\/categories?post=7539"},{"taxonomy":"post_tag","embeddable":true,"href":"http:\/\/csepelfc.hu\/index.php\/wp-json\/wp\/v2\/tags?post=7539"}],"curies":[{"name":"wp","href":"https:\/\/api.w.org\/{rel}","templated":true}]}}