{"id":7529,"date":"2022-06-15T07:42:25","date_gmt":"2022-06-15T06:42:25","guid":{"rendered":"http:\/\/csepelfc.hu\/?p=7529"},"modified":"2022-06-15T07:42:25","modified_gmt":"2022-06-15T06:42:25","slug":"noi-nb-ii-az-elert-5-hely-teljesen-realis","status":"publish","type":"post","link":"http:\/\/csepelfc.hu\/index.php\/2022\/06\/15\/noi-nb-ii-az-elert-5-hely-teljesen-realis\/","title":{"rendered":"N\u0151i NB II:  &#8220;az el\u00e9rt 5. hely teljesen re\u00e1lis&#8221;"},"content":{"rendered":"<p>Magasra tette a l\u00e9cet a Csepel FC NBII- es n\u0151i labdar\u00fag\u00f3csapata, a h\u00f6lgyek ugyanis mindj\u00e1rt az els\u0151 szezonjukban jelezt\u00e9k, hogy bizony sz\u00e1molni kell vel\u00fck az \u00e9lmez\u0151nyben.<!--more--><\/p>\n<p>Kincses Ern\u0151 a csapat vezet\u0151edz\u0151je \u00e9rt\u00e9kelte a magunk m\u00f6g\u00f6tt hagyott bajnoki \u00e9vadot.<\/p>\n<p>&#8211; <em>A bajnoks\u00e1g el\u0151tt a vezet\u0151s\u00e9g azt k\u00e9rte, hogy olyan csapatot alak\u00edtsunk ki amire a j\u00f6v\u0151 szezonban \u00e9p\u00edteni tudunk. Ez siker\u00fclt, meg van az alap de van m\u00e9g hova fejl\u0151dn\u00fcnk. Az el\u00e9rt 5. hely teljesen re\u00e1lis &#8211; <\/em>kezdte a csapat \u00e9rt\u00e9kel\u00e9s\u00e9t a l\u00e1nyok mestere.<\/p>\n<p>Arra a k\u00e9rd\u00e9sre, hogy miben rejlik legink\u00e1bb a csapat er\u0151ss\u00e9ge, pedig \u00edgy reag\u00e1lt: &#8211; <em>A CSAPATBAN! (\u00edgy nagybet\u0171vel)\u00a0 Van egy el\u00e9g komoly magja a g\u00e1rd\u00e1nak \u00e9s ezek a j\u00e1t\u00e9kosok mind a p\u00e1ly\u00e1n mind azon k\u00edv\u00fcl vezetik a csapatunkat!<\/em><\/p>\n<p>&#8211; Miben kell m\u00e9g legink\u00e1bb fejl\u0151dni, kik voltak akik legink\u00e1bb kiemelkedtek a bajnoks\u00e1g sor\u00e1n?<\/p>\n<p>&#8211; <em>A t\u00e1mad\u00f3 j\u00e1t\u00e9kunkat kell er\u0151s\u00edteni. Oda kellenek m\u00e9g karakterek. Sajnos kev\u00e9s a min\u0151s\u00e9gi t\u00e1mad\u00f3nk. A fiatalokban nagyon b\u00edzom, benn\u00fck van a megold\u00e1s a probl\u00e9m\u00e1kra. T\u00f6bb j\u00e1t\u00e9kosunk l\u00e9pett el\u0151re: Veress Gab\u00f3, Mony\u00f3k Gr\u00e9ta, Kir\u00e1ly Fanni, azok a fiatalok akiben rengeteg potenci\u00e1l van \u00e9s ebben a szezonban t\u00f6bbsz\u00f6r is bizony\u00edtott\u00e1k, hogy m\u00e1r alapembernek sz\u00e1m\u00edtanak! Laskovics Eszter s\u00falyos s\u00e9r\u00fcl\u00e9se miatt nem \u00e1llhatott rendelkez\u00e9sre tavasszal az \u0151 hi\u00e1nya nagyon megl\u00e1tszott a csapaton. Nagyon v\u00e1rom, v\u00e1rjuk \u0151t vissza. A t\u00e9li igazol\u00e1sok k\u00f6z\u00fcl Folk Zsuzsi \u00e9s Kir\u00e1ly Rami bizony\u00edtotta, hogy \u0151k nagyon sokat tudnak seg\u00edteni a csapaton. A K\u00f3kai Krisztina, Horv\u00e1th Emese, P\u00e1vel Dominika, Forg\u00e1cs Szimonetta, Helly Annam\u00e1ria eg\u00e9sz szezonban megnyugtat\u00f3 teljes\u00edtm\u00e9nyt ny\u00fajtott.<\/em><\/p>\n","protected":false},"excerpt":{"rendered":"<div class=\"mh-excerpt\"><p>Magasra tette a l\u00e9cet a Csepel FC NBII- es n\u0151i labdar\u00fag\u00f3csapata, a h\u00f6lgyek ugyanis mindj\u00e1rt az els\u0151 szezonjukban jelezt\u00e9k, hogy bizony sz\u00e1molni kell vel\u00fck az \u00e9lmez\u0151nyben.<\/p>\n<\/div>","protected":false},"author":4,"featured_media":7530,"comment_status":"closed","ping_status":"open","sticky":false,"template":"","format":"standard","meta":{"jetpack_publicize_message":"","jetpack_is_tweetstorm":false,"jetpack_publicize_feature_enabled":true},"categories":[1,7],"tags":[],"jetpack_publicize_connections":[],"jetpack_featured_media_url":"http:\/\/csepelfc.hu\/wp-content\/uploads\/2022\/06\/CsajosEgyseg.jpg","jetpack_sharing_enabled":true,"jetpack_shortlink":"https:\/\/wp.me\/p83FEU-1Xr","_links":{"self":[{"href":"http:\/\/csepelfc.hu\/index.php\/wp-json\/wp\/v2\/posts\/7529"}],"collection":[{"href":"http:\/\/csepelfc.hu\/index.php\/wp-json\/wp\/v2\/posts"}],"about":[{"href":"http:\/\/csepelfc.hu\/index.php\/wp-json\/wp\/v2\/types\/post"}],"author":[{"embeddable":true,"href":"http:\/\/csepelfc.hu\/index.php\/wp-json\/wp\/v2\/users\/4"}],"replies":[{"embeddable":true,"href":"http:\/\/csepelfc.hu\/index.php\/wp-json\/wp\/v2\/comments?post=7529"}],"version-history":[{"count":1,"href":"http:\/\/csepelfc.hu\/index.php\/wp-json\/wp\/v2\/posts\/7529\/revisions"}],"predecessor-version":[{"id":7531,"href":"http:\/\/csepelfc.hu\/index.php\/wp-json\/wp\/v2\/posts\/7529\/revisions\/7531"}],"wp:featuredmedia":[{"embeddable":true,"href":"http:\/\/csepelfc.hu\/index.php\/wp-json\/wp\/v2\/media\/7530"}],"wp:attachment":[{"href":"http:\/\/csepelfc.hu\/index.php\/wp-json\/wp\/v2\/media?parent=7529"}],"wp:term":[{"taxonomy":"category","embeddable":true,"href":"http:\/\/csepelfc.hu\/index.php\/wp-json\/wp\/v2\/categories?post=7529"},{"taxonomy":"post_tag","embeddable":true,"href":"http:\/\/csepelfc.hu\/index.php\/wp-json\/wp\/v2\/tags?post=7529"}],"curies":[{"name":"wp","href":"https:\/\/api.w.org\/{rel}","templated":true}]}}