{"id":749,"date":"2017-04-16T13:23:34","date_gmt":"2017-04-16T12:23:34","guid":{"rendered":"http:\/\/csepelfc.hu\/?p=749"},"modified":"2017-04-18T07:49:24","modified_gmt":"2017-04-18T06:49:24","slug":"nagyszeru-munkat-vegeztek-a-sracok-mestermerleg","status":"publish","type":"post","link":"http:\/\/csepelfc.hu\/index.php\/2017\/04\/16\/nagyszeru-munkat-vegeztek-a-sracok-mestermerleg\/","title":{"rendered":"&#8220;Nagyszer\u0171 munk\u00e1t v\u00e9geztek a sr\u00e1cok&#8221; &#8211; Mesterm\u00e9rleg"},"content":{"rendered":"<p>A Csepel FC feln\u0151tt labdar\u00fag\u00f3csapata ism\u00e9t megmutatta, hogy van tart\u00e1sa \u00e9s a ki\u00e9lezett helyzetekben bizony hely\u00e9n van j\u00e1t\u00e9kosainak sz\u00edve. Egy\u00fcttes\u00fcnk a III. Ker\u00fcleti TVE otthon\u00e1ban szerzett nagyon fontos pontokat.<!--more--><\/p>\n<p><strong>Gabala Kriszti\u00e1n szakmai vezet\u0151:<\/strong> &#8211; A beharangoz\u00f3ban utaltam r\u00e1, hogy nem feltartott k\u00e9zel \u00e9rkez\u00fcnk a III. Ker\u00fclet otthon\u00e1ba, s\u00a0azt gondolom a csapat maxim\u00e1lisan bizony\u00edtotta, hogy a kijelent\u00e9semet komolyan vett\u00e9k. Nagyszer\u0171 munk\u00e1t v\u00e9geztek a sr\u00e1cok, minden elismer\u00e9sem az \u00f6v\u00e9k, de ez\u00e9rt is csak h\u00e1rom pontot adtak, s ezt kell a k\u00e9s\u0151bbiek sor\u00e1n m\u00e9g megtoldanunk, hogy el\u00e9rj\u00fck kit\u0171z\u00f6tt c\u00e9lunkat.<\/p>\n<p>(Szakvezet\u0151nk \u00e9rt\u00e9kel\u00e9s\u00e9b\u0151l az is kider\u00fclt, hogy az eg\u00e9sz csapat teljes\u00edtm\u00e9ny\u00e9t j\u00f3nak \u00edt\u00e9lte meg)<\/p>\n<p>Eml\u00e9keztet\u0151\u00fcl:<\/p>\n<p><strong>III. Ker\u00fcleti TVE \u2013 Csepel FC 1:2 (0:2)<\/strong><\/p>\n<p>Kalap utca, Jv: S\u00e1ndor Csaba (Kulcs\u00e1r Judit, Benk\u0151 R\u00f3bert)<\/p>\n<p><strong>III. Ker\u00fcleti TVE:<\/strong> Jeszenszky \u00c1d\u00e1m &#8211; Domokos B\u00e1lint, Szil\u00e1gyi M\u00e1t\u00e9, Szkunc Vjacseszl\u00e1v (65&#8242; Keresztessy Tam\u00e1s), Forg\u00e1cs Bence, (\u201990 Kis Bal\u00e1zs), Kaszai G\u00e1bor, Katona M\u00e1t\u00e9, Madar\u00e1sz \u00c1d\u00e1m, P\u00e1lfalvi Csaba (46&#8242; Sz\u0171cs L\u00e1szl\u00f3), Kenesei Kriszti\u00e1n, Bartha Roland<\/p>\n<p><strong>Csepel FC:<\/strong> L\u0151rincz P\u00e9ter\u00ad &#8211; Fisli Andr\u00e1s (46&#8242; Horv\u00e1th \u00c1d\u00e1m ), Hesz Oliv\u00e9r , Szab\u00f3 \u00c1d\u00e1m, D\u00e9vai Csaba, Simon Kriszti\u00e1n, Durso Giuliano, Haraszk\u00f3 S\u00e1ndor, Korozm\u00e1n Norbert (65&#8242; N\u00e9meth G\u00e1bor), T\u00f3th Csaba, Somodi \u00c1d\u00e1m (87&#8242; R\u00e1cz Botond )<\/p>\n<p><strong>G:<\/strong> Somodi \u00c1. \u201916, Korozm\u00e1n N. \u201930, ill. Kenesei K. \u201990.<\/p>\n<p><a href=\"https:\/\/photos.google.com\/share\/AF1QipMBFG_PPKWb8BALivPBGSM2fri4JhLONrbHQJrYexsveI688la-8w0Qr4h1AdYUVQ?key=X1BaMk9VT01ibTdQZWk0R1h0UER5NTNZcTR4c2dB\" target=\"_blank\">A tal\u00e1lkoz\u00f3 fot\u00f3i itt\u00a0tekinthet\u0151ek meg.<\/a><\/p>\n<p>&nbsp;<\/p>\n<p>&nbsp;<\/p>\n","protected":false},"excerpt":{"rendered":"<div class=\"mh-excerpt\"><p>A Csepel FC feln\u0151tt labdar\u00fag\u00f3csapata ism\u00e9t megmutatta, hogy van tart\u00e1sa \u00e9s a ki\u00e9lezett helyzetekben bizony hely\u00e9n van j\u00e1t\u00e9kosainak sz\u00edve. Egy\u00fcttes\u00fcnk a III. Ker\u00fcleti TVE otthon\u00e1ban szerzett nagyon fontos pontokat.<\/p>\n<\/div>","protected":false},"author":4,"featured_media":750,"comment_status":"closed","ping_status":"open","sticky":false,"template":"","format":"standard","meta":{"jetpack_publicize_message":"","jetpack_is_tweetstorm":false,"jetpack_publicize_feature_enabled":true},"categories":[1,7],"tags":[],"jetpack_publicize_connections":[],"jetpack_featured_media_url":"http:\/\/csepelfc.hu\/wp-content\/uploads\/2017\/04\/SomaG\u00f3ljak..jpg","jetpack_sharing_enabled":true,"jetpack_shortlink":"https:\/\/wp.me\/p83FEU-c5","_links":{"self":[{"href":"http:\/\/csepelfc.hu\/index.php\/wp-json\/wp\/v2\/posts\/749"}],"collection":[{"href":"http:\/\/csepelfc.hu\/index.php\/wp-json\/wp\/v2\/posts"}],"about":[{"href":"http:\/\/csepelfc.hu\/index.php\/wp-json\/wp\/v2\/types\/post"}],"author":[{"embeddable":true,"href":"http:\/\/csepelfc.hu\/index.php\/wp-json\/wp\/v2\/users\/4"}],"replies":[{"embeddable":true,"href":"http:\/\/csepelfc.hu\/index.php\/wp-json\/wp\/v2\/comments?post=749"}],"version-history":[{"count":4,"href":"http:\/\/csepelfc.hu\/index.php\/wp-json\/wp\/v2\/posts\/749\/revisions"}],"predecessor-version":[{"id":756,"href":"http:\/\/csepelfc.hu\/index.php\/wp-json\/wp\/v2\/posts\/749\/revisions\/756"}],"wp:featuredmedia":[{"embeddable":true,"href":"http:\/\/csepelfc.hu\/index.php\/wp-json\/wp\/v2\/media\/750"}],"wp:attachment":[{"href":"http:\/\/csepelfc.hu\/index.php\/wp-json\/wp\/v2\/media?parent=749"}],"wp:term":[{"taxonomy":"category","embeddable":true,"href":"http:\/\/csepelfc.hu\/index.php\/wp-json\/wp\/v2\/categories?post=749"},{"taxonomy":"post_tag","embeddable":true,"href":"http:\/\/csepelfc.hu\/index.php\/wp-json\/wp\/v2\/tags?post=749"}],"curies":[{"name":"wp","href":"https:\/\/api.w.org\/{rel}","templated":true}]}}