{"id":7440,"date":"2022-05-15T08:40:21","date_gmt":"2022-05-15T07:40:21","guid":{"rendered":"http:\/\/csepelfc.hu\/?p=7440"},"modified":"2022-05-15T08:45:13","modified_gmt":"2022-05-15T07:45:13","slug":"dontetlen-pasareten-meg-pislakol-a-remeny","status":"publish","type":"post","link":"http:\/\/csepelfc.hu\/index.php\/2022\/05\/15\/dontetlen-pasareten-meg-pislakol-a-remeny\/","title":{"rendered":"D\u00f6ntetlen Pasar\u00e9ten, m\u00e9g pisl\u00e1kol a rem\u00e9ny"},"content":{"rendered":"<p>B\u00e1r minden k\u00f6r\u00fclm\u00e9ny j\u00f3l alakult a listavezet\u0151 otthon\u00e1ban, szinte v\u00e9gig mez\u0151nyf\u00f6l\u00e9nyben \u00e9s kapura vesz\u00e9lyesebben j\u00e1tszottunk, sajnos a g\u00f3l hi\u00e1nyzott a j\u00e1t\u00e9kunkb\u00f3l, \u00edgy tov\u00e1bbra is fej-fej mellett haladunk a &#8220;fin\u00e1ncokkal&#8221;.<!--more--><\/p>\n<p><strong>P\u00e9nz\u00fcgy\u0151r SE &#8211; Csepel FC 0:0<\/strong><\/p>\n<p>Pasar\u00e9t, NAV Sporttelep, <strong>Jv<\/strong>.: Kiss Gerg\u0151, asszisztensek: Nyekita Br\u00fan\u00f3 L\u00e1szl\u00f3, Czene-Jo\u00f3 \u00c1d\u00e1m<\/p>\n<p><strong>PSE:<\/strong> Steer B. &#8211;\u00a0 G\u00e1l Sz., G\u00e1lfi L., Grecs\u00f3 B. (Buz\u00e1s B. &#8217;94), Schrammel \u00c1., F\u00fcl\u00f6p Cs., Bir\u00f3 \u00c1. (Balogh A. &#8217;84), Bal\u00e1zs B., Ol\u00e1h K. (Juh\u00e1sz \u00c1.&#8217;55), Megyeri M. (N\u00e9meth Sz. &#8217;55), G\u00e1l M. (Nyuli D.&#8217;88) <strong>Edz\u0151:<\/strong> L\u00e1szka Bal\u00e1zs<\/p>\n<p><strong>Csepel FC<\/strong>: Sz\u0171cs Kriszti\u00e1n &#8211; M\u00e9sz\u00e1ros Roland, Torda Bence (N\u00e9meth Zolt\u00e1n &#8217;58), M\u00e9sz\u00e1ros L\u00e1szl\u00f3, P\u00f6l\u00f6skei P\u00e9ter, Haraszk\u00f3 S\u00e1ndor, Tepl\u00e1n J\u00e1nos, Moh\u00e1csik G\u00e1bor (S\u00fck\u00f6sd Kriszti\u00e1n &#8217;79), Krist\u00f3f Gerg\u0151, Tak\u00e1cs L\u00e1szl\u00f3 (Zsivoczky- Pandel P\u00e9ter &#8217;46), V\u00f6r\u00f6s Bence (Gauzer Levnte &#8217;71) <strong>Vezet\u0151edz\u0151:<\/strong> Tak\u00e1cs Kriszti\u00e1n<\/p>\n<p><strong>Tak\u00e1cs Kriszti\u00e1n:<\/strong> &#8211; <em>Nagyon neh\u00e9z ilyenkor mit mondani, de a m\u00e9rk\u0151z\u00e9s k\u00e9pe alapj\u00e1n gy\u0151zelmet \u00e9rdemelt\u00fcnk volna &#8220;csup\u00e1n&#8221; az egyik helyzet\u00fcnket a sok k\u00f6z\u00fcl g\u00f3lra kellett volna v\u00e1ltani&#8230; Sajnos m\u00e1r nem csak a mi kez\u00fcnkben van a sorsunk. Dics\u00e9ret illeti a m\u00e9rk\u0151z\u00e9s valamennyi r\u00e9sztvev\u0151j\u00e9t a 0:0 ellen\u00e9re eml\u00e9kezetes \u00e9s izgalmas m\u00e9rk\u0151z\u00e9st v\u00edvtak egym\u00e1ssal a csapatok.<\/em><\/p>\n<p>Tekintve, hogy a P\u00e9nz\u00fcgy\u0151r a jelenlegi\u00a0 szab\u00e1lyok szerint jobb mutat\u00f3kkal \u00e1ll n\u00e1lunk, mindamellett, hogy hoznunk kell a h\u00e1tra l\u00e9v\u0151 k\u00e9t bajnoki m\u00e9rk\u0151z\u00e9s\u00fcnket, nekik viszont pontot kellene vesz\u00edteni\u00fck vagy\u00a0 a 43. Sz. \u00c9p\u00edt\u0151k, vagy a Sv\u00e1bhegy FC ellen&#8230;<\/p>\n<p>Fot\u00f3: ifj. Thaly Zolt\u00e1n<\/p>\n","protected":false},"excerpt":{"rendered":"<div class=\"mh-excerpt\"><p>B\u00e1r minden k\u00f6r\u00fclm\u00e9ny j\u00f3l alakult a listavezet\u0151 otthon\u00e1ban, szinte v\u00e9gig mez\u0151nyf\u00f6l\u00e9nyben \u00e9s kapura vesz\u00e9lyesebben j\u00e1tszottunk, sajnos a g\u00f3l hi\u00e1nyzott a j\u00e1t\u00e9kunkb\u00f3l, \u00edgy tov\u00e1bbra is fej-fej mellett haladunk a &#8220;fin\u00e1ncokkal&#8221;.<\/p>\n<\/div>","protected":false},"author":4,"featured_media":7441,"comment_status":"closed","ping_status":"open","sticky":false,"template":"","format":"standard","meta":{"jetpack_publicize_message":"","jetpack_is_tweetstorm":false,"jetpack_publicize_feature_enabled":true},"categories":[1,7],"tags":[],"jetpack_publicize_connections":[],"jetpack_featured_media_url":"http:\/\/csepelfc.hu\/wp-content\/uploads\/2022\/05\/Csepel-FCCsoportkep.jpg","jetpack_sharing_enabled":true,"jetpack_shortlink":"https:\/\/wp.me\/p83FEU-1W0","_links":{"self":[{"href":"http:\/\/csepelfc.hu\/index.php\/wp-json\/wp\/v2\/posts\/7440"}],"collection":[{"href":"http:\/\/csepelfc.hu\/index.php\/wp-json\/wp\/v2\/posts"}],"about":[{"href":"http:\/\/csepelfc.hu\/index.php\/wp-json\/wp\/v2\/types\/post"}],"author":[{"embeddable":true,"href":"http:\/\/csepelfc.hu\/index.php\/wp-json\/wp\/v2\/users\/4"}],"replies":[{"embeddable":true,"href":"http:\/\/csepelfc.hu\/index.php\/wp-json\/wp\/v2\/comments?post=7440"}],"version-history":[{"count":3,"href":"http:\/\/csepelfc.hu\/index.php\/wp-json\/wp\/v2\/posts\/7440\/revisions"}],"predecessor-version":[{"id":7444,"href":"http:\/\/csepelfc.hu\/index.php\/wp-json\/wp\/v2\/posts\/7440\/revisions\/7444"}],"wp:featuredmedia":[{"embeddable":true,"href":"http:\/\/csepelfc.hu\/index.php\/wp-json\/wp\/v2\/media\/7441"}],"wp:attachment":[{"href":"http:\/\/csepelfc.hu\/index.php\/wp-json\/wp\/v2\/media?parent=7440"}],"wp:term":[{"taxonomy":"category","embeddable":true,"href":"http:\/\/csepelfc.hu\/index.php\/wp-json\/wp\/v2\/categories?post=7440"},{"taxonomy":"post_tag","embeddable":true,"href":"http:\/\/csepelfc.hu\/index.php\/wp-json\/wp\/v2\/tags?post=7440"}],"curies":[{"name":"wp","href":"https:\/\/api.w.org\/{rel}","templated":true}]}}