{"id":7376,"date":"2022-05-01T20:25:17","date_gmt":"2022-05-01T19:25:17","guid":{"rendered":"http:\/\/csepelfc.hu\/?p=7376"},"modified":"2022-05-01T20:26:43","modified_gmt":"2022-05-01T19:26:43","slug":"harom-pont-a-csepeli-derbi-rol","status":"publish","type":"post","link":"http:\/\/csepelfc.hu\/index.php\/2022\/05\/01\/harom-pont-a-csepeli-derbi-rol\/","title":{"rendered":"H\u00e1rom pont a csepeli &#8220;derbi&#8221;-r\u0151l"},"content":{"rendered":"<p>A P\u00e9nz\u00fcgy\u0151r Budafok elleni sikere ut\u00e1n nem volt m\u00e1s v\u00e1laszt\u00e1s: le kellett gy\u0151zni idegenben a Csep- G\u00f3l FC-t ahhoz, hogy tov\u00e1bbra is besz\u00e9lhess\u00fcnk a feljut\u00e1sr\u00f3l. Ennek megval\u00f3s\u00edt\u00e1sa sikerrel j\u00e1rt.<!--more--><\/p>\n<p><strong>Csep- G\u00f3l FC &#8211; Csepel FC 0:2 (0:1)<\/strong><\/p>\n<p>Csepel, Pap\u00edrgy\u00e1ri p\u00e1lya <strong>Jv.:<\/strong> R\u00e1bel Alfr\u00e9d (T\u00f3th I. Tam\u00e1s, Lantos Tam\u00e1s)<\/p>\n<p><strong>Csep- G\u00f3l FC:<\/strong> Kov\u00e1cs D. &#8211; Palk\u00f3 K., D\u00e1nyi R. (Bank\u00f3 M. &#8217;58), Jencsik Sz., Zs\u00e1mb\u00e9ki D., P\u00f3csa Cs., Majer Zs. (Hal\u00e1sz Z. &#8217;58), B\u00e9res Z. (Ferenczi Zs. &#8217;83), Krist\u00f3 D. (Szalay M. &#8217;71), Baksa \u00c1., Nagy G. <strong>Edz\u0151<\/strong>:<\/p>\n<p><strong>Csepel FC:<\/strong> Sz\u0171cs Kriszti\u00e1n &#8211; M\u00e9sz\u00e1ros Roland, M\u00e9sz\u00e1ros L\u00e1szl\u00f3, Tolnay Rokk\u00f3 (Urbin M\u00e1rk &#8217;67), Zsivoczky- Pandel P\u00e9ter (S\u00fck\u00f6sd Kriszti\u00e1n &#8217;81), Gauzer Levente (Tepl\u00e1n J\u00e1nos &#8217;67), P\u00f6l\u00f6skei P\u00e9ter, Haraszk\u00f3 S\u00e1ndor, Moh\u00e1csik G\u00e1bor (Tak\u00e1cs L\u00e1szl\u00f3 &#8217;76), Krist\u00f3f Gerg\u0151 (Bende J\u00e1nos &#8217;76), V\u00f6r\u00f6s Bence <strong>Vezet\u0151edz\u0151:<\/strong> Tak\u00e1cs Kriszti\u00e1n<\/p>\n<p><strong>G\u00f3lszerz\u0151:<\/strong> Zsivoczky- Pandel P\u00e9ter (2) &#8217;35,&#8217;71<\/p>\n<p><strong>Tak\u00e1cs Kriszti\u00e1n:<\/strong> &#8211;<em> A mai m\u00e9rk\u0151z\u00e9s\u00e9n semmi m\u00e1s nem nem sz\u00e1m\u00edtott kiz\u00e1r\u00f3lag a h\u00e1rom pont megszerz\u00e9se. Egy Zsivoczkyval ma jobbak voltunk.<\/em><\/p>\n","protected":false},"excerpt":{"rendered":"<div class=\"mh-excerpt\"><p>A P\u00e9nz\u00fcgy\u0151r Budafok elleni sikere ut\u00e1n nem volt m\u00e1s v\u00e1laszt\u00e1s: le kellett gy\u0151zni idegenben a Csep- G\u00f3l FC-t ahhoz, hogy tov\u00e1bbra is besz\u00e9lhess\u00fcnk a feljut\u00e1sr\u00f3l. Ennek megval\u00f3s\u00edt\u00e1sa sikerrel j\u00e1rt.<\/p>\n<\/div>","protected":false},"author":4,"featured_media":7377,"comment_status":"closed","ping_status":"open","sticky":false,"template":"","format":"standard","meta":{"jetpack_publicize_message":"","jetpack_is_tweetstorm":false,"jetpack_publicize_feature_enabled":true},"categories":[1,7],"tags":[],"jetpack_publicize_connections":[],"jetpack_featured_media_url":"http:\/\/csepelfc.hu\/wp-content\/uploads\/2022\/05\/Csep-Gol-FC-Csepel-FC.jpg","jetpack_sharing_enabled":true,"jetpack_shortlink":"https:\/\/wp.me\/p83FEU-1UY","_links":{"self":[{"href":"http:\/\/csepelfc.hu\/index.php\/wp-json\/wp\/v2\/posts\/7376"}],"collection":[{"href":"http:\/\/csepelfc.hu\/index.php\/wp-json\/wp\/v2\/posts"}],"about":[{"href":"http:\/\/csepelfc.hu\/index.php\/wp-json\/wp\/v2\/types\/post"}],"author":[{"embeddable":true,"href":"http:\/\/csepelfc.hu\/index.php\/wp-json\/wp\/v2\/users\/4"}],"replies":[{"embeddable":true,"href":"http:\/\/csepelfc.hu\/index.php\/wp-json\/wp\/v2\/comments?post=7376"}],"version-history":[{"count":2,"href":"http:\/\/csepelfc.hu\/index.php\/wp-json\/wp\/v2\/posts\/7376\/revisions"}],"predecessor-version":[{"id":7379,"href":"http:\/\/csepelfc.hu\/index.php\/wp-json\/wp\/v2\/posts\/7376\/revisions\/7379"}],"wp:featuredmedia":[{"embeddable":true,"href":"http:\/\/csepelfc.hu\/index.php\/wp-json\/wp\/v2\/media\/7377"}],"wp:attachment":[{"href":"http:\/\/csepelfc.hu\/index.php\/wp-json\/wp\/v2\/media?parent=7376"}],"wp:term":[{"taxonomy":"category","embeddable":true,"href":"http:\/\/csepelfc.hu\/index.php\/wp-json\/wp\/v2\/categories?post=7376"},{"taxonomy":"post_tag","embeddable":true,"href":"http:\/\/csepelfc.hu\/index.php\/wp-json\/wp\/v2\/tags?post=7376"}],"curies":[{"name":"wp","href":"https:\/\/api.w.org\/{rel}","templated":true}]}}