{"id":7344,"date":"2022-04-22T10:46:11","date_gmt":"2022-04-22T09:46:11","guid":{"rendered":"http:\/\/csepelfc.hu\/?p=7344"},"modified":"2022-04-22T10:46:11","modified_gmt":"2022-04-22T09:46:11","slug":"noiupfutsal-az-u19-es-u15-os-csapatainknak-ment-a-legjobban","status":"publish","type":"post","link":"http:\/\/csepelfc.hu\/index.php\/2022\/04\/22\/noiupfutsal-az-u19-es-u15-os-csapatainknak-ment-a-legjobban\/","title":{"rendered":"N\u0151i&#038;UP&#038;Futsal: az U19 \u00e9s U15 &#8211; \u00f6s csapatainknak ment a legjobban"},"content":{"rendered":"<p>Szinte mindegyik koroszt\u00e1lyos csapatunk p\u00e1ly\u00e1ra l\u00e9pett az elm\u00falt j\u00e1t\u00e9knapon \u00e9s ez\u00fattal t\u00f6bb-kevesebb sikerrel abszolv\u00e1lt\u00e1k a r\u00e1juk kir\u00f3tt megm\u00e9rettet\u00e9seket.<!--more--><\/p>\n<p><img loading=\"lazy\" class=\"alignnone size-full wp-image-7345\" src=\"http:\/\/csepelfc.hu\/wp-content\/uploads\/2022\/04\/Kulker-SC-Csepel.jpg\" alt=\"\" width=\"838\" height=\"903\" srcset=\"http:\/\/csepelfc.hu\/wp-content\/uploads\/2022\/04\/Kulker-SC-Csepel.jpg 838w, http:\/\/csepelfc.hu\/wp-content\/uploads\/2022\/04\/Kulker-SC-Csepel-278x300.jpg 278w, http:\/\/csepelfc.hu\/wp-content\/uploads\/2022\/04\/Kulker-SC-Csepel-768x828.jpg 768w\" sizes=\"(max-width: 838px) 100vw, 838px\" \/><\/p>\n<p><strong>Kincses Ern\u0151:<\/strong> &#8211; <em>Gratul\u00e1lok a Metis csapat\u00e1nak. Sajnos saj\u00e1t magunkat vert\u00fck meg, egy-k\u00e9t j\u00e1t\u00e9kosunk nem tud folyamatosan j\u00f3l teljes\u00edteni. Rem\u00e9lem min\u00e9l hamarabb magunkra tal\u00e1lunk.<\/em><\/p>\n<p><img loading=\"lazy\" class=\"alignnone size-large wp-image-7346\" src=\"http:\/\/csepelfc.hu\/wp-content\/uploads\/2022\/04\/EVUFC-Csepel-FC-693x1024.jpg\" alt=\"\" width=\"693\" height=\"1024\" srcset=\"http:\/\/csepelfc.hu\/wp-content\/uploads\/2022\/04\/EVUFC-Csepel-FC-693x1024.jpg 693w, http:\/\/csepelfc.hu\/wp-content\/uploads\/2022\/04\/EVUFC-Csepel-FC-203x300.jpg 203w, http:\/\/csepelfc.hu\/wp-content\/uploads\/2022\/04\/EVUFC-Csepel-FC-768x1136.jpg 768w, http:\/\/csepelfc.hu\/wp-content\/uploads\/2022\/04\/EVUFC-Csepel-FC.jpg 840w\" sizes=\"(max-width: 693px) 100vw, 693px\" \/><\/p>\n<p><strong>Zsivoczky- Pandel P\u00e9ter:<\/strong> &#8211; A m<em>egfelel\u0151 hozz\u00e1\u00e1ll\u00e1snak k\u00f6sz\u00f6nhet\u0151en nagy ar\u00e1ny\u00fa gy\u0151zelem sz\u00fcletett.<\/em><\/p>\n<p><img loading=\"lazy\" class=\"alignnone size-full wp-image-7347\" src=\"http:\/\/csepelfc.hu\/wp-content\/uploads\/2022\/04\/Ikarus-Csepel-FC.jpg\" alt=\"\" width=\"835\" height=\"754\" srcset=\"http:\/\/csepelfc.hu\/wp-content\/uploads\/2022\/04\/Ikarus-Csepel-FC.jpg 835w, http:\/\/csepelfc.hu\/wp-content\/uploads\/2022\/04\/Ikarus-Csepel-FC-300x271.jpg 300w, http:\/\/csepelfc.hu\/wp-content\/uploads\/2022\/04\/Ikarus-Csepel-FC-768x693.jpg 768w\" sizes=\"(max-width: 835px) 100vw, 835px\" \/><\/p>\n<p><strong>Zsivoczky- Pandel P\u00e9ter: &#8211;\u00a0<\/strong><em>Az \u00e9llovashoz l\u00e1togattunk, akik m\u00e9g pontot is alig vesz\u00edtettek, nincs mit sz\u00e9p\u00edteni, \u00f6sszeest\u00fcnk \u00e9s ak\u00e1r m\u00e9g nagyobb ar\u00e1ny\u00fa is lehetett volna a k\u00fcl\u00f6nbs\u00e9g. <\/em><em>Sok s\u00e9r\u00fclt\u00fcnk \u00e9s beteg\u00fcnk van, rem\u00e9lem mihamarabb kij\u00f6v\u00fcnk a g\u00f6d\u00f6rb\u0151l.<\/em><\/p>\n<p><img loading=\"lazy\" class=\"alignnone size-full wp-image-7348\" src=\"http:\/\/csepelfc.hu\/wp-content\/uploads\/2022\/04\/Csepel-Dorog-1.jpg\" alt=\"\" width=\"837\" height=\"754\" srcset=\"http:\/\/csepelfc.hu\/wp-content\/uploads\/2022\/04\/Csepel-Dorog-1.jpg 837w, http:\/\/csepelfc.hu\/wp-content\/uploads\/2022\/04\/Csepel-Dorog-1-300x270.jpg 300w, http:\/\/csepelfc.hu\/wp-content\/uploads\/2022\/04\/Csepel-Dorog-1-768x692.jpg 768w\" sizes=\"(max-width: 837px) 100vw, 837px\" \/><\/p>\n<p><strong>Pereszl\u00e9nyi Andr\u00e1s:<\/strong> &#8211; <em>A bombaer\u0151s Dorog ellen m\u00e9rett\u00fck meg magunkat. J\u00f3l kezdt\u00fcnk, a k\u00f6z\u00e9pp\u00e1ly\u00e1n sz\u00e9pen j\u00e1rattuk a labd\u00e1t, \u00e1m a kapu el\u00e9 \u00e9rve elfogyott a spiritusz, az utols\u00f3 \u00e1tad\u00e1sokba rendre hiba cs\u00faszott. Ellenfel\u00fcnk els\u0151sorban a sz\u00e9leken igyekezett megt\u00f6rni v\u00e9delm\u00fcnket, ami az els\u0151 f\u00e9lid\u0151ben h\u00e1rom alkalommal siker\u00fclt is, \u00edgy h\u00e1tr\u00e1nyb\u00f3l v\u00e1rhattuk a folytat\u00e1st. <\/em><em>A m\u00e1sodik j\u00e1t\u00e9kr\u00e9szre r\u00e1nyomta a b\u00e9lyeg\u00e9t a gyorsan bekapott g\u00f3l, Borza Levente tal\u00e1lat\u00e1t k\u00f6vet\u0151en a Dorog els\u0151sorban a v\u00e9dekez\u00e9sre koncentr\u00e1lt, a mieink pedig elf\u00e1radtak, s nem tudtak ritmust v\u00e1ltani. <\/em><br \/>\n<em>A k\u00fczd\u0151szellemre ez\u00fattal sem lehetett panasz&#8230;<\/em><\/p>\n<p><img loading=\"lazy\" class=\"alignnone size-full wp-image-7352\" src=\"http:\/\/csepelfc.hu\/wp-content\/uploads\/2022\/04\/CsepelFC-GoldBall.jpg\" alt=\"\" width=\"841\" height=\"995\" srcset=\"http:\/\/csepelfc.hu\/wp-content\/uploads\/2022\/04\/CsepelFC-GoldBall.jpg 841w, http:\/\/csepelfc.hu\/wp-content\/uploads\/2022\/04\/CsepelFC-GoldBall-254x300.jpg 254w, http:\/\/csepelfc.hu\/wp-content\/uploads\/2022\/04\/CsepelFC-GoldBall-768x909.jpg 768w\" sizes=\"(max-width: 841px) 100vw, 841px\" \/><\/p>\n<p><strong>Szab\u00f3 Zolt\u00e1n:<\/strong> &#8211;<\/p>\n<p><img loading=\"lazy\" class=\"alignnone size-full wp-image-7349\" src=\"http:\/\/csepelfc.hu\/wp-content\/uploads\/2022\/04\/Tatabanya-Csepel.jpg\" alt=\"\" width=\"825\" height=\"1015\" srcset=\"http:\/\/csepelfc.hu\/wp-content\/uploads\/2022\/04\/Tatabanya-Csepel.jpg 825w, http:\/\/csepelfc.hu\/wp-content\/uploads\/2022\/04\/Tatabanya-Csepel-244x300.jpg 244w, http:\/\/csepelfc.hu\/wp-content\/uploads\/2022\/04\/Tatabanya-Csepel-768x945.jpg 768w\" sizes=\"(max-width: 825px) 100vw, 825px\" \/><\/p>\n<p><strong>Horv\u00e1th Emese:<\/strong> &#8211; <em>Tatab\u00e1ny\u00e1ra utaztunk \u00e9s a tavaszi sz\u00fcnet nem k\u00f6nny\u00edtett a dolgunkon,mert rengetegen utaztak el csal\u00e1djukkal, \u00edgy a m\u00e9rk\u0151z\u00e9sre csak 11-en tudtunk menni. Az els\u0151 20 percet nagyon j\u00f3l kezdt\u00fck. 2 g\u00f3lt szerezt\u00fcnk. Majd k\u00e9t pontr\u00fag\u00e1sb\u00f3l egyenl\u00edtett az ellenf\u00e9l. Ut\u00e1na gyorsan vezet\u00e9st is szerzett. Ekkor sajnos \u00f6sszeest\u00fcnk \u00e9s a m\u00e1sodik f\u00e9lid\u0151ben m\u00e1r csak futottunk az eredm\u00e9ny ut\u00e1n. Igyeksz\u00fcnk tanulni a hib\u00e1inkb\u00f3l \u00e9s a k\u00f6vetkez\u0151 fordul\u00f3ban megszerezni a h\u00e1rom pontot.<\/em><\/p>\n<p><img loading=\"lazy\" class=\"alignnone size-full wp-image-7350\" src=\"http:\/\/csepelfc.hu\/wp-content\/uploads\/2022\/04\/Csepel-Szolnok.jpg\" alt=\"\" width=\"841\" height=\"935\" srcset=\"http:\/\/csepelfc.hu\/wp-content\/uploads\/2022\/04\/Csepel-Szolnok.jpg 841w, http:\/\/csepelfc.hu\/wp-content\/uploads\/2022\/04\/Csepel-Szolnok-270x300.jpg 270w, http:\/\/csepelfc.hu\/wp-content\/uploads\/2022\/04\/Csepel-Szolnok-768x854.jpg 768w\" sizes=\"(max-width: 841px) 100vw, 841px\" \/><\/p>\n<p><strong>Horv\u00e1th Emese:<\/strong> &#8211;<\/p>\n<p><img loading=\"lazy\" class=\"alignnone size-large wp-image-7351\" src=\"http:\/\/csepelfc.hu\/wp-content\/uploads\/2022\/04\/T.Balint-Csepel-733x1024.jpg\" alt=\"\" width=\"733\" height=\"1024\" srcset=\"http:\/\/csepelfc.hu\/wp-content\/uploads\/2022\/04\/T.Balint-Csepel-733x1024.jpg 733w, http:\/\/csepelfc.hu\/wp-content\/uploads\/2022\/04\/T.Balint-Csepel-215x300.jpg 215w, http:\/\/csepelfc.hu\/wp-content\/uploads\/2022\/04\/T.Balint-Csepel-768x1072.jpg 768w, http:\/\/csepelfc.hu\/wp-content\/uploads\/2022\/04\/T.Balint-Csepel.jpg 838w\" sizes=\"(max-width: 733px) 100vw, 733px\" \/><\/p>\n<p><strong>Viza Kriszti\u00e1n<\/strong>: &#8211;<\/p>\n<p>&nbsp;<\/p>\n","protected":false},"excerpt":{"rendered":"<div class=\"mh-excerpt\"><p>Szinte mindegyik koroszt\u00e1lyos csapatunk p\u00e1ly\u00e1ra l\u00e9pett az elm\u00falt j\u00e1t\u00e9knapon \u00e9s ez\u00fattal t\u00f6bb-kevesebb sikerrel abszolv\u00e1lt\u00e1k a r\u00e1juk kir\u00f3tt megm\u00e9rettet\u00e9seket.<\/p>\n<\/div>","protected":false},"author":4,"featured_media":7258,"comment_status":"closed","ping_status":"open","sticky":false,"template":"","format":"standard","meta":{"jetpack_publicize_message":"","jetpack_is_tweetstorm":false,"jetpack_publicize_feature_enabled":true},"categories":[1,7,11,3],"tags":[],"jetpack_publicize_connections":[],"jetpack_featured_media_url":"http:\/\/csepelfc.hu\/wp-content\/uploads\/2022\/04\/LetsGo.jpg","jetpack_sharing_enabled":true,"jetpack_shortlink":"https:\/\/wp.me\/p83FEU-1Us","_links":{"self":[{"href":"http:\/\/csepelfc.hu\/index.php\/wp-json\/wp\/v2\/posts\/7344"}],"collection":[{"href":"http:\/\/csepelfc.hu\/index.php\/wp-json\/wp\/v2\/posts"}],"about":[{"href":"http:\/\/csepelfc.hu\/index.php\/wp-json\/wp\/v2\/types\/post"}],"author":[{"embeddable":true,"href":"http:\/\/csepelfc.hu\/index.php\/wp-json\/wp\/v2\/users\/4"}],"replies":[{"embeddable":true,"href":"http:\/\/csepelfc.hu\/index.php\/wp-json\/wp\/v2\/comments?post=7344"}],"version-history":[{"count":1,"href":"http:\/\/csepelfc.hu\/index.php\/wp-json\/wp\/v2\/posts\/7344\/revisions"}],"predecessor-version":[{"id":7353,"href":"http:\/\/csepelfc.hu\/index.php\/wp-json\/wp\/v2\/posts\/7344\/revisions\/7353"}],"wp:featuredmedia":[{"embeddable":true,"href":"http:\/\/csepelfc.hu\/index.php\/wp-json\/wp\/v2\/media\/7258"}],"wp:attachment":[{"href":"http:\/\/csepelfc.hu\/index.php\/wp-json\/wp\/v2\/media?parent=7344"}],"wp:term":[{"taxonomy":"category","embeddable":true,"href":"http:\/\/csepelfc.hu\/index.php\/wp-json\/wp\/v2\/categories?post=7344"},{"taxonomy":"post_tag","embeddable":true,"href":"http:\/\/csepelfc.hu\/index.php\/wp-json\/wp\/v2\/tags?post=7344"}],"curies":[{"name":"wp","href":"https:\/\/api.w.org\/{rel}","templated":true}]}}