{"id":7306,"date":"2022-04-14T10:22:14","date_gmt":"2022-04-14T09:22:14","guid":{"rendered":"http:\/\/csepelfc.hu\/?p=7306"},"modified":"2022-04-14T10:22:47","modified_gmt":"2022-04-14T09:22:47","slug":"u13-torna-csepelen-remek-szervezes-szinvonalas-meccsek","status":"publish","type":"post","link":"http:\/\/csepelfc.hu\/index.php\/2022\/04\/14\/u13-torna-csepelen-remek-szervezes-szinvonalas-meccsek\/","title":{"rendered":"U13 torna Csepelen: remek szervez\u00e9s, sz\u00ednvonalas meccsek"},"content":{"rendered":"<p>A Csepel FC szervez\u00e9s\u00e9ben ker\u00fclt sor \u00e1prilis 10- \u00e9n a BLSZ serd\u00fcl\u0151 U-13 tavaszi 6. csoport torn\u00e1j\u00e1ra, ami \u00fajabb kit\u0171n\u0151 lehet\u0151s\u00e9get biztos\u00edtott a gyerekek sz\u00e1m\u00e1ra abban, hogy bajnoki meccseknek megfelel\u0151 terhel\u00e9st kapjanak.<!--more--><\/p>\n<p>A torn\u00e1r\u00f3l R\u00e1cz Botond technikai vezet\u0151nk, ut\u00e1np\u00f3tl\u00e1s edz\u0151nk sz\u00e1molt be honlapunknak, aki nem csak szervez\u0151k\u00e9nt, hanem a p\u00e1lya sz\u00e9l\u00e9r\u0151l (<em>Viza Kriszti\u00e1nnal p\u00e1rban<\/em>) szakvezet\u0151k\u00e9nt is tudta \u00e9rt\u00e9kelni a tapasztaltakat.<\/p>\n<p><strong>R\u00e1cz Botond:<\/strong> &#8211; <em>\u00a0Az esem\u00e9ny n\u00e9mileg &#8220;bor\u00fas&#8221; el\u0151jelekkel kezd\u0151d\u00f6tt, a szombati napon ugyanis nem volt t\u00fal kegyes hozz\u00e1nk az id\u0151j\u00e1r\u00e1s \u00edgy k\u00e9rd\u00e9sess\u00e9 v\u00e1lt, hogy vas\u00e1rnap alkalmas lesz- e a p\u00e1lya a j\u00e1t\u00e9kra&#8230; H\u00e1l&#8217; Istennek k\u00e9s\u0151bb a sz\u00e9l \u00e9s egy kev\u00e9ske naps\u00fct\u00e9s v\u00e9g\u00fcl a seg\u00edts\u00e9g\u00fcnkre sietett, \u00edgy azt\u00e1n megrendezhett\u00fck a programot a Csepel SC Sporttelep\u00e9n! A k\u00fczdelmek k\u00e9t p\u00e1ly\u00e1n zajlottak 6 csapat k\u00f6z\u00f6tt, a Csepel UP SE, a Szent Istv\u00e1n SE, a Pestszentimre SK, a KISE, az \u00dajbuda \u00e9s a Csepel FC U13- as labdar\u00fag\u00f3i m\u00e9rhett\u00e9k \u00f6ssze tud\u00e1sukat, a bajnoks\u00e1gnak megfelel\u0151 szab\u00e1lyok szerint ( v\u00e9geredm\u00e9nyt nem sz\u00e1molva). Meglehet\u0151sen sz\u00ednvonalas \u00f6sszecsap\u00e1sokat, azon bel\u00fcl pedig l\u00e1tv\u00e1nyos megold\u00e1sokat \u00e9s lelkes, hajt\u00f3s iram\u00fa meccseket j\u00e1tsz\u00f3 gyerekeket l\u00e1thattak a sz\u00fcl\u0151k \u00e9s hozz\u00e1tartoz\u00f3k akik sz\u00e9p sz\u00e1mmal elk\u00eds\u00e9rt\u00e9k a csapatokat Csepelre. \u00d6sszess\u00e9g\u00e9ben mind a rendez\u00e9s, mind a meccsek lebonyol\u00edt\u00e1sa ter\u00e9n siker\u00fclt egy j\u00f3l szervezett, sz\u00ednvonalas programot tet\u0151 al\u00e1 hoznunk.<\/em><\/p>\n","protected":false},"excerpt":{"rendered":"<div class=\"mh-excerpt\"><p>A Csepel FC szervez\u00e9s\u00e9ben ker\u00fclt sor \u00e1prilis 10- \u00e9n a BLSZ serd\u00fcl\u0151 U-13 tavaszi 6. csoport torn\u00e1j\u00e1ra, ami \u00fajabb kit\u0171n\u0151 lehet\u0151s\u00e9get biztos\u00edtott a gyerekek sz\u00e1m\u00e1ra abban, hogy bajnoki meccseknek megfelel\u0151 <a class=\"mh-excerpt-more\" href=\"http:\/\/csepelfc.hu\/index.php\/2022\/04\/14\/u13-torna-csepelen-remek-szervezes-szinvonalas-meccsek\/\" title=\"U13 torna Csepelen: remek szervez\u00e9s, sz\u00ednvonalas meccsek\">[tov\u00e1bb&#8230;]<\/a><\/p>\n<\/div>","protected":false},"author":4,"featured_media":7307,"comment_status":"closed","ping_status":"open","sticky":false,"template":"","format":"standard","meta":{"jetpack_publicize_message":"","jetpack_is_tweetstorm":false,"jetpack_publicize_feature_enabled":true},"categories":[1,11,3],"tags":[],"jetpack_publicize_connections":[],"jetpack_featured_media_url":"http:\/\/csepelfc.hu\/wp-content\/uploads\/2022\/04\/Csepel-FC-U13.jpg","jetpack_sharing_enabled":true,"jetpack_shortlink":"https:\/\/wp.me\/p83FEU-1TQ","_links":{"self":[{"href":"http:\/\/csepelfc.hu\/index.php\/wp-json\/wp\/v2\/posts\/7306"}],"collection":[{"href":"http:\/\/csepelfc.hu\/index.php\/wp-json\/wp\/v2\/posts"}],"about":[{"href":"http:\/\/csepelfc.hu\/index.php\/wp-json\/wp\/v2\/types\/post"}],"author":[{"embeddable":true,"href":"http:\/\/csepelfc.hu\/index.php\/wp-json\/wp\/v2\/users\/4"}],"replies":[{"embeddable":true,"href":"http:\/\/csepelfc.hu\/index.php\/wp-json\/wp\/v2\/comments?post=7306"}],"version-history":[{"count":3,"href":"http:\/\/csepelfc.hu\/index.php\/wp-json\/wp\/v2\/posts\/7306\/revisions"}],"predecessor-version":[{"id":7310,"href":"http:\/\/csepelfc.hu\/index.php\/wp-json\/wp\/v2\/posts\/7306\/revisions\/7310"}],"wp:featuredmedia":[{"embeddable":true,"href":"http:\/\/csepelfc.hu\/index.php\/wp-json\/wp\/v2\/media\/7307"}],"wp:attachment":[{"href":"http:\/\/csepelfc.hu\/index.php\/wp-json\/wp\/v2\/media?parent=7306"}],"wp:term":[{"taxonomy":"category","embeddable":true,"href":"http:\/\/csepelfc.hu\/index.php\/wp-json\/wp\/v2\/categories?post=7306"},{"taxonomy":"post_tag","embeddable":true,"href":"http:\/\/csepelfc.hu\/index.php\/wp-json\/wp\/v2\/tags?post=7306"}],"curies":[{"name":"wp","href":"https:\/\/api.w.org\/{rel}","templated":true}]}}