{"id":7274,"date":"2022-04-08T15:40:16","date_gmt":"2022-04-08T14:40:16","guid":{"rendered":"http:\/\/csepelfc.hu\/?p=7274"},"modified":"2022-04-08T15:41:27","modified_gmt":"2022-04-08T14:41:27","slug":"noiup-az-u19-hozta-a-pontokat-a-grund-fc-otthonabol","status":"publish","type":"post","link":"http:\/\/csepelfc.hu\/index.php\/2022\/04\/08\/noiup-az-u19-hozta-a-pontokat-a-grund-fc-otthonabol\/","title":{"rendered":"N\u0151i&#038;UP: az U19 hozta a pontokat a Grund FC otthon\u00e1b\u00f3l"},"content":{"rendered":"<p>Ez\u00fattal sajnos t\u00fal sok bab\u00e9r nem termett a Csepel FC csapatainak, labdar\u00fag\u00f3ink derekasan k\u00fczd\u00f6ttek aktu\u00e1lis ellenfeleikkel szemben, ahol a fi\u00fa U19 r\u00e9v\u00e9n tudtak szert tenni pontokra.<!--more--><\/p>\n<p><img loading=\"lazy\" class=\"alignnone size-full wp-image-7275\" src=\"http:\/\/csepelfc.hu\/wp-content\/uploads\/2022\/04\/Budaors-Csepel.jpg\" alt=\"\" width=\"840\" height=\"1003\" srcset=\"http:\/\/csepelfc.hu\/wp-content\/uploads\/2022\/04\/Budaors-Csepel.jpg 840w, http:\/\/csepelfc.hu\/wp-content\/uploads\/2022\/04\/Budaors-Csepel-251x300.jpg 251w, http:\/\/csepelfc.hu\/wp-content\/uploads\/2022\/04\/Budaors-Csepel-768x917.jpg 768w\" sizes=\"(max-width: 840px) 100vw, 840px\" \/><\/p>\n<p><strong>Kincses Ern\u0151:<\/strong> &#8211; <em>Hivatkozhatn\u00e9k probl\u00e9m\u00e1kra de ink\u00e1bb teljes sz\u00edvemb\u0151l gratul\u00e1lok a l\u00e1nyoknak. <\/em><em>V\u00e9gigharcolt\u00e1k a m\u00e9rk\u0151z\u00e9st. Sajnos megint egy\u00e9ni hib\u00e1b\u00f3l kaptunk k\u00e9t g\u00f3lt, s ez m\u00e1r a m\u00e1sodik olyan m\u00e9rk\u0151z\u00e9s amikor az ellenfel\u00fcnknek nem kellett megharcolnia a vezet\u00e9s\u00e9rt! <\/em><em>0:2 ut\u00e1n m\u00e1r csak a tisztes helyt\u00e1ll\u00e1sban b\u00edzhattunk. S<\/em><em>z\u00e9p\u00edt\u00e9s\u00fcnk ut\u00e1n sajnos nem tudtunk elegend\u0151 er\u0151ket mozg\u00f3s\u00edtani az egyenl\u00edt\u00e9s megszerz\u00e9s\u00e9hez. <\/em><em>Gratul\u00e1lok a Buda\u00f6rsnek a meg\u00e9rdemelt sikerhez.<\/em><\/p>\n<p><img loading=\"lazy\" class=\"alignnone size-full wp-image-7276\" src=\"http:\/\/csepelfc.hu\/wp-content\/uploads\/2022\/04\/III.Ker_.-Csepel-FC.jpg\" alt=\"\" width=\"839\" height=\"865\" srcset=\"http:\/\/csepelfc.hu\/wp-content\/uploads\/2022\/04\/III.Ker_.-Csepel-FC.jpg 839w, http:\/\/csepelfc.hu\/wp-content\/uploads\/2022\/04\/III.Ker_.-Csepel-FC-291x300.jpg 291w, http:\/\/csepelfc.hu\/wp-content\/uploads\/2022\/04\/III.Ker_.-Csepel-FC-768x792.jpg 768w\" sizes=\"(max-width: 839px) 100vw, 839px\" \/><\/p>\n<p><strong>Zsivoczky- Pandel P\u00e9ter:<\/strong> &#8211; <em>Az els\u0151 f\u00e9ldi\u0151ben felborult a p\u00e1lya a javunkra. k\u00e9t kapuf\u00e1t \u00e9s m\u00e9g h\u00e1rom nagy helyzetet dolgoztunk ki, \u00e1m ezek rendre kimaradtak. A m\u00e1sodik f\u00e9lid\u0151ben nem tudtunk m\u00e1r \u00fagy bontani, az ellenf\u00e9l pedig k\u00e9t sz\u00f6gletet k\u00f6vet\u0151en betal\u00e1lt. F\u00e1j\u00f3 \u00e9s nem meg\u00e9rdemelt veres\u00e9get szenvedt\u00fcnk. Tanulunk bel\u0151le \u00e9s megy\u00fcnk tov\u00e1bb.<\/em><\/p>\n<p><img loading=\"lazy\" class=\"alignnone size-large wp-image-7277\" src=\"http:\/\/csepelfc.hu\/wp-content\/uploads\/2022\/04\/Grund-FC-Csepel-FC-756x1024.jpg\" alt=\"\" width=\"756\" height=\"1024\" srcset=\"http:\/\/csepelfc.hu\/wp-content\/uploads\/2022\/04\/Grund-FC-Csepel-FC-756x1024.jpg 756w, http:\/\/csepelfc.hu\/wp-content\/uploads\/2022\/04\/Grund-FC-Csepel-FC-222x300.jpg 222w, http:\/\/csepelfc.hu\/wp-content\/uploads\/2022\/04\/Grund-FC-Csepel-FC-768x1040.jpg 768w, http:\/\/csepelfc.hu\/wp-content\/uploads\/2022\/04\/Grund-FC-Csepel-FC.jpg 834w\" sizes=\"(max-width: 756px) 100vw, 756px\" \/><\/p>\n<p><strong>Elekes Zsolt:<\/strong> &#8211; <em>Meg\u00e9rdemelt sikert arattunk. Az eredm\u00e9ny nem t\u00fckr\u00f6zi h\u0171en a j\u00e1t\u00e9kunkat, rengeteg helyzetet dolgoztunk ki, de ezeket -a hat g\u00f3l ellen\u00e9re sem- haszn\u00e1ltuk ki j\u00f3 sz\u00e1zal\u00e9kban. A hazai csapat lehet\u0151s\u00e9geihez m\u00e9rten igyekezett ugyan megnehez\u00edteni a dolgunkat, de ez\u00fattal nem volt k\u00e9rd\u00e9ses a tal\u00e1lkoz\u00f3 v\u00e9gkimenetele.<\/em><\/p>\n<p><img loading=\"lazy\" class=\"alignnone size-full wp-image-7278\" src=\"http:\/\/csepelfc.hu\/wp-content\/uploads\/2022\/04\/Csepel-Dorog.jpg\" alt=\"\" width=\"838\" height=\"799\" srcset=\"http:\/\/csepelfc.hu\/wp-content\/uploads\/2022\/04\/Csepel-Dorog.jpg 838w, http:\/\/csepelfc.hu\/wp-content\/uploads\/2022\/04\/Csepel-Dorog-300x286.jpg 300w, http:\/\/csepelfc.hu\/wp-content\/uploads\/2022\/04\/Csepel-Dorog-768x732.jpg 768w\" sizes=\"(max-width: 838px) 100vw, 838px\" \/><\/p>\n<p><strong>Horv\u00e1th Emese:<\/strong> &#8211;<\/p>\n<p><img loading=\"lazy\" class=\"alignnone size-full wp-image-7280\" src=\"http:\/\/csepelfc.hu\/wp-content\/uploads\/2022\/04\/Barca-Csepel.jpg\" alt=\"\" width=\"836\" height=\"786\" srcset=\"http:\/\/csepelfc.hu\/wp-content\/uploads\/2022\/04\/Barca-Csepel.jpg 836w, http:\/\/csepelfc.hu\/wp-content\/uploads\/2022\/04\/Barca-Csepel-300x282.jpg 300w, http:\/\/csepelfc.hu\/wp-content\/uploads\/2022\/04\/Barca-Csepel-768x722.jpg 768w\" sizes=\"(max-width: 836px) 100vw, 836px\" \/><\/p>\n<p><strong>Szab\u00f3 Zolt\u00e1n:<\/strong> &#8211;<\/p>\n","protected":false},"excerpt":{"rendered":"<div class=\"mh-excerpt\"><p>Ez\u00fattal sajnos t\u00fal sok bab\u00e9r nem termett a Csepel FC csapatainak, labdar\u00fag\u00f3ink derekasan k\u00fczd\u00f6ttek aktu\u00e1lis ellenfeleikkel szemben, ahol a fi\u00fa U19 r\u00e9v\u00e9n tudtak szert tenni pontokra.<\/p>\n<\/div>","protected":false},"author":4,"featured_media":7284,"comment_status":"closed","ping_status":"open","sticky":false,"template":"","format":"standard","meta":{"jetpack_publicize_message":"","jetpack_is_tweetstorm":false,"jetpack_publicize_feature_enabled":true},"categories":[1,3],"tags":[],"jetpack_publicize_connections":[],"jetpack_featured_media_url":"http:\/\/csepelfc.hu\/wp-content\/uploads\/2022\/04\/DSC_0472.jpg","jetpack_sharing_enabled":true,"jetpack_shortlink":"https:\/\/wp.me\/p83FEU-1Tk","_links":{"self":[{"href":"http:\/\/csepelfc.hu\/index.php\/wp-json\/wp\/v2\/posts\/7274"}],"collection":[{"href":"http:\/\/csepelfc.hu\/index.php\/wp-json\/wp\/v2\/posts"}],"about":[{"href":"http:\/\/csepelfc.hu\/index.php\/wp-json\/wp\/v2\/types\/post"}],"author":[{"embeddable":true,"href":"http:\/\/csepelfc.hu\/index.php\/wp-json\/wp\/v2\/users\/4"}],"replies":[{"embeddable":true,"href":"http:\/\/csepelfc.hu\/index.php\/wp-json\/wp\/v2\/comments?post=7274"}],"version-history":[{"count":5,"href":"http:\/\/csepelfc.hu\/index.php\/wp-json\/wp\/v2\/posts\/7274\/revisions"}],"predecessor-version":[{"id":7286,"href":"http:\/\/csepelfc.hu\/index.php\/wp-json\/wp\/v2\/posts\/7274\/revisions\/7286"}],"wp:featuredmedia":[{"embeddable":true,"href":"http:\/\/csepelfc.hu\/index.php\/wp-json\/wp\/v2\/media\/7284"}],"wp:attachment":[{"href":"http:\/\/csepelfc.hu\/index.php\/wp-json\/wp\/v2\/media?parent=7274"}],"wp:term":[{"taxonomy":"category","embeddable":true,"href":"http:\/\/csepelfc.hu\/index.php\/wp-json\/wp\/v2\/categories?post=7274"},{"taxonomy":"post_tag","embeddable":true,"href":"http:\/\/csepelfc.hu\/index.php\/wp-json\/wp\/v2\/tags?post=7274"}],"curies":[{"name":"wp","href":"https:\/\/api.w.org\/{rel}","templated":true}]}}