{"id":7205,"date":"2022-03-12T09:44:13","date_gmt":"2022-03-12T08:44:13","guid":{"rendered":"http:\/\/csepelfc.hu\/?p=7205"},"modified":"2022-03-12T09:44:18","modified_gmt":"2022-03-12T08:44:18","slug":"harom-pont-a-testveriseg-otthonabol","status":"publish","type":"post","link":"http:\/\/csepelfc.hu\/index.php\/2022\/03\/12\/harom-pont-a-testveriseg-otthonabol\/","title":{"rendered":"H\u00e1rom pont a Testv\u00e9ris\u00e9g otthon\u00e1b\u00f3l"},"content":{"rendered":"<p>A Csepel FC feln\u0151tt f\u00e9rfi csapata tov\u00e1bbra is veretlen\u00fcl \u00e1ll (imm\u00e1ron) a tabella \u00e9l\u00e9n, ez\u00fattal a Testv\u00e9ris\u00e9g- \u00dajpalota elleni egyg\u00f3los idegenbeli siker hozta az \u00fajabb pontokat.<!--more--><\/p>\n<p><strong>Testv\u00e9ris\u00e9g- \u00dajpalota SE &#8211; Csepel FC 0:1 (0:1)<\/strong><\/p>\n<p>Sz\u00e1nt\u00f3f\u00f6ld utcai Sporttelep, <strong>Jv.:<\/strong> Kiss Gerg\u0151 (V\u00e9gh M\u00e1rton, Ily\u00e9s Gerg\u0151)<\/p>\n<p><strong>Testv\u00e9ris\u00e9g- \u00dajpalota:<\/strong> Zub\u00e1ny M. &#8211; Bekker N. (P\u00e1lmai Zs. &#8217;53), \u00c1cs B., Sztojanovits Z., Tam\u00e1s D., Tr\u00e9f\u00e1s M. (Ambr\u00f3zi \u00c1. &#8217;46), Rosta L., Orosz \u00c1., Szij\u00e1rt\u00f3 G., Sz\u00e1ntovszki S., Buz\u00e1s G. (Edvi Cs. &#8217;81) <strong>Edz\u0151:<\/strong> Simon Zolt\u00e1n<\/p>\n<p><strong>Csepel FC:<\/strong> Sz\u0171cs Kriszti\u00e1n &#8211; M\u00e9sz\u00e1ros Roland, Torda Bence, M\u00e9sz\u00e1ros L\u00e1szl\u00f3, Gauzer Levente, P\u00f6l\u00f6skei P\u00e9ter, Haraszk\u00f3 S\u00e1ndor, Krist\u00f3f Gerg\u0151, S\u00fck\u00f6sd Kriszti\u00e1n (Moh\u00e1csik G\u00e1bor &#8217;53), N\u00e9meth Zolt\u00e1n (Zsivoczky- Pandel P\u00e9ter &#8217;70), V\u00f6r\u00f6s Bence <strong>Vezet\u0151edz\u0151:<\/strong> Tak\u00e1cs L\u00e1szl\u00f3<\/p>\n<p><strong>G\u00f3lszerz\u0151:<\/strong> P\u00f6l\u00f6skei P\u00e9ter &#8217;10<\/p>\n<p><strong>Tak\u00e1cs Kriszti\u00e1n:<\/strong> &#8211; <em>Fegyelmezett j\u00e1t\u00e9kkal, ilyen szokatlan id\u0151pontban, meg\u00e9rdemelt gy\u0151zelmet arattunk a j\u00f3 er\u0151kb\u0151l \u00e1ll\u00f3 Testv\u00e9ris\u00e9g- \u00dajpalota egy\u00fcttese ellen.<\/em><\/p>\n","protected":false},"excerpt":{"rendered":"<div class=\"mh-excerpt\"><p>A Csepel FC feln\u0151tt f\u00e9rfi csapata tov\u00e1bbra is veretlen\u00fcl \u00e1ll (imm\u00e1ron) a tabella \u00e9l\u00e9n, ez\u00fattal a Testv\u00e9ris\u00e9g- \u00dajpalota elleni egyg\u00f3los idegenbeli siker hozta az \u00fajabb pontokat.<\/p>\n<\/div>","protected":false},"author":4,"featured_media":5024,"comment_status":"closed","ping_status":"open","sticky":false,"template":"","format":"standard","meta":{"jetpack_publicize_message":"","jetpack_is_tweetstorm":false,"jetpack_publicize_feature_enabled":true},"categories":[1,7],"tags":[],"jetpack_publicize_connections":[],"jetpack_featured_media_url":"http:\/\/csepelfc.hu\/wp-content\/uploads\/2020\/02\/0-1.jpg","jetpack_sharing_enabled":true,"jetpack_shortlink":"https:\/\/wp.me\/p83FEU-1Sd","_links":{"self":[{"href":"http:\/\/csepelfc.hu\/index.php\/wp-json\/wp\/v2\/posts\/7205"}],"collection":[{"href":"http:\/\/csepelfc.hu\/index.php\/wp-json\/wp\/v2\/posts"}],"about":[{"href":"http:\/\/csepelfc.hu\/index.php\/wp-json\/wp\/v2\/types\/post"}],"author":[{"embeddable":true,"href":"http:\/\/csepelfc.hu\/index.php\/wp-json\/wp\/v2\/users\/4"}],"replies":[{"embeddable":true,"href":"http:\/\/csepelfc.hu\/index.php\/wp-json\/wp\/v2\/comments?post=7205"}],"version-history":[{"count":2,"href":"http:\/\/csepelfc.hu\/index.php\/wp-json\/wp\/v2\/posts\/7205\/revisions"}],"predecessor-version":[{"id":7207,"href":"http:\/\/csepelfc.hu\/index.php\/wp-json\/wp\/v2\/posts\/7205\/revisions\/7207"}],"wp:featuredmedia":[{"embeddable":true,"href":"http:\/\/csepelfc.hu\/index.php\/wp-json\/wp\/v2\/media\/5024"}],"wp:attachment":[{"href":"http:\/\/csepelfc.hu\/index.php\/wp-json\/wp\/v2\/media?parent=7205"}],"wp:term":[{"taxonomy":"category","embeddable":true,"href":"http:\/\/csepelfc.hu\/index.php\/wp-json\/wp\/v2\/categories?post=7205"},{"taxonomy":"post_tag","embeddable":true,"href":"http:\/\/csepelfc.hu\/index.php\/wp-json\/wp\/v2\/tags?post=7205"}],"curies":[{"name":"wp","href":"https:\/\/api.w.org\/{rel}","templated":true}]}}