{"id":7177,"date":"2022-03-04T18:38:21","date_gmt":"2022-03-04T17:38:21","guid":{"rendered":"http:\/\/csepelfc.hu\/?p=7177"},"modified":"2022-03-04T21:51:31","modified_gmt":"2022-03-04T20:51:31","slug":"100-eve-szuletett-nagy-ii-istvan","status":"publish","type":"post","link":"http:\/\/csepelfc.hu\/index.php\/2022\/03\/04\/100-eve-szuletett-nagy-ii-istvan\/","title":{"rendered":"100 \u00e9ve sz\u00fcletett Nagy II Istv\u00e1n"},"content":{"rendered":"<p>A csepeli labdar\u00fag\u00e1s \u00fajabb ikonikus szem\u00e9lyis\u00e9g\u00e9vel kapcsolatban \u00e9rkezt\u00fcnk el jeles d\u00e1tumhoz. Nagy II Istv\u00e1n a Csepel magyar bajnok, magyar v\u00e1logatott futballist\u00e1ja, majd edz\u0151je 100 \u00e9ve sz\u00fcletett.<!--more--><\/p>\n<p>Aki kicsit is j\u00e1ratos a csepeli labdar\u00fag\u00e1sban, az egyb\u0151l felkapja a fej\u00e9t, ha Nagy II Istv\u00e1nr\u00f3l, a hajdan n\u00e9pszer\u0171 Pista b\u00e1csir\u00f3l hall valamit, hiszen gener\u00e1ci\u00f3k csod\u00e1lt\u00e1k k\u0151kem\u00e9ny j\u00e1t\u00e9k\u00e1t, majd gener\u00e1ci\u00f3k pall\u00e9roz\u00f3dtak a keze alatt \u00e9s lettek sportol\u00f3k, de ha azok nem is, legal\u00e1bb megkapt\u00e1k a megfelel\u0151 alapokat a nagybet\u0171s \u00e9lethez. Eml\u00e9k\u00e9t a sok-sok \u00fajs\u00e1gcikken \u00e9s fot\u00f3n k\u00edv\u00fcl \u0151rzi csal\u00e1dja, n\u00e9h\u00e1nyan olyanok, akik m\u00e9g l\u00e1tt\u00e1k \u0151t egykoron j\u00e1tszani, \u00e9s legt\u00f6bben azok, akik tan\u00edtv\u00e1nyai voltak egykoron. A CsepelSportAnno Facebook oldal\u00e1n f\u00e9nyk\u00e9pes \u00f6ssze\u00e1ll\u00edt\u00e1ssal tiszteleg az egykori kiv\u00e1l\u00f3 csepeli sportember eml\u00e9ke el\u0151tt.<\/p>\n<p>N\u00e9vjegy:<\/p>\n<p><strong>Nagy II Istv\u00e1n\u00a0<\/strong><\/p>\n<p>(sz\u00fcletett 1922. m\u00e1rcius 2. &#8211; elhunyt 2000. m\u00e1jus)<\/p>\n<p>Poszt: h\u00e1tv\u00e9d<\/p>\n<p><strong>Klubjai:<\/strong> 1943 -44 Debreceni VSC 31 m\u00e9rk\u0151z\u00e9s<\/p>\n<p>1945-46 D\u00f3zs MADISZ 18 m\u00e9rk\u0151z\u00e9s<\/p>\n<p><strong>1946 &#8211; 1951 Csepel 143 m\u00e9rk\u0151z\u00e9s<\/strong><\/p>\n<p>1953 Sortex 26 m\u00e9rk\u0151z\u00e9s<\/p>\n<p>1954-56 V\u00f6r\u00f6s Meteor<\/p>\n<p>A Csepel csapat\u00e1val 1947\/1948- ban NBI- es bajnoki c\u00edmet szerzett, ugyanebben az \u00e9vben szerepelt a magyar v\u00e1logatottban is. (1948. m\u00e1jus Magyarorsz\u00e1g- Csehszlov\u00e1kia 2:1) Az 1945-46-ban f\u00e9lbeszakadt bajnoks\u00e1gban 3. A Csepel SC \u00f6r\u00f6k\u00f6s bajnoka, aranygy\u0171r\u0171s kit\u00fcntetettje, a Magyar N\u00e9pk\u00f6zt\u00e1rsas\u00e1gi Sport\u00e9rdem\u00e9rem ez\u00fcst fokozat (1951), a Magyar N\u00e9pk\u00f6zt\u00e1rsas\u00e1g kiv\u00e1l\u00f3 sportol\u00f3ja (1951) kit\u00fcntet\u0151 c\u00edmek visel\u0151je. Visszavonul\u00e1s\u00e1t k\u00f6vet\u0151en a Csepel SC ut\u00e1np\u00f3tl\u00e1s edz\u0151je.<\/p>\n","protected":false},"excerpt":{"rendered":"<div class=\"mh-excerpt\"><p>A csepeli labdar\u00fag\u00e1s \u00fajabb ikonikus szem\u00e9lyis\u00e9g\u00e9vel kapcsolatban \u00e9rkezt\u00fcnk el jeles d\u00e1tumhoz. Nagy II Istv\u00e1n a Csepel magyar bajnok, magyar v\u00e1logatott futballist\u00e1ja, majd edz\u0151je 100 \u00e9ve sz\u00fcletett.<\/p>\n<\/div>","protected":false},"author":4,"featured_media":7178,"comment_status":"closed","ping_status":"open","sticky":false,"template":"","format":"standard","meta":{"jetpack_publicize_message":"","jetpack_is_tweetstorm":false,"jetpack_publicize_feature_enabled":true},"categories":[1],"tags":[],"jetpack_publicize_connections":[],"jetpack_featured_media_url":"http:\/\/csepelfc.hu\/wp-content\/uploads\/2022\/03\/Sportre.jpg","jetpack_sharing_enabled":true,"jetpack_shortlink":"https:\/\/wp.me\/p83FEU-1RL","_links":{"self":[{"href":"http:\/\/csepelfc.hu\/index.php\/wp-json\/wp\/v2\/posts\/7177"}],"collection":[{"href":"http:\/\/csepelfc.hu\/index.php\/wp-json\/wp\/v2\/posts"}],"about":[{"href":"http:\/\/csepelfc.hu\/index.php\/wp-json\/wp\/v2\/types\/post"}],"author":[{"embeddable":true,"href":"http:\/\/csepelfc.hu\/index.php\/wp-json\/wp\/v2\/users\/4"}],"replies":[{"embeddable":true,"href":"http:\/\/csepelfc.hu\/index.php\/wp-json\/wp\/v2\/comments?post=7177"}],"version-history":[{"count":3,"href":"http:\/\/csepelfc.hu\/index.php\/wp-json\/wp\/v2\/posts\/7177\/revisions"}],"predecessor-version":[{"id":7182,"href":"http:\/\/csepelfc.hu\/index.php\/wp-json\/wp\/v2\/posts\/7177\/revisions\/7182"}],"wp:featuredmedia":[{"embeddable":true,"href":"http:\/\/csepelfc.hu\/index.php\/wp-json\/wp\/v2\/media\/7178"}],"wp:attachment":[{"href":"http:\/\/csepelfc.hu\/index.php\/wp-json\/wp\/v2\/media?parent=7177"}],"wp:term":[{"taxonomy":"category","embeddable":true,"href":"http:\/\/csepelfc.hu\/index.php\/wp-json\/wp\/v2\/categories?post=7177"},{"taxonomy":"post_tag","embeddable":true,"href":"http:\/\/csepelfc.hu\/index.php\/wp-json\/wp\/v2\/tags?post=7177"}],"curies":[{"name":"wp","href":"https:\/\/api.w.org\/{rel}","templated":true}]}}