{"id":7146,"date":"2022-02-26T12:47:31","date_gmt":"2022-02-26T11:47:31","guid":{"rendered":"http:\/\/csepelfc.hu\/?p=7146"},"modified":"2022-02-26T12:51:03","modified_gmt":"2022-02-26T11:51:03","slug":"futsal-szakosztalybovites-tornagyoztes-bemutatkozassal","status":"publish","type":"post","link":"http:\/\/csepelfc.hu\/index.php\/2022\/02\/26\/futsal-szakosztalybovites-tornagyoztes-bemutatkozassal\/","title":{"rendered":"Futsal: szakoszt\u00e1lyb\u0151v\u00edt\u00e9s, tornagy\u0151ztes bemutatkoz\u00e1ssal"},"content":{"rendered":"<p>A nemcsak min\u0151s\u00e9gben, hanem l\u00e9tsz\u00e1mban is fejl\u0151d\u0151 Csepel FC \u00fajabb szakoszt\u00e1llyal b\u0151v\u00fclt, m\u00e9gpedig a futsal tekintet\u00e9ben, ahol \u00fajabb csatlakoz\u00f3kr\u00f3l tudunk besz\u00e1molni.<!--more--><br \/>\n&#8211; <em>Lassan h\u00e1rom h\u00f3napja, hogy egy hall\u00e1ss\u00e9r\u00fcltekb\u0151l \u00e1ll\u00f3 egy\u00fcttes vette fel vel\u00fcnk a kapcsolatot Szab\u00f3 Zolt\u00e1n edz\u0151nk hathat\u00f3s k\u00f6zrem\u0171k\u00f6d\u00e9s\u00e9vel<\/em>&#8211; mondta el Pereszl\u00e9nyi Andr\u00e1s, az U14-es csapatukat is felk\u00e9sz\u00edt\u0151 tr\u00e9ner. <em>Szerencs\u00e9re klubvezet\u00e9s\u00fcnkn\u00e9l -M\u00e4rtz J\u00e1nos eln\u00f6k \u00farral az \u00e9len- nyitott f\u00fclekre tal\u00e1lt a megkeres\u00e9s, \u00edgy azonnal neki is foghattunk a k\u00f6z\u00f6s munk\u00e1nak, ami az\u00f3ta folyamatosan zajlik, a fi\u00fak heti egy- k\u00e9t edz\u00e9ssel k\u00e9sz\u00fclnek a megm\u00e9rettet\u00e9sekre. Ahogy l\u00e1tom, egyre jobban \u00f6sszecsiszol\u00f3dik a t\u00e1rsas\u00e1g amelynek egyik c\u00e9lja, hogy a hall\u00e1ss\u00e9r\u00fcltek k\u00f6z\u00f6tt n\u00e9pszer\u0171s\u00edtse ezt a sport\u00e1gat, s folyamatosan n\u00f6velje annak t\u00f6megb\u00e1zis\u00e1t, ak\u00e1r itt Csepelen is.<\/em><\/p>\n<p>&#8211; Volt- e m\u00e1r t\u00e9tmeccse a t\u00e1rsas\u00e1gnak?<\/p>\n<p>&#8211; <em>A Siketek Sport Club j\u00f3volt\u00e1b\u00f3l hatcsapatos Futsal Grand Prix torn\u00e1n m\u00e1r \u00e9lesben is megmutathatt\u00e1k magukat a sr\u00e1cok. Janu\u00e1rban \u00e9s febru\u00e1rban egyar\u00e1nt 2x 12 perces (fut\u00f3\u00f3r\u00e1val m\u00e9rt) id\u0151intervallumban, futsal szab\u00e1lyok szerint rendezett megm\u00e9rettet\u00e9seken vettek r\u00e9szt, ahol k\u00e9t alkalommal \u00f6t riv\u00e1lissal kellett megm\u00e9rk\u0151zni\u00fck, ezek k\u00f6z\u00fcl a Siketek SC k\u00e9t g\u00e1rd\u00e1j\u00e1t, valamint a Salg\u00f3tarj\u00e1nt oda- vissza gy\u0151zt\u00e9k le, m\u00edg az ALBA SINA, valamint a Debreceni SFSK egy\u00fcttes\u00e9vel el\u0151sz\u00f6r d\u00f6ntetlen lett az eredm\u00e9ny, m\u00e1sodj\u00e1ra azonban m\u00e1r jobbnak bizonyultak n\u00e1luk! \u00d6sszess\u00e9g\u00e9ben teh\u00e1t veretlen\u00fcl nyert\u00e9k meg a hat csapatot felvonultat\u00f3 torn\u00e1t, amihez ez\u00faton is gratul\u00e1lok nekik! Azt hiszem enn\u00e9l bizalomkelt\u0151bb bemutatkoz\u00e1st tervezni sem lehetett volna, rem\u00e9lem, hogy ezzel m\u00e9lt\u00f3v\u00e1 v\u00e1lhatnak a fi\u00fak arra, hogy elnyerj\u00e9k a Csepel FC \u00e9s a klub m\u00e9lt\u00e1n h\u00edres szurkol\u00f3inak bizalm\u00e1t.<\/em><\/p>\n<p><strong><em>\u00a0<\/em>A csapat tagjai:<\/strong><\/p>\n<p><strong>Edz\u0151k:<\/strong> Szab\u00f3 Zolt\u00e1n, Pereszl\u00e9nyi Andr\u00e1s<br \/>\n<strong>J\u00e1t\u00e9kosok:<\/strong> Avramia Patrik, V\u00e9gh Korn\u00e9l, Dr\u00e1fi Roland, Kun G\u00e1bor, Baranyai Istv\u00e1n, Kun Kriszti\u00e1n, Ratkai Imre, B\u00e1nki Zolt\u00e1n, Kun Benedek, Cser D\u00e1vid<\/p>\n<p><em>Lejegyezte: L\u00e9gr\u00e1di G.<\/em><\/p>\n","protected":false},"excerpt":{"rendered":"<div class=\"mh-excerpt\"><p>A nemcsak min\u0151s\u00e9gben, hanem l\u00e9tsz\u00e1mban is fejl\u0151d\u0151 Csepel FC \u00fajabb szakoszt\u00e1llyal b\u0151v\u00fclt, m\u00e9gpedig a futsal tekintet\u00e9ben, ahol \u00fajabb csatlakoz\u00f3kr\u00f3l tudunk besz\u00e1molni.<\/p>\n<\/div>","protected":false},"author":4,"featured_media":7147,"comment_status":"closed","ping_status":"open","sticky":false,"template":"","format":"standard","meta":{"jetpack_publicize_message":"","jetpack_is_tweetstorm":false,"jetpack_publicize_feature_enabled":true},"categories":[1,7],"tags":[],"jetpack_publicize_connections":[],"jetpack_featured_media_url":"http:\/\/csepelfc.hu\/wp-content\/uploads\/2022\/02\/DEFFutsal.jpg","jetpack_sharing_enabled":true,"jetpack_shortlink":"https:\/\/wp.me\/p83FEU-1Rg","_links":{"self":[{"href":"http:\/\/csepelfc.hu\/index.php\/wp-json\/wp\/v2\/posts\/7146"}],"collection":[{"href":"http:\/\/csepelfc.hu\/index.php\/wp-json\/wp\/v2\/posts"}],"about":[{"href":"http:\/\/csepelfc.hu\/index.php\/wp-json\/wp\/v2\/types\/post"}],"author":[{"embeddable":true,"href":"http:\/\/csepelfc.hu\/index.php\/wp-json\/wp\/v2\/users\/4"}],"replies":[{"embeddable":true,"href":"http:\/\/csepelfc.hu\/index.php\/wp-json\/wp\/v2\/comments?post=7146"}],"version-history":[{"count":2,"href":"http:\/\/csepelfc.hu\/index.php\/wp-json\/wp\/v2\/posts\/7146\/revisions"}],"predecessor-version":[{"id":7150,"href":"http:\/\/csepelfc.hu\/index.php\/wp-json\/wp\/v2\/posts\/7146\/revisions\/7150"}],"wp:featuredmedia":[{"embeddable":true,"href":"http:\/\/csepelfc.hu\/index.php\/wp-json\/wp\/v2\/media\/7147"}],"wp:attachment":[{"href":"http:\/\/csepelfc.hu\/index.php\/wp-json\/wp\/v2\/media?parent=7146"}],"wp:term":[{"taxonomy":"category","embeddable":true,"href":"http:\/\/csepelfc.hu\/index.php\/wp-json\/wp\/v2\/categories?post=7146"},{"taxonomy":"post_tag","embeddable":true,"href":"http:\/\/csepelfc.hu\/index.php\/wp-json\/wp\/v2\/tags?post=7146"}],"curies":[{"name":"wp","href":"https:\/\/api.w.org\/{rel}","templated":true}]}}