{"id":7139,"date":"2022-02-22T14:40:34","date_gmt":"2022-02-22T13:40:34","guid":{"rendered":"http:\/\/csepelfc.hu\/?p=7139"},"modified":"2022-02-22T14:40:34","modified_gmt":"2022-02-22T13:40:34","slug":"up-hazai-dontetlennel-inditott-az-u14","status":"publish","type":"post","link":"http:\/\/csepelfc.hu\/index.php\/2022\/02\/22\/up-hazai-dontetlennel-inditott-az-u14\/","title":{"rendered":"UP: hazai d\u00f6ntetlennel ind\u00edtott az U14"},"content":{"rendered":"<p>Ut\u00e1np\u00f3tl\u00e1sunk k\u00f6z\u00fcl els\u0151k\u00e9nt az U14-es egylet\u00fcnk l\u00e9pett p\u00e1ly\u00e1ra tavasszal, akik a BKV El\u0151re g\u00e1rd\u00e1j\u00e1t l\u00e1tt\u00e1k vend\u00e9g\u00fcl szombat d\u00e9lel\u0151tt.<!--more--><\/p>\n<p><img loading=\"lazy\" class=\"alignnone size-large wp-image-7140\" src=\"http:\/\/csepelfc.hu\/wp-content\/uploads\/2022\/02\/Csepel-BKV-Elore-859x1024.jpg\" alt=\"\" width=\"859\" height=\"1024\" srcset=\"http:\/\/csepelfc.hu\/wp-content\/uploads\/2022\/02\/Csepel-BKV-Elore-859x1024.jpg 859w, http:\/\/csepelfc.hu\/wp-content\/uploads\/2022\/02\/Csepel-BKV-Elore-252x300.jpg 252w, http:\/\/csepelfc.hu\/wp-content\/uploads\/2022\/02\/Csepel-BKV-Elore-768x915.jpg 768w, http:\/\/csepelfc.hu\/wp-content\/uploads\/2022\/02\/Csepel-BKV-Elore.jpg 1002w\" sizes=\"(max-width: 859px) 100vw, 859px\" \/><\/p>\n<p><strong>Peresz\u00e9lnyi Andr\u00e1s:<\/strong>&#8211; \u00a0<em>Nagy el\u00e1nnal vetett\u00fck bele magunkat a m\u00e9rk\u0151z\u00e9sbe, t\u00f6bbet j\u00e1rtattuk a labd\u00e1t mint a vend\u00e9gek, id\u0151vel pedig helyzetekig is eljutottunk, \u00e1m azokat nem siker\u00fclt g\u00f3lra v\u00e1ltanunk. Ahogyan az ilyenkor lenni szokott, negyed \u00f3ra eltelt\u00e9vel az ellenf\u00e9l szerzett vezet\u00e9st Sz\u00e9kely r\u00e9v\u00e9n. A folytat\u00e1sban is csapatunk el\u0151tt ad\u00f3dtak nagyobb lehet\u0151s\u00e9gek, sajnos b\u00fcntet\u0151t is hib\u00e1ztunk, \u00edgy hi\u00e1ba a mez\u0151nyf\u00f6l\u00e9ny, egyg\u00f3los h\u00e1tr\u00e1nyban vonultunk pihen\u0151re. A m\u00e1sodik j\u00e1t\u00e9kr\u00e9szben csapatunk rep\u00fcl\u0151rajtot vett: el\u0151bb Balogh Diego Leon\u00e1rd, majd k\u00e9t percre r\u00e1 Engelbrecht Andr\u00e1s is bek\u00f6sz\u00f6nt, ezzel m\u00e1r fordult a kocka, s ak\u00e1r el is d\u00f6nthett\u00fck volna a m\u00e9rk\u0151z\u00e9st, \u00e1m a koncentr\u00e1ci\u00f3 \u00e9s a fegyelem lankadni kezdet. Fokozatosan \u00e1tvette az ir\u00e1ny\u00edt\u00e1st a BKV, amely a hosszabb\u00edt\u00e1sban Dugolity r\u00e9v\u00e9n ki is egyenl\u00edtett. \u00cdgy d\u00f6ntetlennel kezdt\u00fck a tavaszt, a fejl\u0151d\u00e9s jelei azonban a pontveszt\u00e9s ellen\u00e9re is szemmel l\u00e1that\u00f3k. Amennyiben pedig nyolcvan percen \u00e1t kiegyens\u00falyozott teljes\u00edtm\u00e9nyt siker\u00fcl majd ny\u00fajtaniuk a sr\u00e1coknak, elindulhatunk a gy\u0151zelem \u00fatj\u00e1n is.<\/em><\/p>\n","protected":false},"excerpt":{"rendered":"<div class=\"mh-excerpt\"><p>Ut\u00e1np\u00f3tl\u00e1sunk k\u00f6z\u00fcl els\u0151k\u00e9nt az U14-es egylet\u00fcnk l\u00e9pett p\u00e1ly\u00e1ra tavasszal, akik a BKV El\u0151re g\u00e1rd\u00e1j\u00e1t l\u00e1tt\u00e1k vend\u00e9g\u00fcl szombat d\u00e9lel\u0151tt.<\/p>\n<\/div>","protected":false},"author":4,"featured_media":4773,"comment_status":"closed","ping_status":"open","sticky":false,"template":"","format":"standard","meta":{"jetpack_publicize_message":"","jetpack_is_tweetstorm":false,"jetpack_publicize_feature_enabled":true},"categories":[1,3],"tags":[],"jetpack_publicize_connections":[],"jetpack_featured_media_url":"http:\/\/csepelfc.hu\/wp-content\/uploads\/2019\/11\/C\u00edmerSuperUP.jpg","jetpack_sharing_enabled":true,"jetpack_shortlink":"https:\/\/wp.me\/p83FEU-1R9","_links":{"self":[{"href":"http:\/\/csepelfc.hu\/index.php\/wp-json\/wp\/v2\/posts\/7139"}],"collection":[{"href":"http:\/\/csepelfc.hu\/index.php\/wp-json\/wp\/v2\/posts"}],"about":[{"href":"http:\/\/csepelfc.hu\/index.php\/wp-json\/wp\/v2\/types\/post"}],"author":[{"embeddable":true,"href":"http:\/\/csepelfc.hu\/index.php\/wp-json\/wp\/v2\/users\/4"}],"replies":[{"embeddable":true,"href":"http:\/\/csepelfc.hu\/index.php\/wp-json\/wp\/v2\/comments?post=7139"}],"version-history":[{"count":1,"href":"http:\/\/csepelfc.hu\/index.php\/wp-json\/wp\/v2\/posts\/7139\/revisions"}],"predecessor-version":[{"id":7141,"href":"http:\/\/csepelfc.hu\/index.php\/wp-json\/wp\/v2\/posts\/7139\/revisions\/7141"}],"wp:featuredmedia":[{"embeddable":true,"href":"http:\/\/csepelfc.hu\/index.php\/wp-json\/wp\/v2\/media\/4773"}],"wp:attachment":[{"href":"http:\/\/csepelfc.hu\/index.php\/wp-json\/wp\/v2\/media?parent=7139"}],"wp:term":[{"taxonomy":"category","embeddable":true,"href":"http:\/\/csepelfc.hu\/index.php\/wp-json\/wp\/v2\/categories?post=7139"},{"taxonomy":"post_tag","embeddable":true,"href":"http:\/\/csepelfc.hu\/index.php\/wp-json\/wp\/v2\/tags?post=7139"}],"curies":[{"name":"wp","href":"https:\/\/api.w.org\/{rel}","templated":true}]}}