{"id":7104,"date":"2022-02-13T11:04:35","date_gmt":"2022-02-13T10:04:35","guid":{"rendered":"http:\/\/csepelfc.hu\/?p=7104"},"modified":"2022-02-13T11:04:35","modified_gmt":"2022-02-13T10:04:35","slug":"kupabucsu-immar-a-bajnoksagra-koncentralunk","status":"publish","type":"post","link":"http:\/\/csepelfc.hu\/index.php\/2022\/02\/13\/kupabucsu-immar-a-bajnoksagra-koncentralunk\/","title":{"rendered":"Kupab\u00facs\u00fa, imm\u00e1r a bajnoks\u00e1gra koncentr\u00e1lunk"},"content":{"rendered":"<p>N\u00e9gyg\u00f3los m\u00e9rk\u0151z\u00e9sen, 11- es p\u00e1rbajt k\u00f6vet\u0151en b\u00facs\u00fazott a Budapest kup\u00e1t\u00f3l a Csepel FC feln\u0151tt f\u00e9rfi egy\u00fcttese, \u00edgy m\u00e1r csup\u00e1n egy c\u00e9l lebeghet a csapat el\u0151tt: a bajnoks\u00e1gb\u00f3l kihozni a legt\u00f6bbet!<!--more--><\/p>\n<p><strong>F\u0151v\u00e1rosi V\u00edzm\u0171vek SK &#8211; Csepel FC 2:2 (0:0)<\/strong><\/p>\n<p>V\u00edzm\u0171vek sporttelep, <strong>Jv<\/strong>.: Czene- Jo\u00f3 \u00c1d\u00e1m (Milavecz P\u00e9ter, T\u00f6r\u00f6k Zsolt)<\/p>\n<p><strong>Csepel FC:<\/strong> Sz\u0171cs Kriszti\u00e1n &#8211; M\u00e9sz\u00e1ros Roland, Zsivoczky- Pandel P\u00e9ter (N\u00e9meth Zolt\u00e1n &#8217;52), Torda Bence, Tolnay Rokk\u00f3 (Urbin M\u00e1rk &#8217;52), V\u00f6r\u00f6s Bence, Haraszk\u00f3 S\u00e1ndor (Krist\u00f3f Gerg\u0151 &#8217;63), Tepl\u00e1n J\u00e1nos, Moh\u00e1csik G\u00e1bor (S\u00fck\u00f6sd Kriszti\u00e1n &#8217;63), M\u00e9sz\u00e1ros L\u00e1szl\u00f3, P\u00f6l\u00f6skei P\u00e9ter <strong>Vezet\u0151edz\u0151:<\/strong> Tak\u00e1cs Kriszti\u00e1n<\/p>\n<p><strong>G\u00f3lszerz\u0151k:<\/strong> Farag\u00f3 M. (2), ill. M\u00e9sz\u00e1ros L\u00e1szl\u00f3, V\u00f6r\u00f6s Bence<\/p>\n<p><strong>11- esekkel:<\/strong> 5:4<\/p>\n<p><strong>Tak\u00e1cs Kriszti\u00e1n:<\/strong> &#8211; Kiz\u00e1r\u00f3lag<em> saj\u00e1t magunknak tett\u00fck neh\u00e9zz\u00e9 ezt a meccset. Voltak peri\u00f3dusok amikor azt l\u00e1ttam a p\u00e1ly\u00e1n, amit v\u00e1rtam a csapatt\u00f3l, az utols\u00f3 pillanatig ny\u00edlt volt a tal\u00e1lkoz\u00f3 v\u00e9gkimenetele, amib\u0151l v\u00e9g\u00fcl -a teljes j\u00e1t\u00e9kid\u0151n m\u00e1r k\u00edv\u00fcl-\u00a0 nem mi ker\u00fclt\u00fcnk ki gy\u0151ztesen&#8230; Gratul\u00e1lok a V\u00edzm\u0171veknek, akik a bajnoks\u00e1gban m\u00e9g sok borsot fognak t\u00f6rni ellenfeleik orra al\u00e1 a l\u00e1tottak alapj\u00e1n. B\u00edzom benne, hogy a ny\u00e1rt\u00f3l nem kell t\u00f6bbet ebben a kupasorozatban r\u00e9szt venn\u00fcnk&#8230;<\/em><\/p>\n<p>&nbsp;<\/p>\n","protected":false},"excerpt":{"rendered":"<div class=\"mh-excerpt\"><p>N\u00e9gyg\u00f3los m\u00e9rk\u0151z\u00e9sen, 11- es p\u00e1rbajt k\u00f6vet\u0151en b\u00facs\u00fazott a Budapest kup\u00e1t\u00f3l a Csepel FC feln\u0151tt f\u00e9rfi egy\u00fcttese, \u00edgy m\u00e1r csup\u00e1n egy c\u00e9l lebeghet a csapat el\u0151tt: a bajnoks\u00e1gb\u00f3l kihozni a legt\u00f6bbet!<\/p>\n<\/div>","protected":false},"author":4,"featured_media":7105,"comment_status":"closed","ping_status":"open","sticky":false,"template":"","format":"standard","meta":{"jetpack_publicize_message":"","jetpack_is_tweetstorm":false,"jetpack_publicize_feature_enabled":true},"categories":[1,7],"tags":[],"jetpack_publicize_connections":[],"jetpack_featured_media_url":"http:\/\/csepelfc.hu\/wp-content\/uploads\/2022\/02\/Viz-Csepel.jpg","jetpack_sharing_enabled":true,"jetpack_shortlink":"https:\/\/wp.me\/p83FEU-1QA","_links":{"self":[{"href":"http:\/\/csepelfc.hu\/index.php\/wp-json\/wp\/v2\/posts\/7104"}],"collection":[{"href":"http:\/\/csepelfc.hu\/index.php\/wp-json\/wp\/v2\/posts"}],"about":[{"href":"http:\/\/csepelfc.hu\/index.php\/wp-json\/wp\/v2\/types\/post"}],"author":[{"embeddable":true,"href":"http:\/\/csepelfc.hu\/index.php\/wp-json\/wp\/v2\/users\/4"}],"replies":[{"embeddable":true,"href":"http:\/\/csepelfc.hu\/index.php\/wp-json\/wp\/v2\/comments?post=7104"}],"version-history":[{"count":1,"href":"http:\/\/csepelfc.hu\/index.php\/wp-json\/wp\/v2\/posts\/7104\/revisions"}],"predecessor-version":[{"id":7106,"href":"http:\/\/csepelfc.hu\/index.php\/wp-json\/wp\/v2\/posts\/7104\/revisions\/7106"}],"wp:featuredmedia":[{"embeddable":true,"href":"http:\/\/csepelfc.hu\/index.php\/wp-json\/wp\/v2\/media\/7105"}],"wp:attachment":[{"href":"http:\/\/csepelfc.hu\/index.php\/wp-json\/wp\/v2\/media?parent=7104"}],"wp:term":[{"taxonomy":"category","embeddable":true,"href":"http:\/\/csepelfc.hu\/index.php\/wp-json\/wp\/v2\/categories?post=7104"},{"taxonomy":"post_tag","embeddable":true,"href":"http:\/\/csepelfc.hu\/index.php\/wp-json\/wp\/v2\/tags?post=7104"}],"curies":[{"name":"wp","href":"https:\/\/api.w.org\/{rel}","templated":true}]}}