{"id":7080,"date":"2022-02-01T09:21:26","date_gmt":"2022-02-01T08:21:26","guid":{"rendered":"http:\/\/csepelfc.hu\/?p=7080"},"modified":"2022-02-01T09:46:58","modified_gmt":"2022-02-01T08:46:58","slug":"koszonom-az-erdeklodest-minden-rendben-korhazi-jelentes","status":"publish","type":"post","link":"http:\/\/csepelfc.hu\/index.php\/2022\/02\/01\/koszonom-az-erdeklodest-minden-rendben-korhazi-jelentes\/","title":{"rendered":"&#8220;K\u00f6sz\u00f6n\u00f6m az \u00e9rdekl\u0151d\u00e9st, minden rendben!&#8221; &#8211; k\u00f3rh\u00e1zi jelent\u00e9s"},"content":{"rendered":"<p>H\u00e9tf\u0151n reggel Csepelen aut\u00f3balesetet szenvedett Tak\u00e1cs Kriszti\u00e1n vezet\u0151edz\u0151nk \u00e9s fia Bence, akik a k\u00f6r\u00fclm\u00e9nyekhez k\u00e9pest j\u00f3l vannak. <!--more--><\/p>\n<p>&#8220;<em>K\u00f6sz\u00f6n\u00f6m az \u00e9rdekl\u0151d\u00e9st m\u00e1r j\u00f3l vagyok, Bence haza is t\u00e9rhetett az otthonunkba, nekem m\u00e9g p\u00e1r napig maradnom kell megfigyel\u00e9sre<\/em>&#8221; &#8211; mondta el \u00e9rdekl\u0151d\u00e9s\u00fcnkre feln\u0151tt csapatunk vezet\u0151edz\u0151je. <em>&#8220;Sajnos csak nehezen tudt\u00e1k el\u00e1ll\u00edtani a v\u00e9rz\u00e9st a ment\u0151s\u00f6k, 16 \u00f6lt\u00e9ssel siker\u00fclt a fejemen a sebet \u00f6sszevarrni, \u00edgy tulajdonk\u00e9ppen m\u00e1r a l\u00e1badoz\u00e1si id\u0151szakban vagyok. Szerencs\u00e9re a feles\u00e9gem ell\u00e1tott k\u00f6nyvekkel \u00e9s mindennel, amire sz\u00fcks\u00e9gem van, de m\u00e1r nagyon v\u00e1rom, hogy elhagyjam a k\u00f3rh\u00e1zat. Term\u00e9szetesen a csapat edz\u00e9sei folyamatosan zajlanak, t\u00e1voll\u00e9temben Metzger Tibor \u00e9s Zsivoczky- Pandel P\u00e9ter ir\u00e1ny\u00edtja a gyakorl\u00e1sokat. Rem\u00e9nyeim szerint a h\u00e9tv\u00e9g\u00e9re m\u00e1r \u00e9n is a csapat mellett lehetek!<\/em> &#8211; z\u00e1rta a telefonbesz\u00e9lget\u00e9st Tak\u00e1cs Kriszti\u00e1n, akinek ez\u00faton is miel\u0151bbi fel\u00e9p\u00fcl\u00e9st k\u00edv\u00e1nunk.<\/p>\n","protected":false},"excerpt":{"rendered":"<div class=\"mh-excerpt\"><p>H\u00e9tf\u0151n reggel Csepelen aut\u00f3balesetet szenvedett Tak\u00e1cs Kriszti\u00e1n vezet\u0151edz\u0151nk \u00e9s fia Bence, akik a k\u00f6r\u00fclm\u00e9nyekhez k\u00e9pest j\u00f3l vannak.<\/p>\n<\/div>","protected":false},"author":4,"featured_media":6975,"comment_status":"closed","ping_status":"open","sticky":false,"template":"","format":"standard","meta":{"jetpack_publicize_message":"","jetpack_is_tweetstorm":false,"jetpack_publicize_feature_enabled":true},"categories":[1,7],"tags":[],"jetpack_publicize_connections":[],"jetpack_featured_media_url":"http:\/\/csepelfc.hu\/wp-content\/uploads\/2022\/01\/Takik..jpg","jetpack_sharing_enabled":true,"jetpack_shortlink":"https:\/\/wp.me\/p83FEU-1Qc","_links":{"self":[{"href":"http:\/\/csepelfc.hu\/index.php\/wp-json\/wp\/v2\/posts\/7080"}],"collection":[{"href":"http:\/\/csepelfc.hu\/index.php\/wp-json\/wp\/v2\/posts"}],"about":[{"href":"http:\/\/csepelfc.hu\/index.php\/wp-json\/wp\/v2\/types\/post"}],"author":[{"embeddable":true,"href":"http:\/\/csepelfc.hu\/index.php\/wp-json\/wp\/v2\/users\/4"}],"replies":[{"embeddable":true,"href":"http:\/\/csepelfc.hu\/index.php\/wp-json\/wp\/v2\/comments?post=7080"}],"version-history":[{"count":2,"href":"http:\/\/csepelfc.hu\/index.php\/wp-json\/wp\/v2\/posts\/7080\/revisions"}],"predecessor-version":[{"id":7082,"href":"http:\/\/csepelfc.hu\/index.php\/wp-json\/wp\/v2\/posts\/7080\/revisions\/7082"}],"wp:featuredmedia":[{"embeddable":true,"href":"http:\/\/csepelfc.hu\/index.php\/wp-json\/wp\/v2\/media\/6975"}],"wp:attachment":[{"href":"http:\/\/csepelfc.hu\/index.php\/wp-json\/wp\/v2\/media?parent=7080"}],"wp:term":[{"taxonomy":"category","embeddable":true,"href":"http:\/\/csepelfc.hu\/index.php\/wp-json\/wp\/v2\/categories?post=7080"},{"taxonomy":"post_tag","embeddable":true,"href":"http:\/\/csepelfc.hu\/index.php\/wp-json\/wp\/v2\/tags?post=7080"}],"curies":[{"name":"wp","href":"https:\/\/api.w.org\/{rel}","templated":true}]}}