{"id":6944,"date":"2022-01-21T20:48:25","date_gmt":"2022-01-21T19:48:25","guid":{"rendered":"http:\/\/csepelfc.hu\/?p=6944"},"modified":"2022-01-21T20:49:34","modified_gmt":"2022-01-21T19:49:34","slug":"felevi-bizonyitvany-az-u-11","status":"publish","type":"post","link":"http:\/\/csepelfc.hu\/index.php\/2022\/01\/21\/felevi-bizonyitvany-az-u-11\/","title":{"rendered":"F\u00e9l\u00e9vi bizony\u00edtv\u00e1ny: szembet\u0171n\u0151 fejl\u0151d\u00e9s az U11- ben"},"content":{"rendered":"<p>Fiatalabb koroszt\u00e1lyaink k\u00f6z\u00fcl az U11- es is sz\u00e9pen gyarapodott, fejl\u0151d\u00f6tt 2021 \u0151sz\u00e9n. A r\u00e9szletekr\u0151l edz\u0151j\u00fck, R\u00e1cz Botond sz\u00e1mol be nek\u00fcnk.<!--more--><br \/>\n&#8211; <em>Az U11- es koroszt\u00e1ly \u0151szi szezonja az elm\u00falt id\u0151szakhoz k\u00e9pest egy sokkal sikeresebb f\u00e9l\u00e9vnek bizonyult. Az eddigi keretb\u0151v\u00edt\u00e9si c\u00e9lok ut\u00e1n, amellyel l\u00e9nyegesen meg tudtuk er\u0151s\u00edteni a koroszt\u00e1ly l\u00e9tsz\u00e1m\u00e1t, imm\u00e1ron az egy\u00e9ni \u00e9s csapat szint\u0171 fejl\u0151d\u00e9s \u00e1llt a k\u00f6z\u00e9ppontban. Nagy \u00f6r\u00f6mmel t\u00f6lt el, hogy sz\u00e1mos gyerek m\u00e1r be tudott mutatkozni az U13- as koroszt\u00e1lyunkban is, ahol eg\u00e9szen tisztesen helyt\u00e1lltak. A Bozsik Programos rendezv\u00e9nyek alkalm\u00e1val nagyon sz\u00e9p dolgokat l\u00e1ttam azokb\u00f3l, amelyeket edz\u00e9seken gyakoroltunk,ez igaz az egy\u00e9ni \u00e9s a csapat teljes\u00edtm\u00e9nyre is. \u00d6r\u00f6mmel sz\u00e1molhatok be arr\u00f3l is, hogy a hazai rendez\u00e9s\u0171 Bozsik torna a csapatokon k\u00edv\u00fcl sok n\u00e9z\u0151t is vonzott a B\u00e9ke t\u00e9ri sporttelepre \u00e9s azt hiszem koll\u00e9g\u00e1immal egy\u00fctt j\u00f3 h\u00e1zigazd\u00e1knak bizonyultunk, a visszajelz\u00e9sek legal\u00e1bbis ezt igazolj\u00e1k. Visszat\u00e9rve a csapatra: term\u00e9szetesen van m\u00e9g hova fejl\u0151dn\u00fcnk, de \u00e9ppen ez\u00e9rt dolgozunk a mindennapokban folyamatosan, hogy ez a fejl\u0151d\u00e9s szemmel l\u00e1that\u00f3 legyen a megm\u00e9rettet\u00e9seken is. Nagy rem\u00e9nyeket f\u0171z\u00f6k ehhez a koroszt\u00e1lyhoz, mert a szorgalom \u00e9s a labdar\u00fag\u00e1s ir\u00e1nti szeretet m\u00e9g meg van a sr\u00e1cokban, rem\u00e9lj\u00fck m\u00e9g sok\u00e1ig meg is lesz!- <\/em>z\u00e1rta a besz\u00e1mol\u00f3t R\u00e1cz Botond.<\/p>\n<p><em>Lejegyezte: L\u00e9gr\u00e1di G\u00e1bor<\/em><\/p>\n","protected":false},"excerpt":{"rendered":"<div class=\"mh-excerpt\"><p>Fiatalabb koroszt\u00e1lyaink k\u00f6z\u00fcl az U11- es is sz\u00e9pen gyarapodott, fejl\u0151d\u00f6tt 2021 \u0151sz\u00e9n. A r\u00e9szletekr\u0151l edz\u0151j\u00fck, R\u00e1cz Botond sz\u00e1mol be nek\u00fcnk.<\/p>\n<\/div>","protected":false},"author":4,"featured_media":6945,"comment_status":"closed","ping_status":"open","sticky":false,"template":"","format":"standard","meta":{"jetpack_publicize_message":"","jetpack_is_tweetstorm":false,"jetpack_publicize_feature_enabled":true},"categories":[1,11,3],"tags":[],"jetpack_publicize_connections":[],"jetpack_featured_media_url":"http:\/\/csepelfc.hu\/wp-content\/uploads\/2022\/01\/RaczBoti-U11.png","jetpack_sharing_enabled":true,"jetpack_shortlink":"https:\/\/wp.me\/p83FEU-1O0","_links":{"self":[{"href":"http:\/\/csepelfc.hu\/index.php\/wp-json\/wp\/v2\/posts\/6944"}],"collection":[{"href":"http:\/\/csepelfc.hu\/index.php\/wp-json\/wp\/v2\/posts"}],"about":[{"href":"http:\/\/csepelfc.hu\/index.php\/wp-json\/wp\/v2\/types\/post"}],"author":[{"embeddable":true,"href":"http:\/\/csepelfc.hu\/index.php\/wp-json\/wp\/v2\/users\/4"}],"replies":[{"embeddable":true,"href":"http:\/\/csepelfc.hu\/index.php\/wp-json\/wp\/v2\/comments?post=6944"}],"version-history":[{"count":3,"href":"http:\/\/csepelfc.hu\/index.php\/wp-json\/wp\/v2\/posts\/6944\/revisions"}],"predecessor-version":[{"id":6948,"href":"http:\/\/csepelfc.hu\/index.php\/wp-json\/wp\/v2\/posts\/6944\/revisions\/6948"}],"wp:featuredmedia":[{"embeddable":true,"href":"http:\/\/csepelfc.hu\/index.php\/wp-json\/wp\/v2\/media\/6945"}],"wp:attachment":[{"href":"http:\/\/csepelfc.hu\/index.php\/wp-json\/wp\/v2\/media?parent=6944"}],"wp:term":[{"taxonomy":"category","embeddable":true,"href":"http:\/\/csepelfc.hu\/index.php\/wp-json\/wp\/v2\/categories?post=6944"},{"taxonomy":"post_tag","embeddable":true,"href":"http:\/\/csepelfc.hu\/index.php\/wp-json\/wp\/v2\/tags?post=6944"}],"curies":[{"name":"wp","href":"https:\/\/api.w.org\/{rel}","templated":true}]}}