{"id":6875,"date":"2021-12-12T19:12:59","date_gmt":"2021-12-12T18:12:59","guid":{"rendered":"http:\/\/csepelfc.hu\/?p=6875"},"modified":"2021-12-12T19:12:59","modified_gmt":"2021-12-12T18:12:59","slug":"csepel-fc-advent-3-ferfi-csapatunke-a-harmadik-gyertya","status":"publish","type":"post","link":"http:\/\/csepelfc.hu\/index.php\/2021\/12\/12\/csepel-fc-advent-3-ferfi-csapatunke-a-harmadik-gyertya\/","title":{"rendered":"Csepel FC Advent 3: f\u00e9rfi csapatunk\u00e9 a harmadik gyertya"},"content":{"rendered":"<p>Kar\u00e1csonyhoz k\u00f6zeledv\u00e9n \u00fajabb gyertya l\u00e1ngja lobbant l\u00e1ngra a Csepel FC adventi koszor\u00faj\u00e1n az \u00e9ppen \u00e9vz\u00e1r\u00f3j\u00e1t tart\u00f3 feln\u0151tt f\u00e9rfi csapatunk j\u00f3volt\u00e1b\u00f3l.<!--more--><\/p>\n<p>Az \u00f6r\u00f6m<\/p>\n<p>Az adventi koszor\u00fa harmadik gyerty\u00e1j\u00e1nak jelent\u00e9se Sz\u0171z M\u00e1ri\u00e1hoz k\u00f6t\u0151dik, \u0151 sz\u00fcli meg kis J\u00e9zust. Ezen gyertya az egyed\u00fcli r\u00f3zsasz\u00edn gyertya \u00e9s az \u00f6r\u00f6m\u00f6t jelk\u00e9pezi. El\u00e9rkezt\u00fcnk a f\u00e9lid\u0151h\u00f6z, \u00f6r\u00f6mmel t\u00f6lthet el minket, hogy a v\u00e1rakoz\u00e1s hamarosan v\u00e9g\u00e9re \u00e9r \u00e9s itt a szeretetteljes kar\u00e1csonyi id\u0151szak.<\/p>\n","protected":false},"excerpt":{"rendered":"<div class=\"mh-excerpt\"><p>Kar\u00e1csonyhoz k\u00f6zeledv\u00e9n \u00fajabb gyertya l\u00e1ngja lobbant l\u00e1ngra a Csepel FC adventi koszor\u00faj\u00e1n az \u00e9ppen \u00e9vz\u00e1r\u00f3j\u00e1t tart\u00f3 feln\u0151tt f\u00e9rfi csapatunk j\u00f3volt\u00e1b\u00f3l.<\/p>\n<\/div>","protected":false},"author":4,"featured_media":6876,"comment_status":"closed","ping_status":"open","sticky":false,"template":"","format":"standard","meta":{"jetpack_publicize_message":"","jetpack_is_tweetstorm":false,"jetpack_publicize_feature_enabled":true},"categories":[1,10],"tags":[],"jetpack_publicize_connections":[],"jetpack_featured_media_url":"http:\/\/csepelfc.hu\/wp-content\/uploads\/2021\/12\/Gyertyuszgyujtask..jpg","jetpack_sharing_enabled":true,"jetpack_shortlink":"https:\/\/wp.me\/p83FEU-1MT","_links":{"self":[{"href":"http:\/\/csepelfc.hu\/index.php\/wp-json\/wp\/v2\/posts\/6875"}],"collection":[{"href":"http:\/\/csepelfc.hu\/index.php\/wp-json\/wp\/v2\/posts"}],"about":[{"href":"http:\/\/csepelfc.hu\/index.php\/wp-json\/wp\/v2\/types\/post"}],"author":[{"embeddable":true,"href":"http:\/\/csepelfc.hu\/index.php\/wp-json\/wp\/v2\/users\/4"}],"replies":[{"embeddable":true,"href":"http:\/\/csepelfc.hu\/index.php\/wp-json\/wp\/v2\/comments?post=6875"}],"version-history":[{"count":1,"href":"http:\/\/csepelfc.hu\/index.php\/wp-json\/wp\/v2\/posts\/6875\/revisions"}],"predecessor-version":[{"id":6877,"href":"http:\/\/csepelfc.hu\/index.php\/wp-json\/wp\/v2\/posts\/6875\/revisions\/6877"}],"wp:featuredmedia":[{"embeddable":true,"href":"http:\/\/csepelfc.hu\/index.php\/wp-json\/wp\/v2\/media\/6876"}],"wp:attachment":[{"href":"http:\/\/csepelfc.hu\/index.php\/wp-json\/wp\/v2\/media?parent=6875"}],"wp:term":[{"taxonomy":"category","embeddable":true,"href":"http:\/\/csepelfc.hu\/index.php\/wp-json\/wp\/v2\/categories?post=6875"},{"taxonomy":"post_tag","embeddable":true,"href":"http:\/\/csepelfc.hu\/index.php\/wp-json\/wp\/v2\/tags?post=6875"}],"curies":[{"name":"wp","href":"https:\/\/api.w.org\/{rel}","templated":true}]}}