{"id":6847,"date":"2021-12-05T15:34:56","date_gmt":"2021-12-05T14:34:56","guid":{"rendered":"http:\/\/csepelfc.hu\/?p=6847"},"modified":"2021-12-05T15:35:00","modified_gmt":"2021-12-05T14:35:00","slug":"gyozelem-budafokon-veretlenul-zartuk-az-oszt","status":"publish","type":"post","link":"http:\/\/csepelfc.hu\/index.php\/2021\/12\/05\/gyozelem-budafokon-veretlenul-zartuk-az-oszt\/","title":{"rendered":"Gy\u0151zelem Budafokon, veretlen\u00fcl z\u00e1rtuk az \u0151szt"},"content":{"rendered":"<p>Folytatta ut\u00f3bbi id\u0151ben &#8220;megszokott&#8221; kiv\u00e1l\u00f3 szerepl\u00e9s\u00e9t a Csepel FC feln\u0151tt f\u00e9rfi csapata. Budafokr\u00f3l is gy\u0151ztesen t\u00e9rtek haza a k\u00e9k-piros labdar\u00fag\u00f3k, \u00edgy minim\u00e1lis ponth\u00e1tr\u00e1nyb\u00f3l, a dobog\u00f3n v\u00e1rhatjuk a tavaszi&nbsp; szezont.<!--more--><\/p>\n<p><strong>Budafoki MTE II &#8211; Csepel FC 2:3 (0:2)<\/strong><\/p>\n<p>Promontor utca, <strong>Jv.<\/strong>: Czene- Jo\u00f3 \u00c1d\u00e1m (Nyekit\u00f3 Br\u00fan\u00f3, T\u00f6r\u00f6k Zsolt)<\/p>\n<p><strong>Budafok:<\/strong> Ily\u00e9s B. &#8211; N\u00e9meth G., Farkas B., F\u00f6ldi D., Horv\u00e1th T., (Kelemen \u00c1. &#8217;85), Venczel Zs., Moln\u00e1r B. (Nagy A. &#8217;65), Greksa B. (Szebenyi B. &#8217;77), Nagy D., Gy\u00f6re K., Forrai Z. (Seb\u0151k M. &#8217;89) <strong>Vezet\u0151edz\u0151:<\/strong> Pozder Nenad<\/p>\n<p><strong>Csepel FC:<\/strong> Sz\u0171cs Kriszti\u00e1n &#8211; M\u00e9sz\u00e1ros Roland, Torda Bence, M\u00e9sz\u00e1ros L\u00e1szl\u00f3, Zsivoczky- Pandel P\u00e9ter (Urbin Martin &#8217;59), Gauzer Levente, Tepl\u00e1n J\u00e1nos, Moh\u00e1csik G\u00e1bor, Krist\u00f3f Gerg\u0151 (Bende J\u00e1nos &#8217;74), N\u00e9meth Zolt\u00e1n (Urbin M\u00e1rk &#8217;90), V\u00f6r\u00f6s Bence <strong>Vezet\u0151edz\u0151:<\/strong> Tak\u00e1cs Kriszti\u00e1n<\/p>\n<p><strong>G\u00f3lszerz\u0151k:<\/strong>&nbsp; Forrai Z. &#8217;63, Szebenyi B. &#8217;94, ill. N\u00e9meth G\u00e1bor (\u00f6ng\u00f3l), Zsivoczky- Pandel P\u00e9ter &#8217;44, M\u00e9sz\u00e1ros L\u00e1szl\u00f3 (11- es) &#8217;81<\/p>\n<p><strong>Tak\u00e1cs Kriszti\u00e1n vezet\u0151edz\u0151:<\/strong> &#8211; <em>A mai napon a rutinunknak, fegyelmezetts\u00e9g\u00fcnknek \u00e9s egy kis szerencs\u00e9nek k\u00f6sz\u00f6nhetj\u00fck ezt a remek gy\u0151zelmet. Gratul\u00e1lok a Budafok j\u00e1t\u00e9k\u00e1hoz \u00e9s sok sikert k\u00edv\u00e1nok nekik a tov\u00e1bbiakban. Szurkol\u00f3inknak pedig k\u00f6sz\u00f6nj\u00fck az eg\u00e9sz \u00e9ves buzd\u00edt\u00e1st!<\/em><\/p>\n","protected":false},"excerpt":{"rendered":"<div class=\"mh-excerpt\"><p>Folytatta ut\u00f3bbi id\u0151ben &#8220;megszokott&#8221; kiv\u00e1l\u00f3 szerepl\u00e9s\u00e9t a Csepel FC feln\u0151tt f\u00e9rfi csapata. Budafokr\u00f3l is gy\u0151ztesen t\u00e9rtek haza a k\u00e9k-piros labdar\u00fag\u00f3k, \u00edgy minim\u00e1lis ponth\u00e1tr\u00e1nyb\u00f3l, a dobog\u00f3n v\u00e1rhatjuk a tavaszi&nbsp; szezont.<\/p>\n<\/div>","protected":false},"author":4,"featured_media":6852,"comment_status":"closed","ping_status":"open","sticky":false,"template":"","format":"standard","meta":{"jetpack_publicize_message":"","jetpack_is_tweetstorm":false,"jetpack_publicize_feature_enabled":true},"categories":[1,7],"tags":[],"jetpack_publicize_connections":[],"jetpack_featured_media_url":"http:\/\/csepelfc.hu\/wp-content\/uploads\/2021\/12\/Kispad-BMTE.jpg","jetpack_sharing_enabled":true,"jetpack_shortlink":"https:\/\/wp.me\/p83FEU-1Mr","_links":{"self":[{"href":"http:\/\/csepelfc.hu\/index.php\/wp-json\/wp\/v2\/posts\/6847"}],"collection":[{"href":"http:\/\/csepelfc.hu\/index.php\/wp-json\/wp\/v2\/posts"}],"about":[{"href":"http:\/\/csepelfc.hu\/index.php\/wp-json\/wp\/v2\/types\/post"}],"author":[{"embeddable":true,"href":"http:\/\/csepelfc.hu\/index.php\/wp-json\/wp\/v2\/users\/4"}],"replies":[{"embeddable":true,"href":"http:\/\/csepelfc.hu\/index.php\/wp-json\/wp\/v2\/comments?post=6847"}],"version-history":[{"count":1,"href":"http:\/\/csepelfc.hu\/index.php\/wp-json\/wp\/v2\/posts\/6847\/revisions"}],"predecessor-version":[{"id":6853,"href":"http:\/\/csepelfc.hu\/index.php\/wp-json\/wp\/v2\/posts\/6847\/revisions\/6853"}],"wp:featuredmedia":[{"embeddable":true,"href":"http:\/\/csepelfc.hu\/index.php\/wp-json\/wp\/v2\/media\/6852"}],"wp:attachment":[{"href":"http:\/\/csepelfc.hu\/index.php\/wp-json\/wp\/v2\/media?parent=6847"}],"wp:term":[{"taxonomy":"category","embeddable":true,"href":"http:\/\/csepelfc.hu\/index.php\/wp-json\/wp\/v2\/categories?post=6847"},{"taxonomy":"post_tag","embeddable":true,"href":"http:\/\/csepelfc.hu\/index.php\/wp-json\/wp\/v2\/tags?post=6847"}],"curies":[{"name":"wp","href":"https:\/\/api.w.org\/{rel}","templated":true}]}}