{"id":6831,"date":"2021-12-03T12:16:43","date_gmt":"2021-12-03T11:16:43","guid":{"rendered":"http:\/\/csepelfc.hu\/?p=6831"},"modified":"2021-12-03T12:18:13","modified_gmt":"2021-12-03T11:18:13","slug":"noiupfutsal-11-pontot-hozott-a-konyhara-a-fordulo","status":"publish","type":"post","link":"http:\/\/csepelfc.hu\/index.php\/2021\/12\/03\/noiupfutsal-11-pontot-hozott-a-konyhara-a-fordulo\/","title":{"rendered":"N\u0151i&#038;UP&#038;Futsal: 11 pontot hozott a konyh\u00e1ra a fordul\u00f3"},"content":{"rendered":"<p>\u00d6sszesen hat Csepel FC csapat l\u00e9pett p\u00e1ly\u00e1ra az elm\u00falt fordul\u00f3ban, az U14,U15- \u00f6s illetve a l\u00e1ny U19-es egy\u00fcttes\u00fcnk is sz\u00e9p sikert aratott U19-es fi\u00fa csapatunk \u00e9s futsalosaink rangad\u00f3n szereztek pontot az \u0151sz egyik utols\u00f3 j\u00e1t\u00e9knapj\u00e1n.<\/p>\n<p><!--more--><\/p>\n<p><img loading=\"lazy\" class=\"alignnone size-large wp-image-6832\" src=\"http:\/\/csepelfc.hu\/wp-content\/uploads\/2021\/12\/Vasas-CsepelNoiFelnott-877x1024.jpg\" alt=\"\" width=\"877\" height=\"1024\" srcset=\"http:\/\/csepelfc.hu\/wp-content\/uploads\/2021\/12\/Vasas-CsepelNoiFelnott-877x1024.jpg 877w, http:\/\/csepelfc.hu\/wp-content\/uploads\/2021\/12\/Vasas-CsepelNoiFelnott-257x300.jpg 257w, http:\/\/csepelfc.hu\/wp-content\/uploads\/2021\/12\/Vasas-CsepelNoiFelnott-768x897.jpg 768w, http:\/\/csepelfc.hu\/wp-content\/uploads\/2021\/12\/Vasas-CsepelNoiFelnott.jpg 1008w\" sizes=\"(max-width: 877px) 100vw, 877px\" \/><\/p>\n<p><strong>Kincses Ern\u0151:<\/strong> &#8211;<\/p>\n<p><img loading=\"lazy\" class=\"alignnone size-large wp-image-6833\" src=\"http:\/\/csepelfc.hu\/wp-content\/uploads\/2021\/12\/Csepel-SoroksarU19Fiu-765x1024.jpg\" alt=\"\" width=\"765\" height=\"1024\" srcset=\"http:\/\/csepelfc.hu\/wp-content\/uploads\/2021\/12\/Csepel-SoroksarU19Fiu-765x1024.jpg 765w, http:\/\/csepelfc.hu\/wp-content\/uploads\/2021\/12\/Csepel-SoroksarU19Fiu-224x300.jpg 224w, http:\/\/csepelfc.hu\/wp-content\/uploads\/2021\/12\/Csepel-SoroksarU19Fiu-768x1028.jpg 768w, http:\/\/csepelfc.hu\/wp-content\/uploads\/2021\/12\/Csepel-SoroksarU19Fiu.jpg 1005w\" sizes=\"(max-width: 765px) 100vw, 765px\" \/><\/p>\n<p><strong>Zsivoczky- Pandel P\u00e9ter:<\/strong> &#8211; <em>Egy igazi rangad\u00f3ra k\u00e9sz\u00fclt\u00fcnk a Soroks\u00e1r ellen \u00e9s az is lett bel\u0151le. A f\u00e9lszezon legjobb els\u0151 45 perc\u00e9t produk\u00e1ltuk, elk\u00e9peszt\u0151 f\u00f6l\u00e9nyben j\u00e1tszottunk, rengeteg helyzet, rengeteg megnyert p\u00e1rharc \u00e9s a nagyon neh\u00e9z talajon is helyenk\u00e9nt kombinat\u00edv j\u00e1t\u00e9kkal rukkoltak el\u0151 a sr\u00e1cok, de a g\u00f3l nem j\u00f6tt \u00f6ssze. Ahogy ez lenni szokott megbosszulta mag\u00e1t a sok kihagyott helyzet \u00e9s az ellenf\u00e9l az els\u0151 helyzet\u00e9b\u0151l betal\u00e1lt. Meg sem fordult a fejekben hogy feladjuk ment\u00fcnk tov\u00e1bb egyenl\u00edtett\u00fcnk is \u00e9s b\u00e1r m\u00e1r kiegyenl\u00edtett\u00e9 v\u00e1lt a j\u00e1t\u00e9k m\u00e9g mindig a mi akaratunk \u00e9rv\u00e9nyes\u00fclt. \u00c1m milyen az \u00e9let m\u00e9gsem tudtuk megszerezni a vezet\u00e9st, s\u0151t a Sori id\u0151k\u00f6zben m\u00e1r 3:1-re is vezetett, \u00e1m az utols\u00f3 percig hitt\u00fcnk magunkban \u00e9s siker\u00fcl fel\u00e1llni. El\u00e9gedett vagyok a j\u00e1t\u00e9kkal 100%- ig, az eredm\u00e9nnyel is, abban a tekintetben, hogy a 93. percben egyenl\u00edtett\u00fcnk.<\/em><\/p>\n<p><img loading=\"lazy\" class=\"alignnone size-large wp-image-6834\" src=\"http:\/\/csepelfc.hu\/wp-content\/uploads\/2021\/12\/Csepel-EsztergomU14-837x1024.jpg\" alt=\"\" width=\"837\" height=\"1024\" srcset=\"http:\/\/csepelfc.hu\/wp-content\/uploads\/2021\/12\/Csepel-EsztergomU14-837x1024.jpg 837w, http:\/\/csepelfc.hu\/wp-content\/uploads\/2021\/12\/Csepel-EsztergomU14-245x300.jpg 245w, http:\/\/csepelfc.hu\/wp-content\/uploads\/2021\/12\/Csepel-EsztergomU14-768x940.jpg 768w, http:\/\/csepelfc.hu\/wp-content\/uploads\/2021\/12\/Csepel-EsztergomU14.jpg 1131w\" sizes=\"(max-width: 837px) 100vw, 837px\" \/><\/p>\n<p><strong>Pereszl\u00e9nyi Andr\u00e1s:<\/strong> &#8211;<em> B\u00e1r az els\u0151 percekre m\u00e9g r\u00e1nyomta a b\u00e9lyeg\u00e9t, hogy az el\u0151z\u0151 fordul\u00f3ban szabadnaposak voltunk, id\u0151vel beindult a g\u00e9pezet, s m\u00e9g a fordul\u00e1s el\u0151tt Marton L\u00e1szl\u00f3 tal\u00e1lata t\u00f6rte meg a jeget. Sz\u00fcnet ut\u00e1n rengeteg helyzetet dolgoztunk ki, a melyek k\u00f6z\u00fcl n\u00e9gyet siker\u00fclt \u00e9rt\u00e9kes\u00edten\u00fcnk, \u00edgy magabiztos, \u00f6tg\u00f3los gy\u0151zelemmel tartottuk itthon a h\u00e1rom pontot. <\/em><em>Gratul\u00e1lok a csapatnak.<\/em><\/p>\n<p><img loading=\"lazy\" class=\"alignnone size-large wp-image-6835\" src=\"http:\/\/csepelfc.hu\/wp-content\/uploads\/2021\/12\/Csepel-MeszolyFSU15-871x1024.jpg\" alt=\"\" width=\"871\" height=\"1024\" srcset=\"http:\/\/csepelfc.hu\/wp-content\/uploads\/2021\/12\/Csepel-MeszolyFSU15-871x1024.jpg 871w, http:\/\/csepelfc.hu\/wp-content\/uploads\/2021\/12\/Csepel-MeszolyFSU15-255x300.jpg 255w, http:\/\/csepelfc.hu\/wp-content\/uploads\/2021\/12\/Csepel-MeszolyFSU15-768x903.jpg 768w, http:\/\/csepelfc.hu\/wp-content\/uploads\/2021\/12\/Csepel-MeszolyFSU15.jpg 1008w\" sizes=\"(max-width: 871px) 100vw, 871px\" \/><\/p>\n<p><strong>Szab\u00f3 Zolt\u00e1n:<\/strong> &#8211;<\/p>\n<p><img loading=\"lazy\" class=\"alignnone size-large wp-image-6836\" src=\"http:\/\/csepelfc.hu\/wp-content\/uploads\/2021\/12\/Csepel-ErdLeanyU19-745x1024.jpg\" alt=\"\" width=\"745\" height=\"1024\" srcset=\"http:\/\/csepelfc.hu\/wp-content\/uploads\/2021\/12\/Csepel-ErdLeanyU19-745x1024.jpg 745w, http:\/\/csepelfc.hu\/wp-content\/uploads\/2021\/12\/Csepel-ErdLeanyU19-218x300.jpg 218w, http:\/\/csepelfc.hu\/wp-content\/uploads\/2021\/12\/Csepel-ErdLeanyU19-768x1055.jpg 768w, http:\/\/csepelfc.hu\/wp-content\/uploads\/2021\/12\/Csepel-ErdLeanyU19.jpg 1000w\" sizes=\"(max-width: 745px) 100vw, 745px\" \/><\/p>\n<p><strong>Horv\u00e1th Emese:<\/strong> &#8211; <em>Az \u0151szi utols\u00f3 fordul\u00f3ban az \u00c9rd csapat\u00e1t fogadtuk, s nagyon motiv\u00e1ltak voltak a l\u00e1nyok a meccs el\u0151tt. Remek j\u00e1t\u00e9kkal, nagy ar\u00e1nyban siker\u00fclt itthon tartanunk a 3 pontot. K\u00fcl\u00f6n \u00f6r\u00f6m, hogy Guly\u00e1s Barbara \u00e9s Nemes Judit is megszerezte \u00e9lete els\u0151 bajnoki tal\u00e1lat\u00e1t . \u00dagy gondolom, hogy sz\u00e9p lez\u00e1r\u00e1sa volt ez a m\u00e9rk\u0151z\u00e9s az \u0151szi szezonnak.<\/em><\/p>\n<p><img loading=\"lazy\" class=\"alignnone  wp-image-6837\" src=\"http:\/\/csepelfc.hu\/wp-content\/uploads\/2021\/12\/Csepel-TorokbalintFutsal-575x1024.jpg\" alt=\"\" width=\"757\" height=\"1348\" srcset=\"http:\/\/csepelfc.hu\/wp-content\/uploads\/2021\/12\/Csepel-TorokbalintFutsal-575x1024.jpg 575w, http:\/\/csepelfc.hu\/wp-content\/uploads\/2021\/12\/Csepel-TorokbalintFutsal-169x300.jpg 169w, http:\/\/csepelfc.hu\/wp-content\/uploads\/2021\/12\/Csepel-TorokbalintFutsal-768x1367.jpg 768w, http:\/\/csepelfc.hu\/wp-content\/uploads\/2021\/12\/Csepel-TorokbalintFutsal-863x1536.jpg 863w, http:\/\/csepelfc.hu\/wp-content\/uploads\/2021\/12\/Csepel-TorokbalintFutsal.jpg 1120w\" sizes=\"(max-width: 757px) 100vw, 757px\" \/><\/p>\n<p><strong>Viza Kriszti\u00e1n:<\/strong> &#8211;<\/p>\n","protected":false},"excerpt":{"rendered":"<div class=\"mh-excerpt\"><p>\u00d6sszesen hat Csepel FC csapat l\u00e9pett p\u00e1ly\u00e1ra az elm\u00falt fordul\u00f3ban, az U14,U15- \u00f6s illetve a l\u00e1ny U19-es egy\u00fcttes\u00fcnk is sz\u00e9p sikert aratott U19-es fi\u00fa csapatunk \u00e9s futsalosaink rangad\u00f3n szereztek pontot <a class=\"mh-excerpt-more\" href=\"http:\/\/csepelfc.hu\/index.php\/2021\/12\/03\/noiupfutsal-11-pontot-hozott-a-konyhara-a-fordulo\/\" title=\"N\u0151i&#038;UP&#038;Futsal: 11 pontot hozott a konyh\u00e1ra a fordul\u00f3\">[tov\u00e1bb&#8230;]<\/a><\/p>\n<\/div>","protected":false},"author":4,"featured_media":6839,"comment_status":"closed","ping_status":"open","sticky":false,"template":"","format":"standard","meta":{"jetpack_publicize_message":"","jetpack_is_tweetstorm":false,"jetpack_publicize_feature_enabled":true},"categories":[1,7,3],"tags":[],"jetpack_publicize_connections":[],"jetpack_featured_media_url":"http:\/\/csepelfc.hu\/wp-content\/uploads\/2021\/12\/Csepel-Meszoly-FS.jpg","jetpack_sharing_enabled":true,"jetpack_shortlink":"https:\/\/wp.me\/p83FEU-1Mb","_links":{"self":[{"href":"http:\/\/csepelfc.hu\/index.php\/wp-json\/wp\/v2\/posts\/6831"}],"collection":[{"href":"http:\/\/csepelfc.hu\/index.php\/wp-json\/wp\/v2\/posts"}],"about":[{"href":"http:\/\/csepelfc.hu\/index.php\/wp-json\/wp\/v2\/types\/post"}],"author":[{"embeddable":true,"href":"http:\/\/csepelfc.hu\/index.php\/wp-json\/wp\/v2\/users\/4"}],"replies":[{"embeddable":true,"href":"http:\/\/csepelfc.hu\/index.php\/wp-json\/wp\/v2\/comments?post=6831"}],"version-history":[{"count":4,"href":"http:\/\/csepelfc.hu\/index.php\/wp-json\/wp\/v2\/posts\/6831\/revisions"}],"predecessor-version":[{"id":6842,"href":"http:\/\/csepelfc.hu\/index.php\/wp-json\/wp\/v2\/posts\/6831\/revisions\/6842"}],"wp:featuredmedia":[{"embeddable":true,"href":"http:\/\/csepelfc.hu\/index.php\/wp-json\/wp\/v2\/media\/6839"}],"wp:attachment":[{"href":"http:\/\/csepelfc.hu\/index.php\/wp-json\/wp\/v2\/media?parent=6831"}],"wp:term":[{"taxonomy":"category","embeddable":true,"href":"http:\/\/csepelfc.hu\/index.php\/wp-json\/wp\/v2\/categories?post=6831"},{"taxonomy":"post_tag","embeddable":true,"href":"http:\/\/csepelfc.hu\/index.php\/wp-json\/wp\/v2\/tags?post=6831"}],"curies":[{"name":"wp","href":"https:\/\/api.w.org\/{rel}","templated":true}]}}