{"id":6790,"date":"2021-11-20T21:43:03","date_gmt":"2021-11-20T20:43:03","guid":{"rendered":"http:\/\/csepelfc.hu\/?p=6790"},"modified":"2021-11-20T21:45:14","modified_gmt":"2021-11-20T20:45:14","slug":"magabiztosan-hoztuk-a-kotelezot-tovabbra-is-az-elbolyban","status":"publish","type":"post","link":"http:\/\/csepelfc.hu\/index.php\/2021\/11\/20\/magabiztosan-hoztuk-a-kotelezot-tovabbra-is-az-elbolyban\/","title":{"rendered":"Magabiztosan hoztuk a k\u00f6telez\u0151t, tov\u00e1bbra is az \u00e9lbolyban"},"content":{"rendered":"<p>A Csepel FC feln\u0151tt f\u00e9rfi egy\u00fcttese sorozatban harmadik siker\u00e9t k\u00f6nyvelhette el,s ez\u00fattal v\u00e9gre a g\u00f3lzs\u00e1k is kiszakadt a sereghajt\u00f3 MUN SE vend\u00e9gek\u00e9nt.<!--more--><\/p>\n<p><strong>MUN SE &#8211; Csepel FC 0:7 (0:3)<\/strong><\/p>\n<p>Budafoki MTE Sporttelep, <strong>Jv.:<\/strong> Bartis L\u00e1szl\u00f3 (Reszler Csaba, Pozsonyi Bal\u00e1zs)<\/p>\n<p><strong>Mun SE<\/strong>: Garam T. &#8211; Branauer \u00c1., Meggyes B., Talab\u00e9r \u00c1. (Nagy P. &#8217;72), Vagner N. (R\u00e1cz G. &#8217;66), Juh\u00e1sz G., Valkovics D., Kiss D., P\u00e1pai \u00c1., Szab\u00f3 D., Pach B. (Zsilinszky D. &#8217;58) <strong>Vezet\u0151edz\u0151:<\/strong> T\u00e1nczos Ferenc<\/p>\n<p><strong>Csepel FC<\/strong>: Sz\u0171cs Kriszti\u00e1n &#8211; Zsivoczky- Pandel P\u00e9ter, Torda Bence (Lencs\u00e9s Attila &#8217;69), N\u00e9meth Zolt\u00e1n (Urbin Martin &#8217;69), V\u00f6r\u00f6s Bence (R\u00e1cz Botond &#8217;59), Haraszk\u00f3 S\u00e1ndor, Tepl\u00e1n J\u00e1nos, Tak\u00e1cs L\u00e1szl\u00f3 (Tolnay Rok\u00f3 &#8217;59), M\u00e9sz\u00e1ros L\u00e1szl\u00f3 (Urbin M\u00e1rk &#8217;46), Gauzer Levente, Moh\u00e1csik G\u00e1bor <strong>Vezet\u0151edz\u0151:<\/strong> Tak\u00e1cs Kriszti\u00e1n<\/p>\n<p><strong>G\u00f3lszerz\u0151k:<\/strong> Torda Bence (2) &#8216;7, &#8217;28, N\u00e9meth Zolt\u00e1n (2), &#8217;37, &#8217;55, Zsivoczky- Pandel P\u00e9ter (2) &#8217;82, &#8217;87, Urbin Martin &#8217;78<\/p>\n<p><strong>Tak\u00e1cs Kriszti\u00e1n:<\/strong> &#8211; <em>Minden alkalommal neh\u00e9z a &#8220;k\u00f6telez\u0151 gy\u0151zelmeket&#8221; abszolv\u00e1lni, ugyanis itt csak az es\u00e9lyes csapat bukhat rajta, az es\u00e9lytelen pedig csak nyerhet. Ez most nem k\u00f6vetkezhetett be, mert a csepeli sr\u00e1cok profi m\u00f3don \u00e1lltak bele a m\u00e9rk\u0151z\u00e9sbe az els\u0151 perct\u0151l utols\u00f3ig. Gratul\u00e1lok minden j\u00e1t\u00e9kosomnak.<\/em><\/p>\n","protected":false},"excerpt":{"rendered":"<div class=\"mh-excerpt\"><p>A Csepel FC feln\u0151tt f\u00e9rfi egy\u00fcttese sorozatban harmadik siker\u00e9t k\u00f6nyvelhette el,s ez\u00fattal v\u00e9gre a g\u00f3lzs\u00e1k is kiszakadt a sereghajt\u00f3 MUN SE vend\u00e9gek\u00e9nt.<\/p>\n<\/div>","protected":false},"author":4,"featured_media":6793,"comment_status":"closed","ping_status":"open","sticky":false,"template":"","format":"standard","meta":{"jetpack_publicize_message":"","jetpack_is_tweetstorm":false,"jetpack_publicize_feature_enabled":true},"categories":[1,7],"tags":[],"jetpack_publicize_connections":[],"jetpack_featured_media_url":"http:\/\/csepelfc.hu\/wp-content\/uploads\/2021\/11\/7-0-1.jpg","jetpack_sharing_enabled":true,"jetpack_shortlink":"https:\/\/wp.me\/p83FEU-1Lw","_links":{"self":[{"href":"http:\/\/csepelfc.hu\/index.php\/wp-json\/wp\/v2\/posts\/6790"}],"collection":[{"href":"http:\/\/csepelfc.hu\/index.php\/wp-json\/wp\/v2\/posts"}],"about":[{"href":"http:\/\/csepelfc.hu\/index.php\/wp-json\/wp\/v2\/types\/post"}],"author":[{"embeddable":true,"href":"http:\/\/csepelfc.hu\/index.php\/wp-json\/wp\/v2\/users\/4"}],"replies":[{"embeddable":true,"href":"http:\/\/csepelfc.hu\/index.php\/wp-json\/wp\/v2\/comments?post=6790"}],"version-history":[{"count":1,"href":"http:\/\/csepelfc.hu\/index.php\/wp-json\/wp\/v2\/posts\/6790\/revisions"}],"predecessor-version":[{"id":6792,"href":"http:\/\/csepelfc.hu\/index.php\/wp-json\/wp\/v2\/posts\/6790\/revisions\/6792"}],"wp:featuredmedia":[{"embeddable":true,"href":"http:\/\/csepelfc.hu\/index.php\/wp-json\/wp\/v2\/media\/6793"}],"wp:attachment":[{"href":"http:\/\/csepelfc.hu\/index.php\/wp-json\/wp\/v2\/media?parent=6790"}],"wp:term":[{"taxonomy":"category","embeddable":true,"href":"http:\/\/csepelfc.hu\/index.php\/wp-json\/wp\/v2\/categories?post=6790"},{"taxonomy":"post_tag","embeddable":true,"href":"http:\/\/csepelfc.hu\/index.php\/wp-json\/wp\/v2\/tags?post=6790"}],"curies":[{"name":"wp","href":"https:\/\/api.w.org\/{rel}","templated":true}]}}