{"id":6783,"date":"2021-11-18T14:33:34","date_gmt":"2021-11-18T13:33:34","guid":{"rendered":"http:\/\/csepelfc.hu\/?p=6783"},"modified":"2021-11-18T14:33:34","modified_gmt":"2021-11-18T13:33:34","slug":"upfutsalold-boys-ez-nem-a-mi-hetunk-volt","status":"publish","type":"post","link":"http:\/\/csepelfc.hu\/index.php\/2021\/11\/18\/upfutsalold-boys-ez-nem-a-mi-hetunk-volt\/","title":{"rendered":"UP&#038;Futsal&#038;Old Boys: ez nem a mi het\u00fcnk volt"},"content":{"rendered":"<p>Sajnos kicsit gyeng\u00e9bbre sikeredett koroszt\u00e1lyos csapataink fell\u00e9p\u00e9se az elm\u00falt bajnoki fordul\u00f3ban, igaz, nem mindegyik Csepel FC csapat l\u00e9pett p\u00e1ly\u00e1ra.<!--more--><\/p>\n<p><img loading=\"lazy\" class=\"alignnone size-large wp-image-6784\" src=\"http:\/\/csepelfc.hu\/wp-content\/uploads\/2021\/11\/Csepel-Ujp.Haladas-872x1024.jpg\" alt=\"\" width=\"872\" height=\"1024\" srcset=\"http:\/\/csepelfc.hu\/wp-content\/uploads\/2021\/11\/Csepel-Ujp.Haladas-872x1024.jpg 872w, http:\/\/csepelfc.hu\/wp-content\/uploads\/2021\/11\/Csepel-Ujp.Haladas-255x300.jpg 255w, http:\/\/csepelfc.hu\/wp-content\/uploads\/2021\/11\/Csepel-Ujp.Haladas-768x902.jpg 768w, http:\/\/csepelfc.hu\/wp-content\/uploads\/2021\/11\/Csepel-Ujp.Haladas.jpg 991w\" sizes=\"(max-width: 872px) 100vw, 872px\" \/><\/p>\n<p><strong>Zsivoczky- Pandel P\u00e9ter:<\/strong> &#8211;<\/p>\n<p><img loading=\"lazy\" class=\"alignnone size-full wp-image-6785\" src=\"http:\/\/csepelfc.hu\/wp-content\/uploads\/2021\/11\/Csepel-KISE.jpg\" alt=\"\" width=\"1011\" height=\"1008\" srcset=\"http:\/\/csepelfc.hu\/wp-content\/uploads\/2021\/11\/Csepel-KISE.jpg 1011w, http:\/\/csepelfc.hu\/wp-content\/uploads\/2021\/11\/Csepel-KISE-300x300.jpg 300w, http:\/\/csepelfc.hu\/wp-content\/uploads\/2021\/11\/Csepel-KISE-150x150.jpg 150w, http:\/\/csepelfc.hu\/wp-content\/uploads\/2021\/11\/Csepel-KISE-768x766.jpg 768w\" sizes=\"(max-width: 1011px) 100vw, 1011px\" \/><\/p>\n<p><strong>Pereszl\u00e9nyi Andr\u00e1s:<\/strong> &#8211; <em>Tudtuk, hogy nem lesz k\u00f6nny\u0171 m\u00e9rk\u0151z\u00e9s. Az els\u0151 f\u00e9lid\u0151 kiegyenl\u00edtett j\u00e1t\u00e9kot hozott a k\u00e9t csapat k\u00f6z\u00f6tt, \u00edgy d\u00f6ntetlennel vonultunk pihen\u0151re. A m\u00e1sodik f\u00e9lid\u0151t nagy el\u00e1nnal kezdt\u00fck, sorra dolgoztuk ki a helyzeteket, csak id\u0151 k\u00e9rd\u00e9se volt mikor tal\u00e1lunk be, m\u00e9gis egy el\u0151re r\u00fagott labd\u00e1b\u00f3l az ellenf\u00e9l szerzett vezet\u00e9st. A g\u00f3l ut\u00e1n mindent egy lapra felt\u00e9ve megpr\u00f3b\u00e1ltunk megford\u00edtani a m\u00e9rk\u0151z\u00e9st, de sajnos csak kapuf\u00e1ig jutottunk. \u00dagy \u00e9rzem sokat fejl\u0151dt\u00fcnk j\u00e1t\u00e9kban \u00e9s hozz\u00e1\u00e1ll\u00e1sban, de a helyzeteinket jobban kell tudni \u00e9rt\u00e9kes\u00edteni hogy eredm\u00e9nyesebbek tudjunk lenni.<\/em><\/p>\n<p><img loading=\"lazy\" class=\"alignnone size-full wp-image-6786\" src=\"http:\/\/csepelfc.hu\/wp-content\/uploads\/2021\/11\/Csepel-Kelen.jpg\" alt=\"\" width=\"1004\" height=\"960\" srcset=\"http:\/\/csepelfc.hu\/wp-content\/uploads\/2021\/11\/Csepel-Kelen.jpg 1004w, http:\/\/csepelfc.hu\/wp-content\/uploads\/2021\/11\/Csepel-Kelen-300x287.jpg 300w, http:\/\/csepelfc.hu\/wp-content\/uploads\/2021\/11\/Csepel-Kelen-768x734.jpg 768w\" sizes=\"(max-width: 1004px) 100vw, 1004px\" \/><\/p>\n<p><strong>Horv\u00e1th Emese:<\/strong> &#8211; <em>A tabell\u00e1n 9 ponttal el\u0151tt\u00fcnk \u00e1ll\u00f3 Kelent fogadtuk a h\u00e9tv\u00e9g\u00e9n. Az els\u0151 f\u00e9lid\u0151ben j\u00f3l j\u00e1tszottunk, k\u00fczd\u00f6tt\u00fcnk, de kaptunk k\u00e9t olyan g\u00f3lt ami kik\u00fcsz\u00f6b\u00f6lhet\u0151 lett volna. Ezut\u00e1n elfogytunk fejben \u00e9s rengeteg hib\u00e1val j\u00e1tszottunk, aminek meg is lett b\u00f6jtje.<\/em><\/p>\n<p><img loading=\"lazy\" class=\"alignnone size-large wp-image-6787\" src=\"http:\/\/csepelfc.hu\/wp-content\/uploads\/2021\/11\/Csepel-Tolna-887x1024.jpg\" alt=\"\" width=\"887\" height=\"1024\" srcset=\"http:\/\/csepelfc.hu\/wp-content\/uploads\/2021\/11\/Csepel-Tolna-887x1024.jpg 887w, http:\/\/csepelfc.hu\/wp-content\/uploads\/2021\/11\/Csepel-Tolna-260x300.jpg 260w, http:\/\/csepelfc.hu\/wp-content\/uploads\/2021\/11\/Csepel-Tolna-768x887.jpg 768w, http:\/\/csepelfc.hu\/wp-content\/uploads\/2021\/11\/Csepel-Tolna.jpg 1006w\" sizes=\"(max-width: 887px) 100vw, 887px\" \/><\/p>\n<p><strong>Viza Kriszti\u00e1n:<\/strong> &#8211; <em>Az el\u0151z\u0151 m\u00e9rk\u0151z\u00e9shez hasonl\u00f3an j\u00f3l kezdett a csapat \u00e9s a f\u00e9lid\u0151ben el\u0151nnyel fordultunk. A m\u00e1sodik j\u00e1t\u00e9kr\u00e9szben az els\u0151 percben 2 g\u00f3losra n\u00f6velt\u00fck az el\u0151ny\u00fcnket, 2 perccel a v\u00e9ge el\u0151tt m\u00e9g d\u00f6ntetlen volt az \u00e1ll\u00e1s, de fejben elfogytunk \u00e9s hi\u00e1ba pr\u00f3b\u00e1lkoztunk v\u00e9szkapusos j\u00e1t\u00e9kkal, nem siker\u00fclt pontot menteni. \u00d6sszess\u00e9g\u00e9ben j\u00f3 j\u00e1t\u00e9kot mutatott be a csapat de b\u0151ven van hova fejl\u0151dn\u00fcnk.<\/em><\/p>\n","protected":false},"excerpt":{"rendered":"<div class=\"mh-excerpt\"><p>Sajnos kicsit gyeng\u00e9bbre sikeredett koroszt\u00e1lyos csapataink fell\u00e9p\u00e9se az elm\u00falt bajnoki fordul\u00f3ban, igaz, nem mindegyik Csepel FC csapat l\u00e9pett p\u00e1ly\u00e1ra.<\/p>\n<\/div>","protected":false},"author":4,"featured_media":4097,"comment_status":"closed","ping_status":"open","sticky":false,"template":"","format":"standard","meta":{"jetpack_publicize_message":"","jetpack_is_tweetstorm":false,"jetpack_publicize_feature_enabled":true},"categories":[1,3],"tags":[],"jetpack_publicize_connections":[],"jetpack_featured_media_url":"http:\/\/csepelfc.hu\/wp-content\/uploads\/2019\/04\/Boldogtalan-Focilabda.jpg","jetpack_sharing_enabled":true,"jetpack_shortlink":"https:\/\/wp.me\/p83FEU-1Lp","_links":{"self":[{"href":"http:\/\/csepelfc.hu\/index.php\/wp-json\/wp\/v2\/posts\/6783"}],"collection":[{"href":"http:\/\/csepelfc.hu\/index.php\/wp-json\/wp\/v2\/posts"}],"about":[{"href":"http:\/\/csepelfc.hu\/index.php\/wp-json\/wp\/v2\/types\/post"}],"author":[{"embeddable":true,"href":"http:\/\/csepelfc.hu\/index.php\/wp-json\/wp\/v2\/users\/4"}],"replies":[{"embeddable":true,"href":"http:\/\/csepelfc.hu\/index.php\/wp-json\/wp\/v2\/comments?post=6783"}],"version-history":[{"count":1,"href":"http:\/\/csepelfc.hu\/index.php\/wp-json\/wp\/v2\/posts\/6783\/revisions"}],"predecessor-version":[{"id":6788,"href":"http:\/\/csepelfc.hu\/index.php\/wp-json\/wp\/v2\/posts\/6783\/revisions\/6788"}],"wp:featuredmedia":[{"embeddable":true,"href":"http:\/\/csepelfc.hu\/index.php\/wp-json\/wp\/v2\/media\/4097"}],"wp:attachment":[{"href":"http:\/\/csepelfc.hu\/index.php\/wp-json\/wp\/v2\/media?parent=6783"}],"wp:term":[{"taxonomy":"category","embeddable":true,"href":"http:\/\/csepelfc.hu\/index.php\/wp-json\/wp\/v2\/categories?post=6783"},{"taxonomy":"post_tag","embeddable":true,"href":"http:\/\/csepelfc.hu\/index.php\/wp-json\/wp\/v2\/tags?post=6783"}],"curies":[{"name":"wp","href":"https:\/\/api.w.org\/{rel}","templated":true}]}}