{"id":6752,"date":"2021-11-08T11:36:31","date_gmt":"2021-11-08T10:36:31","guid":{"rendered":"http:\/\/csepelfc.hu\/?p=6752"},"modified":"2021-11-08T11:36:31","modified_gmt":"2021-11-08T10:36:31","slug":"gyozelem-a-reac-otthonaban-felleptunk-a-dobogora","status":"publish","type":"post","link":"http:\/\/csepelfc.hu\/index.php\/2021\/11\/08\/gyozelem-a-reac-otthonaban-felleptunk-a-dobogora\/","title":{"rendered":"Gy\u0151zelem a REAC otthon\u00e1ban, fell\u00e9pt\u00fcnk a dobog\u00f3ra"},"content":{"rendered":"<p>A m\u00e1sodik f\u00e9lid\u0151ben, vesztes \u00e1ll\u00e1st megford\u00edtva gy\u0151zte a j\u00f3 er\u0151kb\u0151l \u00e1ll\u00f3 REAC egy\u00fcttes\u00e9t f\u00e9rfi labdar\u00fag\u00f3csapatunk, mellyel fell\u00e9pett a dobog\u00f3 als\u00f3 fok\u00e1ra.<!--more--><\/p>\n<p><strong>R\u00e1kospalotai EAC &#8211; Csepel FC 1:3 (1:0)<\/strong><\/p>\n<p>Budai II L\u00e1szl\u00f3 Stadion <strong>Jv.<\/strong>: Kiss Gerg\u0151 (Bence Andr\u00e1s, Ily\u00e9s Gerg\u0151)<\/p>\n<p><strong>REAC:<\/strong> Szarvasi P. &#8211; Hegyi P. (Luckl L. &#8217;86), Horv\u00e1th L., Lakatos Z., Nagy G., Sz\u00e1ntovszki S., Horv\u00e1th K. (Juhos J. B. &#8217;62), Micheller T. (Czifrik \u00c1. &#8217;86), Barna M. (Petry Zs. &#8217;73), Kindlik \u00c1. (Ancsin K. &#8217;73), Klement B. <strong>Vezet\u0151edz\u0151:<\/strong> Dinka Bal\u00e1zs<\/p>\n<p><strong>Csepel FC<\/strong>: Sz\u0171cs Kriszti\u00e1n &#8211; M\u00e9sz\u00e1ros Roland, Torda Bence, M\u00e9sz\u00e1ros L\u00e1szl\u00f3, Gauzer Levente, Haraszk\u00f3 S\u00e1ndor, Tepl\u00e1n J\u00e1nos, Moh\u00e1csik G\u00e1bor, Krist\u00f3f Gerg\u0151, N\u00e9meth Zolt\u00e1n (S\u00fck\u00f6sd Kriszti\u00e1n &#8217;90), Tak\u00e1csL\u00e1szl\u00f3(Zsivoczky- Pandel P\u00e9ter &#8217;61) <strong>Vezet\u0151edz\u0151:<\/strong> Tak\u00e1cs Kriszti\u00e1n<\/p>\n<p><strong>G\u00f3lszerz\u0151k<\/strong>: Nagy Gerg\u0151 &#8217;40, ill. Torda Bence (2) &#8217;51, &#8217;70, M\u00e9sz\u00e1ros L\u00e1szl\u00f3 &#8217;59<\/p>\n<p><strong>Tak\u00e1cs Kriszti\u00e1n:<\/strong> &#8211; <em>Az els\u0151 f\u00e9lid\u0151ben a hazai csapat jobban j\u00e1tszott \u00e9s meg\u00e9rdemelten szerezte meg a vezet\u00e9st. A m\u00e1sodikban szerkezetet v\u00e1ltottunk \u00e9s remek helyzetkihaszn\u00e1l\u00e1ssal magunk jav\u00e1ra ford\u00edtottuk a m\u00e9rk\u0151z\u00e9st. Gratul\u00e1lok a csapatnak.<\/em><\/p>\n","protected":false},"excerpt":{"rendered":"<div class=\"mh-excerpt\"><p>A m\u00e1sodik f\u00e9lid\u0151ben, vesztes \u00e1ll\u00e1st megford\u00edtva gy\u0151zte a j\u00f3 er\u0151kb\u0151l \u00e1ll\u00f3 REAC egy\u00fcttes\u00e9t f\u00e9rfi labdar\u00fag\u00f3csapatunk, mellyel fell\u00e9pett a dobog\u00f3 als\u00f3 fok\u00e1ra.<\/p>\n<\/div>","protected":false},"author":4,"featured_media":6753,"comment_status":"closed","ping_status":"open","sticky":false,"template":"","format":"standard","meta":{"jetpack_publicize_message":"","jetpack_is_tweetstorm":false,"jetpack_publicize_feature_enabled":true},"categories":[1,7],"tags":[],"jetpack_publicize_connections":[],"jetpack_featured_media_url":"http:\/\/csepelfc.hu\/wp-content\/uploads\/2021\/11\/Scoreboard.jpg","jetpack_sharing_enabled":true,"jetpack_shortlink":"https:\/\/wp.me\/p83FEU-1KU","_links":{"self":[{"href":"http:\/\/csepelfc.hu\/index.php\/wp-json\/wp\/v2\/posts\/6752"}],"collection":[{"href":"http:\/\/csepelfc.hu\/index.php\/wp-json\/wp\/v2\/posts"}],"about":[{"href":"http:\/\/csepelfc.hu\/index.php\/wp-json\/wp\/v2\/types\/post"}],"author":[{"embeddable":true,"href":"http:\/\/csepelfc.hu\/index.php\/wp-json\/wp\/v2\/users\/4"}],"replies":[{"embeddable":true,"href":"http:\/\/csepelfc.hu\/index.php\/wp-json\/wp\/v2\/comments?post=6752"}],"version-history":[{"count":1,"href":"http:\/\/csepelfc.hu\/index.php\/wp-json\/wp\/v2\/posts\/6752\/revisions"}],"predecessor-version":[{"id":6754,"href":"http:\/\/csepelfc.hu\/index.php\/wp-json\/wp\/v2\/posts\/6752\/revisions\/6754"}],"wp:featuredmedia":[{"embeddable":true,"href":"http:\/\/csepelfc.hu\/index.php\/wp-json\/wp\/v2\/media\/6753"}],"wp:attachment":[{"href":"http:\/\/csepelfc.hu\/index.php\/wp-json\/wp\/v2\/media?parent=6752"}],"wp:term":[{"taxonomy":"category","embeddable":true,"href":"http:\/\/csepelfc.hu\/index.php\/wp-json\/wp\/v2\/categories?post=6752"},{"taxonomy":"post_tag","embeddable":true,"href":"http:\/\/csepelfc.hu\/index.php\/wp-json\/wp\/v2\/tags?post=6752"}],"curies":[{"name":"wp","href":"https:\/\/api.w.org\/{rel}","templated":true}]}}