{"id":6711,"date":"2021-10-26T11:27:52","date_gmt":"2021-10-26T10:27:52","guid":{"rendered":"http:\/\/csepelfc.hu\/?p=6711"},"modified":"2021-10-26T11:28:36","modified_gmt":"2021-10-26T10:28:36","slug":"csepel-fc-ikarus-31-tapadas-az-elbolyhoz","status":"publish","type":"post","link":"http:\/\/csepelfc.hu\/index.php\/2021\/10\/26\/csepel-fc-ikarus-31-tapadas-az-elbolyhoz\/","title":{"rendered":"Csepel FC &#8211; Ikarus 3:1, tapad\u00e1s az \u00e9lbolyhoz"},"content":{"rendered":"<p>\u00dajabb hazai meccs\u00e9t nyerte meg a Csepel FC feln\u0151tt f\u00e9rfi egy\u00fcttese a szervezetten j\u00e1tsz\u00f3, lelkes fiatalokb\u00f3l \u00e1ll\u00f3 Ikarus BSE ellen, \u00edgy tov\u00e1bb z\u00e1rk\u00f3ztunk az \u00e9lmez\u0151nyh\u00f6z.<!--more--><\/p>\n<p><strong>Csepel FC &#8211; Ikarus BSE 3:1 (1:0)<\/strong><\/p>\n<p>B\u00e9ke t\u00e9r, <strong>Jv<\/strong>.: Sveda Marcell (R\u00f3ka Kriszti\u00e1n, Cs\u00e9kai Andor)<\/p>\n<p><strong>Csepel FC:<\/strong> Sz\u0171cs Kriszti\u00e1n &#8211; M\u00e9sz\u00e1ros Roland, Torda Bence, Zsivoczky- Pandel P\u00e9ter (Tolnay Rokk\u00f3 &#8217;72), Gauzer Levente, Urbin Martin (Urbin M\u00e1rk &#8217;67), Haraszk\u00f3 S\u00e1ndor, Tepl\u00e1n J\u00e1nos (Bende J\u00e1nos &#8217;78), Moh\u00e1csik G\u00e1bor (Lencs\u00e9s Attila &#8217;78), N\u00e9meth Zolt\u00e1n, S\u00fck\u00f6sd Kriszti\u00e1n (Krist\u00f3f Gerg\u0151 &#8217;72) <strong>Vezet\u0151edz\u0151:<\/strong> Tak\u00e1cs Kriszti\u00e1n<\/p>\n<p><strong>Ikarus BSE<\/strong>: B\u00e1lint M. &#8211; Kar\u00e1csondi S., Papp G. (Rokosz M. &#8217;76), Sz\u00e9l B., Bar\u00e1t V. (Ga\u00e1l- Szab\u00f3 K. &#8217;76), B\u00edr\u00f3 B., Ferkel M., Horv\u00e1th \u00c1., P\u00e9ntek Tin T., Koml\u00f3di D., Szab\u00f3 G. (Martzy B. &#8217;55) <strong>Vezet\u0151edz\u0151:<\/strong> Orenstein J\u00f3zsef<\/p>\n<p><strong>G\u00f3lszerz\u0151:<\/strong> Torda Bence (2) &#8217;11, &#8217;68, S\u00fck\u00f6sd Kriszti\u00e1n &#8217;48, ill. P\u00e9ntek Tin T. &#8217;86<\/p>\n<p><strong>Tak\u00e1cs Kriszti\u00e1n<\/strong>: &#8211; <em>Ezen a h\u00e9ten -a csapat t\u00f6retlen lend\u00fclet\u00e9t meg\u0151rizend\u0151- a vezet\u0151s\u00e9g megk\u00f6sz\u00f6nte Nagy Zolt\u00e1n vezet\u0151edz\u0151 eddigi munk\u00e1j\u00e1t, akinek a tov\u00e1bbiakban sok sikert k\u00edv\u00e1nunk. Innent\u0151l j\u00f3magam \u00e9s klubunk egykori j\u00e1t\u00e9kosa Metzger Tibor v\u00e9gezz\u00fck majd a csapatn\u00e1l a szakmai munk\u00e1t. Az Ikarus ellen felszabadult j\u00e1t\u00e9kkal magabiztos sikert arattunk, a g\u00f3lzs\u00e1k m\u00e9g nem szakadt ki, de dolgozunk rajta, hogy ez megt\u00f6rt\u00e9njen!<\/em><\/p>\n\n\n<p><\/p>\n","protected":false},"excerpt":{"rendered":"<div class=\"mh-excerpt\"><p>\u00dajabb hazai meccs\u00e9t nyerte meg a Csepel FC feln\u0151tt f\u00e9rfi egy\u00fcttese a szervezetten j\u00e1tsz\u00f3, lelkes fiatalokb\u00f3l \u00e1ll\u00f3 Ikarus BSE ellen, \u00edgy tov\u00e1bb z\u00e1rk\u00f3ztunk az \u00e9lmez\u0151nyh\u00f6z.<\/p>\n<\/div>","protected":false},"author":4,"featured_media":6713,"comment_status":"closed","ping_status":"open","sticky":false,"template":"","format":"standard","meta":{"jetpack_publicize_message":"","jetpack_is_tweetstorm":false,"jetpack_publicize_feature_enabled":true},"categories":[1,7],"tags":[],"jetpack_publicize_connections":[],"jetpack_featured_media_url":"http:\/\/csepelfc.hu\/wp-content\/uploads\/2021\/10\/Csepel-Ikarus-1.jpg","jetpack_sharing_enabled":true,"jetpack_shortlink":"https:\/\/wp.me\/p83FEU-1Kf","_links":{"self":[{"href":"http:\/\/csepelfc.hu\/index.php\/wp-json\/wp\/v2\/posts\/6711"}],"collection":[{"href":"http:\/\/csepelfc.hu\/index.php\/wp-json\/wp\/v2\/posts"}],"about":[{"href":"http:\/\/csepelfc.hu\/index.php\/wp-json\/wp\/v2\/types\/post"}],"author":[{"embeddable":true,"href":"http:\/\/csepelfc.hu\/index.php\/wp-json\/wp\/v2\/users\/4"}],"replies":[{"embeddable":true,"href":"http:\/\/csepelfc.hu\/index.php\/wp-json\/wp\/v2\/comments?post=6711"}],"version-history":[{"count":3,"href":"http:\/\/csepelfc.hu\/index.php\/wp-json\/wp\/v2\/posts\/6711\/revisions"}],"predecessor-version":[{"id":6715,"href":"http:\/\/csepelfc.hu\/index.php\/wp-json\/wp\/v2\/posts\/6711\/revisions\/6715"}],"wp:featuredmedia":[{"embeddable":true,"href":"http:\/\/csepelfc.hu\/index.php\/wp-json\/wp\/v2\/media\/6713"}],"wp:attachment":[{"href":"http:\/\/csepelfc.hu\/index.php\/wp-json\/wp\/v2\/media?parent=6711"}],"wp:term":[{"taxonomy":"category","embeddable":true,"href":"http:\/\/csepelfc.hu\/index.php\/wp-json\/wp\/v2\/categories?post=6711"},{"taxonomy":"post_tag","embeddable":true,"href":"http:\/\/csepelfc.hu\/index.php\/wp-json\/wp\/v2\/tags?post=6711"}],"curies":[{"name":"wp","href":"https:\/\/api.w.org\/{rel}","templated":true}]}}