{"id":6634,"date":"2021-10-08T18:18:34","date_gmt":"2021-10-08T17:18:34","guid":{"rendered":"http:\/\/csepelfc.hu\/?p=6634"},"modified":"2021-10-12T11:41:11","modified_gmt":"2021-10-12T10:41:11","slug":"noiupfutsalold-boys","status":"publish","type":"post","link":"http:\/\/csepelfc.hu\/index.php\/2021\/10\/08\/noiupfutsalold-boys\/","title":{"rendered":"N\u0151i&#038;UP&#038;Futsal&#038;Old Boys: egy- k\u00e9t l\u00e9p\u00e9s megint kij\u00f6tt!"},"content":{"rendered":"<p>Tov\u00e1bbra is veretlen n\u0151i csapatunk, remekelt a fi\u00fak U19 \u00e9s U17- es egy\u00fcttese, kij\u00f6tt a l\u00e9p\u00e9s az U15- nek (fot\u00f3nkon) \u00e9s Old Boys csapatunknak is.<br \/>\n<!--more--><\/p>\n<p><img loading=\"lazy\" class=\"alignnone size-large wp-image-6635\" src=\"http:\/\/csepelfc.hu\/wp-content\/uploads\/2021\/10\/Csepel-FC-Papa-729x1024.jpg\" alt=\"\" width=\"729\" height=\"1024\" srcset=\"http:\/\/csepelfc.hu\/wp-content\/uploads\/2021\/10\/Csepel-FC-Papa-729x1024.jpg 729w, http:\/\/csepelfc.hu\/wp-content\/uploads\/2021\/10\/Csepel-FC-Papa-214x300.jpg 214w, http:\/\/csepelfc.hu\/wp-content\/uploads\/2021\/10\/Csepel-FC-Papa-768x1078.jpg 768w, http:\/\/csepelfc.hu\/wp-content\/uploads\/2021\/10\/Csepel-FC-Papa.jpg 1010w\" sizes=\"(max-width: 729px) 100vw, 729px\" \/><\/p>\n<p><strong>Kincses Ern\u0151:<\/strong> &#8211; <em>J\u00f3 id\u0151ben sok n\u00e9z\u0151 el\u0151tt kellemes ellenf\u00e9l ellen siker\u00fclt v\u00e9gre t\u00f6bb g\u00f3lt is szerezn\u00fcnk.<\/em><br \/>\n<em>\u00d6r\u00f6m volt l\u00e1tni, hogy amit gyakorolunk edz\u00e9sen az imm\u00e1ron vissza- visszak\u00f6sz\u00f6n.<\/em><br \/>\n<em>K\u00f6sz\u00f6nj\u00fck a n\u00e9z\u0151inknek a szurkol\u00e1st! K\u00fcl\u00f6n k\u00f6sz\u00f6net az U19- es\u00a0 fi\u00faknak!<\/em><br \/>\n<em>Hajr\u00e1 Csepel! Hajr\u00e1 Csajok!<\/em><\/p>\n<p><img loading=\"lazy\" class=\"alignnone size-large wp-image-6636\" src=\"http:\/\/csepelfc.hu\/wp-content\/uploads\/2021\/10\/Csepe-FC-III.-Ker.TVE_-793x1024.jpg\" alt=\"\" width=\"793\" height=\"1024\" srcset=\"http:\/\/csepelfc.hu\/wp-content\/uploads\/2021\/10\/Csepe-FC-III.-Ker.TVE_-793x1024.jpg 793w, http:\/\/csepelfc.hu\/wp-content\/uploads\/2021\/10\/Csepe-FC-III.-Ker.TVE_-232x300.jpg 232w, http:\/\/csepelfc.hu\/wp-content\/uploads\/2021\/10\/Csepe-FC-III.-Ker.TVE_-768x991.jpg 768w, http:\/\/csepelfc.hu\/wp-content\/uploads\/2021\/10\/Csepe-FC-III.-Ker.TVE_.jpg 1004w\" sizes=\"(max-width: 793px) 100vw, 793px\" \/><\/p>\n<p><strong>Zsivoczky- Pandel P\u00e9ter:<\/strong> &#8211; <em>A III. Ker\u00fcletet fogadtuk hazai p\u00e1ly\u00e1n. \u00dagy kezdt\u00fck a m\u00e9rk\u0151z\u00e9st, ahogy szinte az \u00f6sszes eddigi \u00f6sszecsap\u00e1sunkat, nagyon agressz\u00edv visszat\u00e1mad\u00e1sokkal, sz\u00e9p j\u00e1t\u00e9kkal \u00e9s al\u00e1zatosan., Ennek azt\u00e1n meg is lett a gy\u00fcm\u00f6lcse, hiszen megint mi szerezt\u00fck meg a vezet\u00e9st. A p\u00e1lya minden ter\u00fclet\u00e9n j\u00f3l tett\u00fck- vett\u00fck a labd\u00e1t, \u00e9s ha volt is egy 10 perces kihagy\u00e1s -amikor r\u00e1nk j\u00f6tt az ellenf\u00e9l- nagyon j\u00f3kor j\u00f6tt a m\u00e1sodik g\u00f3l egy sz\u00e9p akci\u00f3 v\u00e9g\u00e9n. A m\u00e1sodik f\u00e9lid\u0151ben is a mi akaratunk \u00e9rv\u00e9nyes\u00fclt, b\u00e1r el\u00e9gg\u00e9 m\u00e9rges vagyok a bekapott g\u00f3l miatt, ami abszol\u00fat elker\u00fclhet\u0151 volt! A sr\u00e1cok m\u00e9g ekkor is r\u00e1 tudtak tenni egy lap\u00e1ttal \u00e9s siker\u00fclt r\u00e1r\u00fagni a harmadik g\u00f3lt. Gratul\u00e1lok a csapatnak, a mez\u0151ny eddigi legk\u00e9pzettebb csapat\u00e1t siker\u00fclt magabiztosan legy\u0151zn\u00fcnk.<\/em><\/p>\n<p><img loading=\"lazy\" class=\"alignnone size-large wp-image-6637\" src=\"http:\/\/csepelfc.hu\/wp-content\/uploads\/2021\/10\/Csepel-FC-SZAC-879x1024.jpg\" alt=\"\" width=\"879\" height=\"1024\" srcset=\"http:\/\/csepelfc.hu\/wp-content\/uploads\/2021\/10\/Csepel-FC-SZAC-879x1024.jpg 879w, http:\/\/csepelfc.hu\/wp-content\/uploads\/2021\/10\/Csepel-FC-SZAC-258x300.jpg 258w, http:\/\/csepelfc.hu\/wp-content\/uploads\/2021\/10\/Csepel-FC-SZAC-768x895.jpg 768w, http:\/\/csepelfc.hu\/wp-content\/uploads\/2021\/10\/Csepel-FC-SZAC.jpg 1006w\" sizes=\"(max-width: 879px) 100vw, 879px\" \/><\/p>\n<p><strong>Zsivoczky- Pandel P\u00e9ter: <\/strong>&#8211; <em>Az eddig veretlen SZAC volt a vend\u00e9g\u00fcnk. Eg\u00e9sz h\u00e9ten sulykoltam a sr\u00e1coknak a gy\u0151zni akar\u00e1s fontoss\u00e1g\u00e1t, mondv\u00e1n: nem el\u00e9g helyzeteket kialak\u00edtani vagy \u00e9pp a taktikai utas\u00edt\u00e1st betartani, bizony fel is kell tenni arra a bizonyos i- re a pontot! El\u00e9gedett lehetek, ugyanis j\u00e1t\u00e9kosaim ma mindent betartottak amit k\u00e9rtem t\u0151l\u00fck \u00e9s egy sz\u00e9p pontr\u00fag\u00e1sb\u00f3l g\u00f3lt is tudtunk szerezni. Nagyon nagyot k\u00fczd\u00f6ttek a fi\u00fak \u00e9s b\u00e1r volt sok \u00edg\u00e9retes kontr\u00e1nk, nem szabad figyelmen k\u00edv\u00fcl hagyni a vend\u00e9gcsapat \u00e9rdemeit sem, akik nagyon j\u00f3l j\u00e1ratt\u00e1k a labd\u00e1t, helyenk\u00e9nt meg is tudt\u00e1k bontani csapatunkat, viszont az utols\u00f3 pillanatokban mindig k\u00f6zbeavatkozott egy l\u00e1b vagy \u00e9pp j\u00f6tt egy brav\u00far a r\u00e9sz\u00fcnkr\u0151l, ami megakad\u00e1lyozta \u0151ket a g\u00f3lszerz\u00e9sben. \u00d6r\u00fcl\u00f6k hogy siker\u00fclt beh\u00faznunk ezt a m\u00e9rk\u0151z\u00e9st, nagyon b\u00fcszke vagyok a csapatomra!<\/em><\/p>\n<p><img loading=\"lazy\" class=\"alignnone size-large wp-image-6638\" src=\"http:\/\/csepelfc.hu\/wp-content\/uploads\/2021\/10\/Komarom-Csepel-766x1024.jpg\" alt=\"\" width=\"766\" height=\"1024\" srcset=\"http:\/\/csepelfc.hu\/wp-content\/uploads\/2021\/10\/Komarom-Csepel-766x1024.jpg 766w, http:\/\/csepelfc.hu\/wp-content\/uploads\/2021\/10\/Komarom-Csepel-224x300.jpg 224w, http:\/\/csepelfc.hu\/wp-content\/uploads\/2021\/10\/Komarom-Csepel-768x1027.jpg 768w, http:\/\/csepelfc.hu\/wp-content\/uploads\/2021\/10\/Komarom-Csepel.jpg 1005w\" sizes=\"(max-width: 766px) 100vw, 766px\" \/><\/p>\n<p><strong>Pereszl\u00e9nyi Andr\u00e1s<\/strong>: &#8211; <em>Cs\u00fct\u00f6rt\u00f6k\u00f6n a Kom\u00e1rom otthon\u00e1ba l\u00e1togattuk. A m\u00e9rk\u0151z\u00e9st megel\u0151z\u0151en megl\u00e1togattuk a sporttelepen tal\u00e1lhat\u00f3 Czibor eml\u00e9kszob\u00e1t, majd elhelyezt\u00fck a Csepel FC koszor\u00faj\u00e1t a ny\u00e1ron felavatott Czibor Zolt\u00e1n szoborn\u00e1l, Csepel olimpiai bajnok labdar\u00fag\u00f3ja id\u00e9n lett volna 91 \u00e9ves, ez\u00e9rt term\u00e9szetesen mi is ad\u00f3ztunk az Aranycsapat csepeli legend\u00e1ja eml\u00e9k\u00e9nek. A<\/em><em> kora d\u00e9lut\u00e1ni id\u0151pont ellen\u00e9re gyakorlatilag megtelt a lel\u00e1t\u00f3 als\u00f3 kar\u00e9ja, val\u00f3di derbi hangulat uralkodott a n\u00e9z\u0151t\u00e9ren. Rosszul kezdt\u00fck a m\u00e9rk\u0151z\u00e9st, hiszen alig 20 perc leforg\u00e1sa alatt az ellenf\u00e9l k\u00e9t g\u00f3los vezet\u00e9st szerzet. Azonban mi sem t\u00e9tlenkedt\u00fcnk, n\u00e9h\u00e1ny minutummal k\u00e9s\u0151bb Stirb Kriszti\u00e1n g\u00f3lj\u00e1val pr\u00f3b\u00e1ltunk felz\u00e1rk\u00f3zni. Sr\u00e1caink igyekeztek let\u00e1madni, \u00e9s hib\u00e1ra k\u00e9nyszer\u00edteni ellenfelet, de a fordul\u00e1s ut\u00e1n m\u00e9gis vend\u00e9gl\u00e1t\u00f3ink akarata \u00e9rv\u00e9nyes\u00fclt jobban \u00e9s v\u00e9dekez\u00e9sre k\u00e9nyszer\u00fclt\u00fcnk, amit a 66. percig b\u00edrtunk&#8230; Ott egy vitatott leshelyzet ut\u00e1n megszerezte harmadik g\u00f3lj\u00e1t a Kom\u00e1rom, amivel gyakorlatilag le is z\u00e1rta a meccset. Sajn\u00e1lom, mert ebben a m\u00e9rk\u0151z\u00e9sben sokkal t\u00f6bb volt! Tov\u00e1bbra sem \u00e1llunk meg, csin\u00e1ljuk tov\u00e1bb \u00e9s b\u00edzunk benne hogy a befektetett munka majd ism\u00e9t meghozza sz\u00e1munkra a gy\u00fcm\u00f6lcs\u00e9t.<\/em><\/p>\n<p><img loading=\"lazy\" class=\"alignnone size-large wp-image-6639\" src=\"http:\/\/csepelfc.hu\/wp-content\/uploads\/2021\/10\/Csepel-Vizmu-764x1024.jpg\" alt=\"\" width=\"764\" height=\"1024\" srcset=\"http:\/\/csepelfc.hu\/wp-content\/uploads\/2021\/10\/Csepel-Vizmu-764x1024.jpg 764w, http:\/\/csepelfc.hu\/wp-content\/uploads\/2021\/10\/Csepel-Vizmu-224x300.jpg 224w, http:\/\/csepelfc.hu\/wp-content\/uploads\/2021\/10\/Csepel-Vizmu-768x1030.jpg 768w, http:\/\/csepelfc.hu\/wp-content\/uploads\/2021\/10\/Csepel-Vizmu.jpg 1006w\" sizes=\"(max-width: 764px) 100vw, 764px\" \/><\/p>\n<p><strong>Szab\u00f3 Zolt\u00e1n:<\/strong> &#8211; <em>Nem volt egy k\u00f6nny\u0171 meccs&#8230;\u00a0 Egy &#8220;j\u00e1tsz\u00f3s&#8221; csapat ellen meccselt\u00fcnk, ami sosem k\u00f6nny\u0171. Pr\u00f3b\u00e1ltunk domin\u00e1lni az els\u0151 f\u00e9lid\u0151ben, de sajnos a vezet\u00e9st nem mi, hanem az ellenf\u00e9l szerezte meg, \u00edgy a lehet\u0151 legjobbkor j\u00f6tt a sz\u00fcnet. Siker\u00fclt rendezni a sorokat, picit &#8220;helyre tett\u00fck a fejeket&#8221; az \u00f6lt\u00f6z\u0151ben. A m\u00e1sodik f\u00e9lid\u0151ben azt\u00e1n 15 percig nagyon nagy nyom\u00e1st helyezt\u00fcnk ellenfel\u00fcnkre, aminek meg is lett az eredm\u00e9nye. \u00d6sszess\u00e9g\u00e9ben dics\u00e9ret illeti a csapatot, hiszen a h\u00e1tr\u00e1nyunk ellen\u00e9re is b\u00edztak magukban a sz\u00fcnetben megbesz\u00e9lteket pedig betartott\u00e1k, ami egy nagyobb g\u00f3lar\u00e1ny\u00fa sikert eredm\u00e9nyezett.<\/em><\/p>\n<p><img loading=\"lazy\" class=\"alignnone size-large wp-image-6640\" src=\"http:\/\/csepelfc.hu\/wp-content\/uploads\/2021\/10\/Csepel-Budaors-889x1024.jpg\" alt=\"\" width=\"889\" height=\"1024\" srcset=\"http:\/\/csepelfc.hu\/wp-content\/uploads\/2021\/10\/Csepel-Budaors-889x1024.jpg 889w, http:\/\/csepelfc.hu\/wp-content\/uploads\/2021\/10\/Csepel-Budaors-260x300.jpg 260w, http:\/\/csepelfc.hu\/wp-content\/uploads\/2021\/10\/Csepel-Budaors-768x885.jpg 768w, http:\/\/csepelfc.hu\/wp-content\/uploads\/2021\/10\/Csepel-Budaors.jpg 1004w\" sizes=\"(max-width: 889px) 100vw, 889px\" \/><\/p>\n<p><strong>Horv\u00e1th Emese:<\/strong> &#8211; <em>Sajnos t\u00f6bb hi\u00e1nyz\u00f3val \u00e1lltunk neki ennek a m\u00e9rk\u0151z\u00e9snek. Ennek ellen\u00e9re magabiztosan j\u00e1tszott a csapat. Egy meging\u00e1st k\u00f6vet\u0151en az ellenf\u00e9l vezet\u00e9st szerzett \u00e9s mi nem tudtunk r\u00e1 g\u00f3llal v\u00e1laszolni. Ami pozit\u00edv,hogy a v\u00e9dekez\u00e9s az utols\u00f3 pillanatig sem esett sz\u00e9t. Viszont a t\u00e1mad\u00e1s vezet\u00e9seken m\u00e9g van mit csiszolni.<\/em><\/p>\n<p><img loading=\"lazy\" class=\"alignnone size-full wp-image-6641\" src=\"http:\/\/csepelfc.hu\/wp-content\/uploads\/2021\/10\/Csepel-T.Kecske.jpg\" alt=\"\" width=\"1005\" height=\"966\" srcset=\"http:\/\/csepelfc.hu\/wp-content\/uploads\/2021\/10\/Csepel-T.Kecske.jpg 1005w, http:\/\/csepelfc.hu\/wp-content\/uploads\/2021\/10\/Csepel-T.Kecske-300x288.jpg 300w, http:\/\/csepelfc.hu\/wp-content\/uploads\/2021\/10\/Csepel-T.Kecske-768x738.jpg 768w\" sizes=\"(max-width: 1005px) 100vw, 1005px\" \/><\/p>\n<p><img loading=\"lazy\" class=\"alignnone size-large wp-image-6642\" src=\"http:\/\/csepelfc.hu\/wp-content\/uploads\/2021\/10\/Szigetszentmiklos-Csepel-712x1024.jpg\" alt=\"\" width=\"712\" height=\"1024\" srcset=\"http:\/\/csepelfc.hu\/wp-content\/uploads\/2021\/10\/Szigetszentmiklos-Csepel-712x1024.jpg 712w, http:\/\/csepelfc.hu\/wp-content\/uploads\/2021\/10\/Szigetszentmiklos-Csepel-209x300.jpg 209w, http:\/\/csepelfc.hu\/wp-content\/uploads\/2021\/10\/Szigetszentmiklos-Csepel-768x1105.jpg 768w, http:\/\/csepelfc.hu\/wp-content\/uploads\/2021\/10\/Szigetszentmiklos-Csepel.jpg 1005w\" sizes=\"(max-width: 712px) 100vw, 712px\" \/><\/p>\n<p><strong>Viza Kriszti\u00e1n:<\/strong> &#8211; <em>Szerd\u00e1n egy dekoncentr\u00e1lt, motiv\u00e1latlan \u00e9s fegyelmezetlen csapat k\u00e9p\u00e9t mutattuk. A saj\u00e1t j\u00e1t\u00e9kunkb\u00f3l semmi nem val\u00f3sult meg. Visszak\u00f6sz\u00f6nt a hanyagul elv\u00e9gzett felk\u00e9sz\u00fcl\u00e9si id\u0151szak.\u00a0<\/em><\/p>\n<p><img loading=\"lazy\" class=\"alignnone size-large wp-image-6643\" src=\"http:\/\/csepelfc.hu\/wp-content\/uploads\/2021\/10\/Sz.Halombatta-Csepel-780x1024.jpg\" alt=\"\" width=\"780\" height=\"1024\" srcset=\"http:\/\/csepelfc.hu\/wp-content\/uploads\/2021\/10\/Sz.Halombatta-Csepel-780x1024.jpg 780w, http:\/\/csepelfc.hu\/wp-content\/uploads\/2021\/10\/Sz.Halombatta-Csepel-228x300.jpg 228w, http:\/\/csepelfc.hu\/wp-content\/uploads\/2021\/10\/Sz.Halombatta-Csepel-768x1009.jpg 768w, http:\/\/csepelfc.hu\/wp-content\/uploads\/2021\/10\/Sz.Halombatta-Csepel.jpg 1005w\" sizes=\"(max-width: 780px) 100vw, 780px\" \/><\/p>\n<p><strong>T\u00f3th G\u00e9za:<\/strong> &#8211; <em>Erre a meccsre k\u00fcl\u00f6n\u00f6s tekintettel k\u00e9sz\u00fclt\u00fcnk, hiszen a &#8220;batta&#8221; tavaly \u00fagy jutott 3 ponthoz ellen\u00fcnk, hogy nem tudtunk ki\u00e1llni ellen\u00fck Sz\u00e1zhalombatt\u00e1n. Dolgunkat az sem k\u00f6nny\u00edtette, hogy t\u00f6bb, komolyabb s\u00e9r\u00fclt\u00fcnk \u00e9s egy\u00e9b okok miatti hi\u00e1nyz\u00f3nk is van, m\u00e9gis \u00f6ssze tudtunk annyira \u00e1llni, hogy ne legyen k\u00e9rd\u00e9ses ennek a meccsnek a v\u00e9gkimenetele. Sz\u0151ke Ferinek -akit sokszor kapusk\u00e9nt is bevet\u00fcnk a bajnoks\u00e1gban, s ez\u00fattal h\u00e1rom g\u00f3lt is szerzett- k\u00fcl\u00f6n j\u00e1r a gratul\u00e1ci\u00f3!<\/em><\/p>\n","protected":false},"excerpt":{"rendered":"<div class=\"mh-excerpt\"><p>Tov\u00e1bbra is veretlen n\u0151i csapatunk, remekelt a fi\u00fak U19 \u00e9s U17- es egy\u00fcttese, kij\u00f6tt a l\u00e9p\u00e9s az U15- nek (fot\u00f3nkon) \u00e9s Old Boys csapatunknak is.<\/p>\n<\/div>","protected":false},"author":4,"featured_media":6644,"comment_status":"closed","ping_status":"open","sticky":false,"template":"","format":"standard","meta":{"jetpack_publicize_message":"","jetpack_is_tweetstorm":false,"jetpack_publicize_feature_enabled":true},"categories":[1,7,11,3],"tags":[],"jetpack_publicize_connections":[],"jetpack_featured_media_url":"http:\/\/csepelfc.hu\/wp-content\/uploads\/2021\/10\/U15-foto.jpg","jetpack_sharing_enabled":true,"jetpack_shortlink":"https:\/\/wp.me\/p83FEU-1J0","_links":{"self":[{"href":"http:\/\/csepelfc.hu\/index.php\/wp-json\/wp\/v2\/posts\/6634"}],"collection":[{"href":"http:\/\/csepelfc.hu\/index.php\/wp-json\/wp\/v2\/posts"}],"about":[{"href":"http:\/\/csepelfc.hu\/index.php\/wp-json\/wp\/v2\/types\/post"}],"author":[{"embeddable":true,"href":"http:\/\/csepelfc.hu\/index.php\/wp-json\/wp\/v2\/users\/4"}],"replies":[{"embeddable":true,"href":"http:\/\/csepelfc.hu\/index.php\/wp-json\/wp\/v2\/comments?post=6634"}],"version-history":[{"count":4,"href":"http:\/\/csepelfc.hu\/index.php\/wp-json\/wp\/v2\/posts\/6634\/revisions"}],"predecessor-version":[{"id":6653,"href":"http:\/\/csepelfc.hu\/index.php\/wp-json\/wp\/v2\/posts\/6634\/revisions\/6653"}],"wp:featuredmedia":[{"embeddable":true,"href":"http:\/\/csepelfc.hu\/index.php\/wp-json\/wp\/v2\/media\/6644"}],"wp:attachment":[{"href":"http:\/\/csepelfc.hu\/index.php\/wp-json\/wp\/v2\/media?parent=6634"}],"wp:term":[{"taxonomy":"category","embeddable":true,"href":"http:\/\/csepelfc.hu\/index.php\/wp-json\/wp\/v2\/categories?post=6634"},{"taxonomy":"post_tag","embeddable":true,"href":"http:\/\/csepelfc.hu\/index.php\/wp-json\/wp\/v2\/tags?post=6634"}],"curies":[{"name":"wp","href":"https:\/\/api.w.org\/{rel}","templated":true}]}}