{"id":6506,"date":"2021-09-20T13:22:27","date_gmt":"2021-09-20T12:22:27","guid":{"rendered":"http:\/\/csepelfc.hu\/?p=6506"},"modified":"2021-09-20T13:24:56","modified_gmt":"2021-09-20T12:24:56","slug":"eddig-tartott-a-magyar-kupakaland","status":"publish","type":"post","link":"http:\/\/csepelfc.hu\/index.php\/2021\/09\/20\/eddig-tartott-a-magyar-kupakaland\/","title":{"rendered":"Eddig tartott a (Magyar) Kupakaland"},"content":{"rendered":"<p>Feln\u0151tt f\u00e9rfi labdar\u00fag\u00f3ink a MOL Magyar Kupa 3. j\u00e1t\u00e9knapj\u00e1n l\u00e9ptek p\u00e1ly\u00e1ra soros, bajnoki m\u00e9rk\u0151z\u00e9s\u00fck helyett, ami egyg\u00f3los vend\u00e9gsikert \u00e9s egyben a b\u00facs\u00fat is jelentette sz\u00e1mukra ebb\u0151l a sorozatb\u00f3l.<!--more--><\/p>\n<p>MOL Magyar Kupa, 3. fordul\u00f3<\/p>\n<p><strong>Csepel FC &#8211; Szegedi VSE 0:1 (0:0)<\/strong><\/p>\n<p>Csepel, B\u00e9ke t\u00e9r,<strong> Jv.<\/strong>: K\u00e1tai G. (Balla L., Pisk\u00f3czi V.)<\/p>\n<p><strong>Csepel FC:<\/strong> Papp Botond &#8211; Bencze M\u00e1rton (N\u00e9meth Zolt\u00e1n &#8217;66), M\u00e9sz\u00e1ros Roland, Torda Bence, V\u00f6r\u00f6s Bence (Tepl\u00e1n J\u00e1nos &#8217;66), Haraszk\u00f3 S\u00e1ndor, Tak\u00e1cs L\u00e1szl\u00f3 (Zsivoczky- Pandel P\u00e9ter &#8217;66), Tolnay Rokk\u00f3 (Mank\u00f3 D\u00e1vid &#8217;73), Krist\u00f3f Gerg\u0151 (Gauzer Levente &#8217;82), Moh\u00e1csik G\u00e1bor <strong>Vezet\u0151edz\u0151:<\/strong> Nagy Zolt\u00e1n<\/p>\n<p><strong>Szegedi VSE:<\/strong> Czirj\u00e1k T. &#8211; Korm\u00e1nyos K., P\u00f3cs D., Csamang\u00f3 T., M\u00e9sz\u00e1ros Z., R\u00e1dai G., Beretka T. (Papp \u00c1., &#8217;66), Csan\u00e1d I. (L\u0151rinc \u00c1., &#8217;93), F\u00fcl\u00f6p T., Taci A., Klemen V. <strong>Vezet\u0151edz\u0151:<\/strong> Paksi P.<\/p>\n<p><strong>G\u00f3lszerz\u0151:<\/strong> Taci A. &#8217;80<\/p>\n<p><strong>Nagy Zolt\u00e1n:<\/strong> &#8211; <em>Azt gondolom, hogy a m\u00e9rk\u0151z\u00e9s eg\u00e9sz\u00e9ben j\u00e1t\u00e9kosaim megoldott\u00e1k a r\u00e1juk r\u00f3tt feladatot. Ellenfel\u00fcnket sz\u00e9p lassan fel\u0151r\u00f6lve beszor\u00edtottuk \u0151ket a kapujuk el\u0151ter\u00e9be. Egyetlen dolog hi\u00e1nyzott csup\u00e1n, ami egy m\u00e9rk\u0151z\u00e9s sava-borsa \u00e9s legfontosabb &#8220;kell\u00e9ke&#8221;: a g\u00f3l. Sajn\u00e1ljuk, hogy \u00edgy alakult, rem\u00e9lem mindenki l\u00e1tta, hogy a gy\u0151zelmet nagyon akartuk, \u00e1m ez most nem siker\u00fclt&#8230;<\/em><\/p>\n","protected":false},"excerpt":{"rendered":"<div class=\"mh-excerpt\"><p>Feln\u0151tt f\u00e9rfi labdar\u00fag\u00f3ink a MOL Magyar Kupa 3. j\u00e1t\u00e9knapj\u00e1n l\u00e9ptek p\u00e1ly\u00e1ra soros, bajnoki m\u00e9rk\u0151z\u00e9s\u00fck helyett, ami egyg\u00f3los vend\u00e9gsikert \u00e9s egyben a b\u00facs\u00fat is jelentette sz\u00e1mukra ebb\u0151l a sorozatb\u00f3l.<\/p>\n<\/div>","protected":false},"author":4,"featured_media":5024,"comment_status":"closed","ping_status":"open","sticky":false,"template":"","format":"standard","meta":{"jetpack_publicize_message":"","jetpack_is_tweetstorm":false,"jetpack_publicize_feature_enabled":true},"categories":[1,7],"tags":[],"jetpack_publicize_connections":[],"jetpack_featured_media_url":"http:\/\/csepelfc.hu\/wp-content\/uploads\/2020\/02\/0-1.jpg","jetpack_sharing_enabled":true,"jetpack_shortlink":"https:\/\/wp.me\/p83FEU-1GW","_links":{"self":[{"href":"http:\/\/csepelfc.hu\/index.php\/wp-json\/wp\/v2\/posts\/6506"}],"collection":[{"href":"http:\/\/csepelfc.hu\/index.php\/wp-json\/wp\/v2\/posts"}],"about":[{"href":"http:\/\/csepelfc.hu\/index.php\/wp-json\/wp\/v2\/types\/post"}],"author":[{"embeddable":true,"href":"http:\/\/csepelfc.hu\/index.php\/wp-json\/wp\/v2\/users\/4"}],"replies":[{"embeddable":true,"href":"http:\/\/csepelfc.hu\/index.php\/wp-json\/wp\/v2\/comments?post=6506"}],"version-history":[{"count":4,"href":"http:\/\/csepelfc.hu\/index.php\/wp-json\/wp\/v2\/posts\/6506\/revisions"}],"predecessor-version":[{"id":6511,"href":"http:\/\/csepelfc.hu\/index.php\/wp-json\/wp\/v2\/posts\/6506\/revisions\/6511"}],"wp:featuredmedia":[{"embeddable":true,"href":"http:\/\/csepelfc.hu\/index.php\/wp-json\/wp\/v2\/media\/5024"}],"wp:attachment":[{"href":"http:\/\/csepelfc.hu\/index.php\/wp-json\/wp\/v2\/media?parent=6506"}],"wp:term":[{"taxonomy":"category","embeddable":true,"href":"http:\/\/csepelfc.hu\/index.php\/wp-json\/wp\/v2\/categories?post=6506"},{"taxonomy":"post_tag","embeddable":true,"href":"http:\/\/csepelfc.hu\/index.php\/wp-json\/wp\/v2\/tags?post=6506"}],"curies":[{"name":"wp","href":"https:\/\/api.w.org\/{rel}","templated":true}]}}