{"id":6436,"date":"2021-09-07T16:11:51","date_gmt":"2021-09-07T15:11:51","guid":{"rendered":"http:\/\/csepelfc.hu\/?p=6436"},"modified":"2021-09-07T16:11:51","modified_gmt":"2021-09-07T15:11:51","slug":"kozosen-vonulnak-a-csepel-szurkolok","status":"publish","type":"post","link":"http:\/\/csepelfc.hu\/index.php\/2021\/09\/07\/kozosen-vonulnak-a-csepel-szurkolok\/","title":{"rendered":"K\u00f6z\u00f6sen vonulnak a Csepel szurkol\u00f3k"},"content":{"rendered":"<p>A hagyom\u00e1nyokhoz h\u00edven a Csepel FC szurkol\u00f3i ez\u00fattal is sort ker\u00edtenek az els\u0151 hazai bajnoki m\u00e9rk\u0151z\u00e9s el\u0151tti k\u00f6z\u00f6s \u00f6sszej\u00f6vetelre \u00e9s vonul\u00e1sra a B\u00e9ke t\u00e9ren.<!--more--><\/p>\n<p>A k\u00e9k- piros drukkerek a k\u00f6vetkez\u0151 felh\u00edv\u00e1st tett\u00e9k k\u00f6z\u00e9 Facebook oldalukon:<\/p>\n<div class=\"kvgmc6g5 cxmmr5t8 oygrvhab hcukyx3x c1et5uql ii04i59q\">\n<div dir=\"auto\"><em>&#8220;<span class=\"d2edcug0 hpfvmrgz qv66sw1b c1et5uql lr9zc1uh a8c37x1j keod5gw0 nxhoafnm aigsh9s9 d3f4x2em fe6kdd0r mau55g9w c8b282yb iv3no6db jq4qci2q a3bd9o3v b1v8xokw oo9gr5id hzawbc8m\" dir=\"auto\">Pillanatnyilag \u00fagy t\u0171nik, hogy rendez\u0151dni l\u00e1tszik focicsapataink helyzete, \u00edgy szombaton v\u00e9gre el\u00e9rkezik a szezon els\u0151 hazai meccse. <\/span><\/em><em>Szeptember 11. szombat 15.30, Csepel FC -Testv\u00e9ris\u00e9g.<\/em><\/div>\n<div dir=\"auto\"><em>Ennek kapcs\u00e1n pedig megtartjuk a Csepel csal\u00e1d hagyom\u00e1nyos szezonnyit\u00f3 vonul\u00e1s\u00e1t legend\u00e1ink szobr\u00e1t\u00f3l, a stadionhoz, melyre term\u00e9szetesen ism\u00e9t v\u00e1runk mindenkit, aki -e csal\u00e1d tagj\u00e1nak \u00e9rzi mag\u00e1t, \u00e9s van kedve egy j\u00f3 hangulat\u00fa s\u00e9t\u00e1hoz a szurkol\u00f3t\u00e1rsakkal.<\/em><\/div>\n<\/div>\n<div class=\"o9v6fnle cxmmr5t8 oygrvhab hcukyx3x c1et5uql ii04i59q\">\n<div dir=\"auto\"><em>Tal\u00e1lkoz\u00f3 a B\u00e9ke t\u00e9ren a Czibor -T\u00f3th II szoborn\u00e1l 14.30-kor, ahol szok\u00e1s szerint ler\u00f3juk tisztelet\u00fcnket nagyjaink el\u0151tt (<strong>aki tud, hozzon egy sz\u00e1l feh\u00e9r vir\u00e1got)<\/strong>, a menet 14.50-kor indul a stadionhoz.<\/em><\/div>\n<\/div>\n<div class=\"o9v6fnle cxmmr5t8 oygrvhab hcukyx3x c1et5uql ii04i59q\">\n<div dir=\"auto\"><em>Legy\u00fcnk min\u00e9l t\u00f6bben, mutassuk meg a csapatnak, \u00e9s minden illet\u00e9kesnek, hogy mennyire fontos nek\u00fcnk ez a klub. A viszontags\u00e1gos k\u00f6r\u00fclm\u00e9nyek k\u00f6z\u00f6tt is (s\u0151t, ann\u00e1l ink\u00e1bb) ki\u00e1llunk mellett\u00fck.<\/em><\/div>\n<div dir=\"auto\"><em>Fi\u00fak, l\u00e1nyok, kicsik, nagyok, gyer\u00fcnk, el\u0151re Csepel\u00e9rt!\u00a0<\/em><\/p>\n<div class=\"j83agx80 cbu4d94t ew0dbk1b irj2b8pg\">\n<div class=\"qzhwtbm6 knvmm38d\">\n<div class=\"o9v6fnle cxmmr5t8 oygrvhab hcukyx3x c1et5uql ii04i59q\">\n<div dir=\"auto\"><em><span class=\"pq6dq46d tbxw36s4 knj5qynh kvgmc6g5 ditlmg2l oygrvhab nvdbi5me sf5mxxl7 gl3lb2sf hhz5lgdu\"><img loading=\"lazy\" src=\"https:\/\/static.xx.fbcdn.net\/images\/emoji.php\/v9\/t6c\/1\/16\/1f499.png\" alt=\"\ud83d\udc99\" width=\"16\" height=\"16\" \/><\/span><span class=\"pq6dq46d tbxw36s4 knj5qynh kvgmc6g5 ditlmg2l oygrvhab nvdbi5me sf5mxxl7 gl3lb2sf hhz5lgdu\"><img loading=\"lazy\" src=\"https:\/\/static.xx.fbcdn.net\/images\/emoji.php\/v9\/t6c\/1\/16\/2764.png\" alt=\"\u2764\ufe0f\" width=\"16\" height=\"16\" \/><\/span><\/em><\/div>\n<\/div>\n<\/div>\n<\/div>\n<div>\n<div class=\"stjgntxs ni8dbmo4 l82x9zwi uo3d90p7 h905i5nu monazrh9\" data-visualcompletion=\"ignore-dynamic\">\n<div>\n<div>\n<div>\n<div class=\"l9j0dhe7\">\n<div class=\"bp9cbjyn m9osqain j83agx80 jq4qci2q bkfpd7mw a3bd9o3v kvgmc6g5 wkznzc2l oygrvhab dhix69tm jktsbyx5 rz4wbd8a osnr6wyh a8nywdso s1tcr66n\">\n<div class=\"bp9cbjyn j83agx80 buofh1pr ni8dbmo4 stjgntxs\"><\/div>\n<\/div>\n<\/div>\n<\/div>\n<\/div>\n<\/div>\n<\/div>\n<\/div>\n<div class=\"\"><\/div>\n<\/div>\n<\/div>\n","protected":false},"excerpt":{"rendered":"<div class=\"mh-excerpt\"><p>A hagyom\u00e1nyokhoz h\u00edven a Csepel FC szurkol\u00f3i ez\u00fattal is sort ker\u00edtenek az els\u0151 hazai bajnoki m\u00e9rk\u0151z\u00e9s el\u0151tti k\u00f6z\u00f6s \u00f6sszej\u00f6vetelre \u00e9s vonul\u00e1sra a B\u00e9ke t\u00e9ren.<\/p>\n<\/div>","protected":false},"author":4,"featured_media":6437,"comment_status":"closed","ping_status":"open","sticky":false,"template":"","format":"standard","meta":{"jetpack_publicize_message":"","jetpack_is_tweetstorm":false,"jetpack_publicize_feature_enabled":true},"categories":[1,7],"tags":[],"jetpack_publicize_connections":[],"jetpack_featured_media_url":"http:\/\/csepelfc.hu\/wp-content\/uploads\/2021\/09\/Szurkerekk..jpg","jetpack_sharing_enabled":true,"jetpack_shortlink":"https:\/\/wp.me\/p83FEU-1FO","_links":{"self":[{"href":"http:\/\/csepelfc.hu\/index.php\/wp-json\/wp\/v2\/posts\/6436"}],"collection":[{"href":"http:\/\/csepelfc.hu\/index.php\/wp-json\/wp\/v2\/posts"}],"about":[{"href":"http:\/\/csepelfc.hu\/index.php\/wp-json\/wp\/v2\/types\/post"}],"author":[{"embeddable":true,"href":"http:\/\/csepelfc.hu\/index.php\/wp-json\/wp\/v2\/users\/4"}],"replies":[{"embeddable":true,"href":"http:\/\/csepelfc.hu\/index.php\/wp-json\/wp\/v2\/comments?post=6436"}],"version-history":[{"count":1,"href":"http:\/\/csepelfc.hu\/index.php\/wp-json\/wp\/v2\/posts\/6436\/revisions"}],"predecessor-version":[{"id":6438,"href":"http:\/\/csepelfc.hu\/index.php\/wp-json\/wp\/v2\/posts\/6436\/revisions\/6438"}],"wp:featuredmedia":[{"embeddable":true,"href":"http:\/\/csepelfc.hu\/index.php\/wp-json\/wp\/v2\/media\/6437"}],"wp:attachment":[{"href":"http:\/\/csepelfc.hu\/index.php\/wp-json\/wp\/v2\/media?parent=6436"}],"wp:term":[{"taxonomy":"category","embeddable":true,"href":"http:\/\/csepelfc.hu\/index.php\/wp-json\/wp\/v2\/categories?post=6436"},{"taxonomy":"post_tag","embeddable":true,"href":"http:\/\/csepelfc.hu\/index.php\/wp-json\/wp\/v2\/tags?post=6436"}],"curies":[{"name":"wp","href":"https:\/\/api.w.org\/{rel}","templated":true}]}}