{"id":6423,"date":"2021-09-05T11:59:24","date_gmt":"2021-09-05T10:59:24","guid":{"rendered":"http:\/\/csepelfc.hu\/?p=6423"},"modified":"2021-09-05T11:59:24","modified_gmt":"2021-09-05T10:59:24","slug":"idegenbeli-pontszerzessel-inditottuk-a-bajnoksagot","status":"publish","type":"post","link":"http:\/\/csepelfc.hu\/index.php\/2021\/09\/05\/idegenbeli-pontszerzessel-inditottuk-a-bajnoksagot\/","title":{"rendered":"Idegenbeli pontszerz\u00e9ssel ind\u00edtottuk a bajnoks\u00e1got"},"content":{"rendered":"<p>Pontszerz\u00e9ssel kezdte meg a 2021\/2022-es bajnoki szezont a Csepel FC feln\u0151tt f\u00e9rfi csapata, igaz ez sok\u00e1ig h\u00e1romnak t\u0171nt, de a v\u00e9g\u00e9re &#8220;ki\u00e9nekelte a sajtot a sz\u00e1nkb\u00f3l&#8221; a V\u00edzm\u0171vek.<!--more--><\/p>\n<p><strong>F\u0151v\u00e1rosi V\u00edzm\u0171vek SK- Csepel FC 2:2 (0:2)<\/strong><\/p>\n<p><strong>Jv.:<\/strong> Kiss Gerg\u0151 (Sudicky B\u00e1lint, Gr\u00fcnvald G\u00e1bor)<\/p>\n<p><strong>V\u00edzm\u0171vek SK:<\/strong> T\u00f6r\u00f6k \u00c1. &#8211; Csorba A. (T\u00f3th \u00c1. &#8217;46), Kiss Zs., Niederm\u00fcller \u00c1., Farag\u00f3 M., Peller \u00c1., Pergel B. (Kn\u00f3del G. &#8217;46), Ujv\u00e1ri D. (Hut\u00e1s B. &#8217;75), Prentner Z., Pump Sz. (F\u00f6ldes M. &#8217;46), Holl\u00f3k\u0151i \u00c1. <strong>Vezet\u0151edz\u0151:<\/strong> M\u00e9sz\u00f6ly G\u00e9za<\/p>\n<p><strong>Csepel FC:<\/strong> Sz\u0171cs Kriszti\u00e1n &#8211; Bencze M\u00e1rton, M\u00e9sz\u00e1ros Roland, Torda Bence, M\u00e9sz\u00e1ros L\u00e1szl\u00f3, N\u00e9meth Zolt\u00e1n (Tolnay Rokk\u00f3 &#8217;71), Haraszk\u00f3 S\u00e1ndor, Tepl\u00e1n J\u00e1nos (V\u00f6r\u00f6s Bence &#8217;71), Gauzer Levente (Zsivoczky- Pandel P\u00e9ter &#8217;62), Krist\u00f3f Gerg\u0151, Moh\u00e1csik G\u00e1bor <strong>Vezet\u0151edz\u0151:<\/strong> Nagy Zolt\u00e1n<\/p>\n<p><strong>G\u00f3lszerz\u0151k:<\/strong> N\u00e9meth Zolt\u00e1n (2) &#8217;10, &#8217;25, T\u00f3th \u00c1. (2) &#8217;70, &#8217;79<\/p>\n<p>&nbsp;<\/p>\n<p><strong>Nagy Zolt\u00e1n:<\/strong> &#8211; <em>Nyilv\u00e1n csal\u00f3dottak vagyunk annak t\u00fckr\u00e9ben, hogy az els\u0151 f\u00e9lid\u0151 t\u00f6k\u00e9letesen alakult. Ez tipikusan az a meccs volt, amire azt szokt\u00e1k mondani: veres\u00e9ggel fel\u00e9r\u0151 d\u00f6ntetlen! K\u00e1r a kez\u00fcnkb\u0151l kics\u00fasz\u00f3 k\u00e9t pont\u00e9rt, ami\u00e9rt kiz\u00e1r\u00f3lag magunkat okolhatjuk. Ez\u00faton is nagyon k\u00f6sz\u00f6n\u00f6m a szurkol\u00f3k t\u00f6retlen \u00e9s lelkes biztat\u00e1s\u00e1t, ki fogjuk jav\u00edtani ezt a hib\u00e1t.<\/em><\/p>\n","protected":false},"excerpt":{"rendered":"<div class=\"mh-excerpt\"><p>Pontszerz\u00e9ssel kezdte meg a 2021\/2022-es bajnoki szezont a Csepel FC feln\u0151tt f\u00e9rfi csapata, igaz ez sok\u00e1ig h\u00e1romnak t\u0171nt, de a v\u00e9g\u00e9re &#8220;ki\u00e9nekelte a sajtot a sz\u00e1nkb\u00f3l&#8221; a V\u00edzm\u0171vek.<\/p>\n<\/div>","protected":false},"author":4,"featured_media":6424,"comment_status":"closed","ping_status":"open","sticky":false,"template":"","format":"standard","meta":{"jetpack_publicize_message":"","jetpack_is_tweetstorm":false,"jetpack_publicize_feature_enabled":true},"categories":[1,7],"tags":[],"jetpack_publicize_connections":[],"jetpack_featured_media_url":"http:\/\/csepelfc.hu\/wp-content\/uploads\/2021\/09\/2-2.jpg","jetpack_sharing_enabled":true,"jetpack_shortlink":"https:\/\/wp.me\/p83FEU-1FB","_links":{"self":[{"href":"http:\/\/csepelfc.hu\/index.php\/wp-json\/wp\/v2\/posts\/6423"}],"collection":[{"href":"http:\/\/csepelfc.hu\/index.php\/wp-json\/wp\/v2\/posts"}],"about":[{"href":"http:\/\/csepelfc.hu\/index.php\/wp-json\/wp\/v2\/types\/post"}],"author":[{"embeddable":true,"href":"http:\/\/csepelfc.hu\/index.php\/wp-json\/wp\/v2\/users\/4"}],"replies":[{"embeddable":true,"href":"http:\/\/csepelfc.hu\/index.php\/wp-json\/wp\/v2\/comments?post=6423"}],"version-history":[{"count":1,"href":"http:\/\/csepelfc.hu\/index.php\/wp-json\/wp\/v2\/posts\/6423\/revisions"}],"predecessor-version":[{"id":6425,"href":"http:\/\/csepelfc.hu\/index.php\/wp-json\/wp\/v2\/posts\/6423\/revisions\/6425"}],"wp:featuredmedia":[{"embeddable":true,"href":"http:\/\/csepelfc.hu\/index.php\/wp-json\/wp\/v2\/media\/6424"}],"wp:attachment":[{"href":"http:\/\/csepelfc.hu\/index.php\/wp-json\/wp\/v2\/media?parent=6423"}],"wp:term":[{"taxonomy":"category","embeddable":true,"href":"http:\/\/csepelfc.hu\/index.php\/wp-json\/wp\/v2\/categories?post=6423"},{"taxonomy":"post_tag","embeddable":true,"href":"http:\/\/csepelfc.hu\/index.php\/wp-json\/wp\/v2\/tags?post=6423"}],"curies":[{"name":"wp","href":"https:\/\/api.w.org\/{rel}","templated":true}]}}