{"id":6410,"date":"2021-09-03T14:02:24","date_gmt":"2021-09-03T13:02:24","guid":{"rendered":"http:\/\/csepelfc.hu\/?p=6410"},"modified":"2021-09-03T14:11:41","modified_gmt":"2021-09-03T13:11:41","slug":"noiup-remenykelto-szezonnyito","status":"publish","type":"post","link":"http:\/\/csepelfc.hu\/index.php\/2021\/09\/03\/noiup-remenykelto-szezonnyito\/","title":{"rendered":"N\u0151i&#038;UP: rem\u00e9nykelt\u0151 szezonnyit\u00f3"},"content":{"rendered":"<p>A f\u00e9rfi feln\u0151tt csapat kupak\u00fczdelmeit k\u00f6vet\u0151en a h\u00f6lgyek \u00e9s az ut\u00e1np\u00f3tl\u00e1s csapataink is elkezdt\u00e9k az \u0151szi t\u00e9tm\u00e9rk\u0151z\u00e9sek sor\u00e1t. Az els\u0151 eredm\u00e9nyek bizakod\u00e1sra adhatnak okot.<\/p>\n<p><!--more--><\/p>\n<p><img loading=\"lazy\" class=\"alignnone size-full wp-image-6417\" src=\"http:\/\/csepelfc.hu\/wp-content\/uploads\/2021\/09\/Csepel-AdaNova.jpg\" alt=\"\" width=\"942\" height=\"1107\" srcset=\"http:\/\/csepelfc.hu\/wp-content\/uploads\/2021\/09\/Csepel-AdaNova.jpg 942w, http:\/\/csepelfc.hu\/wp-content\/uploads\/2021\/09\/Csepel-AdaNova-255x300.jpg 255w, http:\/\/csepelfc.hu\/wp-content\/uploads\/2021\/09\/Csepel-AdaNova-871x1024.jpg 871w, http:\/\/csepelfc.hu\/wp-content\/uploads\/2021\/09\/Csepel-AdaNova-768x903.jpg 768w\" sizes=\"(max-width: 942px) 100vw, 942px\" \/><\/p>\n<p><strong>Kincses Ern\u0151:<\/strong> &#8211; <em>Lassan, k\u00f6r\u00fclm\u00e9nyesen \u00e9s pontatlanul kezdt\u00fck el a m\u00e9rk\u0151z\u00e9s ezt az iramot \u00e9s teljes\u00edtm\u00e9nyt v\u00e9gig tudtuk tartani az els\u0151 f\u00e9lid\u0151ben. A m\u00e1sodik f\u00e9lid\u0151ben r\u00e1d\u00f6bbent\u00fcnk, hogy itt nagyobb baj is lehet \u00e9s jobb felfog\u00e1sban kezdt\u00fcnk j\u00e1tszani. A cser\u00e9k jav\u00edtottak a csapat teljes\u00edtm\u00e9ny\u00e9n. A magabiztosan \u00e9rt\u00e9kes\u00edtett tizenegyes ut\u00e1n m\u00e1r sok lehet\u0151s\u00e9g\u00fcnk volt. A klasszis egy\u00e9ni alak\u00edt\u00e1s ut\u00e1n megszerzett m\u00e1sodik g\u00f3lunk ut\u00e1n v\u00e9gleg eld\u0151lt a m\u00e9rk\u0151z\u00e9s. Gratul\u00e1lok a csapatnak hiszen az nagyon fontos, hogy megszerezt\u00fck a gy\u0151zelmet! <\/em><em>K\u00f6sz\u00f6nj\u00fck a szurkol\u00f3inknak a biztat\u00e1st , rem\u00e9lem egyre t\u00f6bben \u00e9s hangosabban biztatj\u00e1k majd a csapatunkat! <\/em><em>K\u00fcl\u00f6n szeretn\u00e9m megk\u00f6sz\u00f6nni R\u00e1cz Botond technikai vezet\u0151nknek a p\u00e9nteki, emberfeletti munk\u00e1j\u00e1t! <\/em><em>Hajr\u00e1 CSEPEL!<\/em><\/p>\n<p><img loading=\"lazy\" class=\"alignnone size-full wp-image-6412\" src=\"http:\/\/csepelfc.hu\/wp-content\/uploads\/2021\/09\/Monor-Csepel.jpg\" alt=\"\" width=\"939\" height=\"1168\" srcset=\"http:\/\/csepelfc.hu\/wp-content\/uploads\/2021\/09\/Monor-Csepel.jpg 939w, http:\/\/csepelfc.hu\/wp-content\/uploads\/2021\/09\/Monor-Csepel-241x300.jpg 241w, http:\/\/csepelfc.hu\/wp-content\/uploads\/2021\/09\/Monor-Csepel-823x1024.jpg 823w, http:\/\/csepelfc.hu\/wp-content\/uploads\/2021\/09\/Monor-Csepel-768x955.jpg 768w\" sizes=\"(max-width: 939px) 100vw, 939px\" \/><\/p>\n<p><strong>Zsivoczky- Pandel P\u00e9ter:<\/strong> &#8211; Az els\u0151 fordul\u00f3ban <em>Monorra l\u00e1togattunk az U19-es csapattal, ahol tudtuk hogy egy nagyon neh\u00e9z m\u00e9rk\u0151z\u00e9s v\u00e1r r\u00e1nk. J\u00f3l kezdt\u00fck a m\u00e9rk\u0151z\u00e9st, domin\u00e1ltunk, agressz\u00edvak voltunk Ennek meg is lett az eredm\u00e9nye, egy ellenf\u00e9l t\u00e9rfel\u00e9n t\u00f6rt\u00e9n\u0151 labdaszerz\u00e9st k\u00f6vet\u0151en tudtuk megszerezni a vezet\u00e9st. Fontos volt, hogy ne \u00e1lljunk le, ugyanolyan al\u00e1zattal ment\u00fcnk tov\u00e1bb, ami \u00fajabb g\u00f3lt eredm\u00e9nyezett egy gy\u00f6ny\u00f6r\u0171 \u00e1tl\u00f6v\u00e9sb\u0151l. A m\u00e1sodik f\u00e9lid\u0151 valamivel kiegyenl\u00edtettebb j\u00e1t\u00e9kot hozott, \u00e1m a harmadik g\u00f3lt is r\u00e1 tudtuk r\u00fagni az el\u0151z\u0151 kett\u0151re, amivel v\u00e9gk\u00e9pp eld\u0151lt a m\u00e9rk\u0151z\u00e9s. \u00d6r\u00fcl\u00f6k a j\u00f3 kezd\u00e9snek, viszont most m\u00e1r csak a h\u00e9tv\u00e9gi, P\u00e9nz\u00fcgy\u0151r elleni meccsre koncentr\u00e1lunk, tudjuk hogy egy eg\u00e9szen m\u00e1s meccsre sz\u00e1m\u00edthatunk, de nem lehet m\u00e1s a c\u00e9l, mint az \u00fajabb h\u00e1rom pont megszerz\u00e9se.&nbsp;<\/em><\/p>\n<p><img loading=\"lazy\" class=\"alignnone size-full wp-image-6411\" src=\"http:\/\/csepelfc.hu\/wp-content\/uploads\/2021\/09\/Bia-Csepel.jpg\" alt=\"\" width=\"944\" height=\"1116\" srcset=\"http:\/\/csepelfc.hu\/wp-content\/uploads\/2021\/09\/Bia-Csepel.jpg 944w, http:\/\/csepelfc.hu\/wp-content\/uploads\/2021\/09\/Bia-Csepel-254x300.jpg 254w, http:\/\/csepelfc.hu\/wp-content\/uploads\/2021\/09\/Bia-Csepel-866x1024.jpg 866w, http:\/\/csepelfc.hu\/wp-content\/uploads\/2021\/09\/Bia-Csepel-768x908.jpg 768w\" sizes=\"(max-width: 944px) 100vw, 944px\" \/><\/p>\n<p><img loading=\"lazy\" class=\"alignnone size-full wp-image-6414\" src=\"http:\/\/csepelfc.hu\/wp-content\/uploads\/2021\/09\/Elore-Csepel.jpg\" alt=\"\" width=\"943\" height=\"1064\" srcset=\"http:\/\/csepelfc.hu\/wp-content\/uploads\/2021\/09\/Elore-Csepel.jpg 943w, http:\/\/csepelfc.hu\/wp-content\/uploads\/2021\/09\/Elore-Csepel-266x300.jpg 266w, http:\/\/csepelfc.hu\/wp-content\/uploads\/2021\/09\/Elore-Csepel-908x1024.jpg 908w, http:\/\/csepelfc.hu\/wp-content\/uploads\/2021\/09\/Elore-Csepel-768x867.jpg 768w\" sizes=\"(max-width: 943px) 100vw, 943px\" \/><img loading=\"lazy\" class=\"alignnone size-full wp-image-6415\" src=\"http:\/\/csepelfc.hu\/wp-content\/uploads\/2021\/09\/Barca-Csepel.jpg\" alt=\"\" width=\"943\" height=\"1164\" srcset=\"http:\/\/csepelfc.hu\/wp-content\/uploads\/2021\/09\/Barca-Csepel.jpg 943w, http:\/\/csepelfc.hu\/wp-content\/uploads\/2021\/09\/Barca-Csepel-243x300.jpg 243w, http:\/\/csepelfc.hu\/wp-content\/uploads\/2021\/09\/Barca-Csepel-830x1024.jpg 830w, http:\/\/csepelfc.hu\/wp-content\/uploads\/2021\/09\/Barca-Csepel-768x948.jpg 768w\" sizes=\"(max-width: 943px) 100vw, 943px\" \/><img loading=\"lazy\" class=\"alignnone size-full wp-image-6418\" src=\"http:\/\/csepelfc.hu\/wp-content\/uploads\/2021\/09\/LeanyU19.jpg\" alt=\"\" width=\"948\" height=\"997\" srcset=\"http:\/\/csepelfc.hu\/wp-content\/uploads\/2021\/09\/LeanyU19.jpg 948w, http:\/\/csepelfc.hu\/wp-content\/uploads\/2021\/09\/LeanyU19-285x300.jpg 285w, http:\/\/csepelfc.hu\/wp-content\/uploads\/2021\/09\/LeanyU19-768x808.jpg 768w\" sizes=\"(max-width: 948px) 100vw, 948px\" \/><\/p>\n\n\n<p><\/p>\n\n\n\n<p><\/p>\n","protected":false},"excerpt":{"rendered":"<div class=\"mh-excerpt\"><p>A f\u00e9rfi feln\u0151tt csapat kupak\u00fczdelmeit k\u00f6vet\u0151en a h\u00f6lgyek \u00e9s az ut\u00e1np\u00f3tl\u00e1s csapataink is elkezdt\u00e9k az \u0151szi t\u00e9tm\u00e9rk\u0151z\u00e9sek sor\u00e1t. Az els\u0151 eredm\u00e9nyek bizakod\u00e1sra adhatnak okot.<\/p>\n<\/div>","protected":false},"author":4,"featured_media":6420,"comment_status":"closed","ping_status":"open","sticky":false,"template":"","format":"standard","meta":{"jetpack_publicize_message":"","jetpack_is_tweetstorm":false,"jetpack_publicize_feature_enabled":true},"categories":[1,7,3],"tags":[],"jetpack_publicize_connections":[],"jetpack_featured_media_url":"http:\/\/csepelfc.hu\/wp-content\/uploads\/2021\/09\/BarcaAcademy-Csepel.jpg","jetpack_sharing_enabled":true,"jetpack_shortlink":"https:\/\/wp.me\/p83FEU-1Fo","_links":{"self":[{"href":"http:\/\/csepelfc.hu\/index.php\/wp-json\/wp\/v2\/posts\/6410"}],"collection":[{"href":"http:\/\/csepelfc.hu\/index.php\/wp-json\/wp\/v2\/posts"}],"about":[{"href":"http:\/\/csepelfc.hu\/index.php\/wp-json\/wp\/v2\/types\/post"}],"author":[{"embeddable":true,"href":"http:\/\/csepelfc.hu\/index.php\/wp-json\/wp\/v2\/users\/4"}],"replies":[{"embeddable":true,"href":"http:\/\/csepelfc.hu\/index.php\/wp-json\/wp\/v2\/comments?post=6410"}],"version-history":[{"count":2,"href":"http:\/\/csepelfc.hu\/index.php\/wp-json\/wp\/v2\/posts\/6410\/revisions"}],"predecessor-version":[{"id":6422,"href":"http:\/\/csepelfc.hu\/index.php\/wp-json\/wp\/v2\/posts\/6410\/revisions\/6422"}],"wp:featuredmedia":[{"embeddable":true,"href":"http:\/\/csepelfc.hu\/index.php\/wp-json\/wp\/v2\/media\/6420"}],"wp:attachment":[{"href":"http:\/\/csepelfc.hu\/index.php\/wp-json\/wp\/v2\/media?parent=6410"}],"wp:term":[{"taxonomy":"category","embeddable":true,"href":"http:\/\/csepelfc.hu\/index.php\/wp-json\/wp\/v2\/categories?post=6410"},{"taxonomy":"post_tag","embeddable":true,"href":"http:\/\/csepelfc.hu\/index.php\/wp-json\/wp\/v2\/tags?post=6410"}],"curies":[{"name":"wp","href":"https:\/\/api.w.org\/{rel}","templated":true}]}}