{"id":6358,"date":"2021-08-01T21:02:49","date_gmt":"2021-08-01T20:02:49","guid":{"rendered":"http:\/\/csepelfc.hu\/?p=6358"},"modified":"2021-08-01T21:13:39","modified_gmt":"2021-08-01T20:13:39","slug":"felkeszules-magabiztos-siker-vecsesen","status":"publish","type":"post","link":"http:\/\/csepelfc.hu\/index.php\/2021\/08\/01\/felkeszules-magabiztos-siker-vecsesen\/","title":{"rendered":"Felk\u00e9sz\u00fcl\u00e9s: magabiztos siker Vecs\u00e9sen"},"content":{"rendered":"<p>A Vecs\u00e9si FC otthon\u00e1ban folytatta felk\u00e9sz\u00fcl\u00e9si tal\u00e1lkoz\u00f3inak sor\u00e1t a Csepel FC feln\u0151tt egy\u00fcttese, ahol magabiztosan nyerte meg a m\u00e9rk\u0151z\u00e9st.<!--more--><\/p>\n<p>A Pest megye I. oszt\u00e1ly\u00e1nak legut\u00f3bbi bajnoka a Vecs\u00e9s a Dunaharaszti MTK elleni d\u00f6ntetlennel harcolta ki a bajnoki c\u00edmet ez el\u0151z\u0151 szezonban, \u00e1m megfelel\u0151 licenc hi\u00e1ny\u00e1ban nem tudott elindulni az NB III k\u00fczdelmeiben, \u00edgy ism\u00e9t a Pest megye legmagasabb oszt\u00e1ly\u00e1ban k\u00fczdhet majd. Egy\u00fcttes\u00fcnkre nem v\u00e1rt teh\u00e1t k\u00f6nny\u0171 tal\u00e1lkoz\u00f3 vas\u00e1rnap d\u00e9lel\u0151tt, \u00e1m Nagy Zolt\u00e1n tan\u00edtv\u00e1nyai v\u00e9g\u00fcl meg\u00e9rdemelt sikerrel abszolv\u00e1lt\u00e1k a tal\u00e1lkoz\u00f3t.<\/p>\n<p><strong>Vecs\u00e9si FC &#8211; Csepel FC 0:3 (0:1)<\/strong><\/p>\n<p>Csepel FC I. f\u00e9lid\u0151: Sz\u0171cs Kriszti\u00e1n &#8211; V\u00f6r\u00f6s Bence, Krist\u00f3f Gerg\u0151, Haraszk\u00f3 S\u00e1ndor, Tepl\u00e1n J\u00e1nos, M\u00e9sz\u00e1ros L\u00e1szl\u00f3, Tak\u00e1cs L\u00e1szl\u00f3, N\u00e9meth Zolt\u00e1n, Torda Bence, Bencze M\u00e1rton,Tolnay Rokk\u00f3<\/p>\n<p>Csepel FC a 60. perct\u0151l: Papp Botond &#8211; Lencs\u00e9s Attila, Krist\u00f3f Gerg\u0151, Acz\u00e9l Zolt\u00e1n, Urbin M\u00e1rk, S\u00fck\u00f6sd Kriszti\u00e1n, Mank\u00f3 D\u00e1vid, R\u00e1cz Botond, Tolnay Rokk\u00f3, Zsivoczky- Pandel P\u00e9ter, Urbin Martin<\/p>\n<p><strong>G\u00f3lszerz\u0151k:<\/strong> Tolnay R. (22&#8242;), Torda B. (44.&#8217;), Zsivoczky P. (65&#8242;)<\/p>\n<p><strong>Nagy Zolt\u00e1n vezet\u0151edz\u0151:<\/strong> &#8211; El\u0151zetesen nem sz\u00e1m\u00edthattunk k\u00f6nny\u0171 m\u00e9rk\u0151z\u00e9sre, csapatom a kell\u0151s k\u00f6zep\u00e9n j\u00e1r a felk\u00e9sz\u00fcl\u00e9snek, amibe remek\u00fcl illeszkedett ez a tal\u00e1lkoz\u00f3 is. Azt gondolom ilyen ar\u00e1nyban is meg\u00e9rdemelten nyert\u00fcnk, ami ism\u00e9t csak a csapategys\u00e9get dics\u00e9ri.\u00a0 Dolgozunk tov\u00e1bb, a k\u00f6vetkez\u0151 felk\u00e9sz\u00fcl\u00e9si tal\u00e1lkoz\u00f3nkat a Nagyt\u00e9t\u00e9ny ellen j\u00e1tsszuk a j\u00f6v\u0151 h\u00e9ten Csepelen.<\/p>\n","protected":false},"excerpt":{"rendered":"<div class=\"mh-excerpt\"><p>A Vecs\u00e9si FC otthon\u00e1ban folytatta felk\u00e9sz\u00fcl\u00e9si tal\u00e1lkoz\u00f3inak sor\u00e1t a Csepel FC feln\u0151tt egy\u00fcttese, ahol magabiztosan nyerte meg a m\u00e9rk\u0151z\u00e9st.<\/p>\n<\/div>","protected":false},"author":4,"featured_media":6359,"comment_status":"closed","ping_status":"open","sticky":false,"template":"","format":"standard","meta":{"jetpack_publicize_message":"","jetpack_is_tweetstorm":false,"jetpack_publicize_feature_enabled":true},"categories":[1,7],"tags":[],"jetpack_publicize_connections":[],"jetpack_featured_media_url":"http:\/\/csepelfc.hu\/wp-content\/uploads\/2021\/08\/csapatosk..jpg","jetpack_sharing_enabled":true,"jetpack_shortlink":"https:\/\/wp.me\/p83FEU-1Ey","_links":{"self":[{"href":"http:\/\/csepelfc.hu\/index.php\/wp-json\/wp\/v2\/posts\/6358"}],"collection":[{"href":"http:\/\/csepelfc.hu\/index.php\/wp-json\/wp\/v2\/posts"}],"about":[{"href":"http:\/\/csepelfc.hu\/index.php\/wp-json\/wp\/v2\/types\/post"}],"author":[{"embeddable":true,"href":"http:\/\/csepelfc.hu\/index.php\/wp-json\/wp\/v2\/users\/4"}],"replies":[{"embeddable":true,"href":"http:\/\/csepelfc.hu\/index.php\/wp-json\/wp\/v2\/comments?post=6358"}],"version-history":[{"count":2,"href":"http:\/\/csepelfc.hu\/index.php\/wp-json\/wp\/v2\/posts\/6358\/revisions"}],"predecessor-version":[{"id":6361,"href":"http:\/\/csepelfc.hu\/index.php\/wp-json\/wp\/v2\/posts\/6358\/revisions\/6361"}],"wp:featuredmedia":[{"embeddable":true,"href":"http:\/\/csepelfc.hu\/index.php\/wp-json\/wp\/v2\/media\/6359"}],"wp:attachment":[{"href":"http:\/\/csepelfc.hu\/index.php\/wp-json\/wp\/v2\/media?parent=6358"}],"wp:term":[{"taxonomy":"category","embeddable":true,"href":"http:\/\/csepelfc.hu\/index.php\/wp-json\/wp\/v2\/categories?post=6358"},{"taxonomy":"post_tag","embeddable":true,"href":"http:\/\/csepelfc.hu\/index.php\/wp-json\/wp\/v2\/tags?post=6358"}],"curies":[{"name":"wp","href":"https:\/\/api.w.org\/{rel}","templated":true}]}}