{"id":6333,"date":"2021-07-29T08:48:30","date_gmt":"2021-07-29T07:48:30","guid":{"rendered":"http:\/\/csepelfc.hu\/?p=6333"},"modified":"2021-07-29T08:52:08","modified_gmt":"2021-07-29T07:52:08","slug":"tobb-mint-biztato-jatek-dunaharasztin","status":"publish","type":"post","link":"http:\/\/csepelfc.hu\/index.php\/2021\/07\/29\/tobb-mint-biztato-jatek-dunaharasztin\/","title":{"rendered":"T\u00f6bb mint biztat\u00f3 j\u00e1t\u00e9k Dunaharasztin"},"content":{"rendered":"<p>A felk\u00e9sz\u00fcl\u00e9s egyik legkem\u00e9nyebb szakasz\u00e1ba l\u00e9p\u0151 Csepel FC feln\u0151tt labdar\u00fag\u00f3 csapata a ny\u00e1ron jelent\u0151sen meger\u0151s\u00f6d\u00f6tt Dunaharaszti MTK otthon\u00e1ban j\u00e1tszott edz\u0151m\u00e9rk\u0151z\u00e9st.<!--more--><\/p>\n<p>A m\u00e9rk\u0151z\u00e9st k\u00f6vet\u0151en <strong>Nagy Zolt\u00e1n vezet\u0151edz\u0151nk<\/strong> elmondta, hogy nem volt el\u00e9gedetlen a l\u00e1tottakkal az ugyancsak a harmadoszt\u00e1lyt megc\u00e9lz\u00f3 DMTK ellen, s minden jel arra utal, hogy ism\u00e9t egy egys\u00e9ges, a bajnoks\u00e1gban meghat\u00e1roz\u00f3 csapat form\u00e1l\u00f3dik Csepelen.<\/p>\n<p><strong>Dunaharaszti MTK &#8211; Csepel FC 3:1 (0:1)<\/strong><\/p>\n<p><strong>G\u00f3lszerz\u0151nk:<\/strong> Torda Bence<\/p>\n<p><strong>Csepel FC<\/strong> I. f\u00e9lid\u0151: Papp Botond- M\u00e9sz\u00e1ros Roland, Haraszk\u00f3 S\u00e1ndor, Tepl\u00e1n J\u00e1nos, Krist\u00f3f Gerg\u0151, Moh\u00e1csik G\u00e1bor, Acz\u00e9l Zolt\u00e1n, Gauzer Levente, N\u00e9meth Zolt\u00e1n, Bencze M\u00e1rton, Torda Bence<\/p>\n<p><strong>II. f\u00e9lid\u0151:<\/strong> Sz\u0171cs Kriszti\u00e1n &#8211; V\u00f6r\u00f6s Bence, M\u00e9sz\u00e1ros Roland, Acz\u00e9l Zolt\u00e1n, Gauzer Levente, Lencs\u00e9s Attila, M\u00e9sz\u00e1ros L\u00e1szl\u00f3, Moh\u00e1csik G\u00e1bor, Torda Bence, Mank\u00f3 D\u00e1vid, Tolnay Rokk\u00f3<\/p>\n<p>&#8211; <em>A felk\u00e9sz\u00fcl\u00e9s ezen szakasz\u00e1ban el\u00e9gedett vagyok a csapat teljes\u00edtm\u00e9ny\u00e9vel. Egyre jobban &#8220;tanulom&#8221; a j\u00e1t\u00e9kosokat, az eddig l\u00e1tottak alapj\u00e1n nagyon tetszik a csapat egys\u00e9ge, moralit\u00e1sa. Egy rendk\u00edv\u00fcl meger\u0151s\u00edtett, kor\u00e1bbi m\u00e1sodoszt\u00e1ly\u00fa labdar\u00fag\u00f3kkal telet\u0171zdelt csapat otthon\u00e1ban abszol\u00fat meg\u00e9rdemelten vezett\u00fcnk a 60. percig, s\u0151t ziccer\u00fcnk is volt a m\u00e1sodik tal\u00e1lathoz, \u00e1m balszerencs\u00e9nkre N\u00e9meth Zoli labd\u00e1ja a h\u00e1l\u00f3 helyett sajnos a kapuf\u00e1n landolt&#8230; H\u00e9tv\u00e9g\u00e9n egy \u00fajabb komoly er\u0151pr\u00f3ba v\u00e1r r\u00e1nk a Vecs\u00e9s FC otthon\u00e1ban.<\/em><\/p>\n","protected":false},"excerpt":{"rendered":"<div class=\"mh-excerpt\"><p>A felk\u00e9sz\u00fcl\u00e9s egyik legkem\u00e9nyebb szakasz\u00e1ba l\u00e9p\u0151 Csepel FC feln\u0151tt labdar\u00fag\u00f3 csapata a ny\u00e1ron jelent\u0151sen meger\u0151s\u00f6d\u00f6tt Dunaharaszti MTK otthon\u00e1ban j\u00e1tszott edz\u0151m\u00e9rk\u0151z\u00e9st.<\/p>\n<\/div>","protected":false},"author":4,"featured_media":6334,"comment_status":"closed","ping_status":"open","sticky":false,"template":"","format":"standard","meta":{"jetpack_publicize_message":"","jetpack_is_tweetstorm":false,"jetpack_publicize_feature_enabled":true},"categories":[1,7],"tags":[],"jetpack_publicize_connections":[],"jetpack_featured_media_url":"http:\/\/csepelfc.hu\/wp-content\/uploads\/2021\/07\/3-1.jpg","jetpack_sharing_enabled":true,"jetpack_shortlink":"https:\/\/wp.me\/p83FEU-1E9","_links":{"self":[{"href":"http:\/\/csepelfc.hu\/index.php\/wp-json\/wp\/v2\/posts\/6333"}],"collection":[{"href":"http:\/\/csepelfc.hu\/index.php\/wp-json\/wp\/v2\/posts"}],"about":[{"href":"http:\/\/csepelfc.hu\/index.php\/wp-json\/wp\/v2\/types\/post"}],"author":[{"embeddable":true,"href":"http:\/\/csepelfc.hu\/index.php\/wp-json\/wp\/v2\/users\/4"}],"replies":[{"embeddable":true,"href":"http:\/\/csepelfc.hu\/index.php\/wp-json\/wp\/v2\/comments?post=6333"}],"version-history":[{"count":3,"href":"http:\/\/csepelfc.hu\/index.php\/wp-json\/wp\/v2\/posts\/6333\/revisions"}],"predecessor-version":[{"id":6338,"href":"http:\/\/csepelfc.hu\/index.php\/wp-json\/wp\/v2\/posts\/6333\/revisions\/6338"}],"wp:featuredmedia":[{"embeddable":true,"href":"http:\/\/csepelfc.hu\/index.php\/wp-json\/wp\/v2\/media\/6334"}],"wp:attachment":[{"href":"http:\/\/csepelfc.hu\/index.php\/wp-json\/wp\/v2\/media?parent=6333"}],"wp:term":[{"taxonomy":"category","embeddable":true,"href":"http:\/\/csepelfc.hu\/index.php\/wp-json\/wp\/v2\/categories?post=6333"},{"taxonomy":"post_tag","embeddable":true,"href":"http:\/\/csepelfc.hu\/index.php\/wp-json\/wp\/v2\/tags?post=6333"}],"curies":[{"name":"wp","href":"https:\/\/api.w.org\/{rel}","templated":true}]}}