{"id":6299,"date":"2021-07-14T22:00:20","date_gmt":"2021-07-14T21:00:20","guid":{"rendered":"http:\/\/csepelfc.hu\/?p=6299"},"modified":"2021-07-14T22:10:46","modified_gmt":"2021-07-14T21:10:46","slug":"elkezdodott-a-felkeszules-edzomeccs-halasztelken","status":"publish","type":"post","link":"http:\/\/csepelfc.hu\/index.php\/2021\/07\/14\/elkezdodott-a-felkeszules-edzomeccs-halasztelken\/","title":{"rendered":"Elkezd\u0151d\u00f6tt a felk\u00e9sz\u00fcl\u00e9s, edz\u0151meccs Hal\u00e1sztelken"},"content":{"rendered":"<p>A Csepel FC feln\u0151tt labdar\u00fag\u00f3i megkezdt\u00e9k a felk\u00e9sz\u00fcl\u00e9st a BLSZ I. oszt\u00e1ly 2021\/2022- es k\u00fczdelmeire. A keret jelent\u0151sen nem alakul \u00e1t, <span class=\"d2edcug0 hpfvmrgz qv66sw1b c1et5uql lr9zc1uh a8c37x1j keod5gw0 nxhoafnm aigsh9s9 d3f4x2em fe6kdd0r mau55g9w c8b282yb iv3no6db jq4qci2q a3bd9o3v knj5qynh oo9gr5id hzawbc8m\" dir=\"auto\">\u00faj tr\u00e9ner\u00fcnkben pedig egy r\u00e9gi ismer\u0151st k\u00f6sz\u00f6nthett\u00fcnk<\/span>.<!--more--><\/p>\n<p>A j\u00falius 7- \u00e9n elkezdett tr\u00e9ning szezon els\u0151 foglalkoz\u00e1s\u00e1t imm\u00e1ron Nagy Zolt\u00e1n vez\u00e9nyelte, aki kor\u00e1bban m\u00e1r \u00e1llt klubunk alkalmaz\u00e1s\u00e1ban mind a feln\u0151tt, mind pedig az ut\u00e1np\u00f3tl\u00e1s koroszt\u00e1lyban. A tr\u00e9ner a 2011\/2012- es bajnoki szezonban az NB III Alf\u00f6ldi csoportj\u00e1ban az \u0151szi fordul\u00f3k v\u00e9gezt\u00e9vel az els\u0151 helyre korm\u00e1nyozta a Csepel FC- t, majd tavasszal a Szolnoki M\u00c1V II ellen 1:0- ra elvesz\u00edtett \u00f6sszecsap\u00e1st k\u00f6vet\u0151en n\u00e9mileg v\u00e1ratlanul lemondott posztj\u00e1r\u00f3l. A szakember most azonban \u00f6r\u00f6mmel tett eleget az \u00fajabb felk\u00e9r\u00e9snek: &#8211; <em>Ism\u00e9telni fogom egykori \u00f6nmagamat, de megint csak azt mondhatom, mint annak idej\u00e9n, hogy \u00f3ri\u00e1si megtiszteltet\u00e9s egy ilyen, patin\u00e1s m\u00falt\u00fa egyes\u00fclet edz\u0151i posztj\u00e1t bet\u00f6lteni. B\u00e1r nem mostan\u00e1ban volt, de ne felejts\u00fck el, hogy egy kor\u00e1bbi 4- szeres NBI- es magyar bajnok klubr\u00f3l van sz\u00f3, ahol megtisztel\u0151 m\u00e9g ma is dolgozni! Szinte haza\u00e9rkeztem \u00e9s l\u00e1that\u00f3an nagy \u00f6r\u00f6mmel fogadtak azok akikkel kor\u00e1bban is egy\u00fctt dolgoztam Csepelen \u00e9s r\u00e9szemr\u0151l is \u00f6r\u00f6m, hogy \u00fajra egy\u00fctt tev\u00e9kenykedhet\u00fcnk a Csepel FC leend\u0151 sikerei\u00e9rt. L\u00e1ttam a csapatot a Kelen elleni bajnokin tavasszal, ahol nagyon j\u00f3 benyom\u00e1st tett r\u00e1m a g\u00e1rda, egys\u00e9ges, l\u00e1that\u00f3an j\u00f3l \u00f6sszekov\u00e1csol\u00f3dott egy\u00fcttes k\u00f6sz\u00f6nt vissza a p\u00e1ly\u00e1r\u00f3l, akik nem ijedtek meg a saj\u00e1t \u00e1rny\u00e9kukt\u00f3l \u00e9s b\u00e1tran, megalkuv\u00e1st nem t\u0171rve k\u00fczd\u00f6ttek pap\u00edron j\u00f3val es\u00e9lyesebb riv\u00e1lisuk ellen. Ezt az egys\u00e9get semmik\u00e9ppen sem szeretn\u00e9m megbontani!- <\/em>mondta el a tr\u00e9ner, aki azt is el\u00e1rulta, hogy t\u00f6bb pr\u00f3baj\u00e1t\u00e9kos is van a csapatn\u00e1l, de biztosan lesznek t\u00e1voz\u00f3k is, igaz, nem nagy l\u00e9tsz\u00e1mban. Ami bizonyos: a csapattal k\u00e9sz\u00fcl m\u00e1r a s\u00e9r\u00fcl\u00e9s\u00e9b\u0151l fel\u00e9p\u00fclt Zsiv\u00f3czky P\u00e9ter (aki egyben U17, U19-es egy\u00fcttes\u00fcnk vezet\u0151je) \u00e9s R\u00e1cz Botond is, aki a legkisebb koroszt\u00e1lyaink\u00e9rt \u00e9s az ut\u00e1np\u00f3tl\u00e1s technikai vezet\u0151 poszt\u00e9rt is felel\u0151s a klubn\u00e1l. De rajtuk k\u00edv\u00fcl is van egy nagy visszat\u00e9r\u0151, m\u00e9gpedig Haraszk\u00f3 S\u00e1ndor, aki a TF egy\u00fcttes\u00e9t\u0151l \u00e9rkezik vissza a B\u00e9ke t\u00e9rre, ahol kor\u00e1bban 10 szezonon kereszt\u00fcl \u00f6lt\u00f6tte mag\u00e1ra a k\u00e9k- piros szerel\u00e9st \u00e9s 269 m\u00e9rk\u0151z\u00e9sen \u00e1t \u00e1llt a Csepel FC szolg\u00e1lat\u00e1ban.<\/p>\n<p>A felk\u00e9sz\u00fcl\u00e9sbe mindj\u00e1rt egy edz\u0151meccset is beillesztett a szakvezet\u00e9s, m\u00e9gpedig j\u00falius 17- \u00e9n, szombaton, amikor is a megye II. oszt\u00e1ly\u00fa Hal\u00e1sztelek FC otthon\u00e1ba l\u00e1togatunk, ahol t\u00f6bb j\u00e1t\u00e9kos is bizony\u00edthatja majd, hogy helye van egyes\u00fclet\u00fcnk els\u0151 csapat\u00e1ban.<\/p>\n","protected":false},"excerpt":{"rendered":"<div class=\"mh-excerpt\"><p>A Csepel FC feln\u0151tt labdar\u00fag\u00f3i megkezdt\u00e9k a felk\u00e9sz\u00fcl\u00e9st a BLSZ I. oszt\u00e1ly 2021\/2022- es k\u00fczdelmeire. A keret jelent\u0151sen nem alakul \u00e1t, \u00faj tr\u00e9ner\u00fcnkben pedig egy r\u00e9gi ismer\u0151st k\u00f6sz\u00f6nthett\u00fcnk.<\/p>\n<\/div>","protected":false},"author":4,"featured_media":6301,"comment_status":"closed","ping_status":"open","sticky":false,"template":"","format":"standard","meta":{"jetpack_publicize_message":"","jetpack_is_tweetstorm":false,"jetpack_publicize_feature_enabled":true},"categories":[1,7],"tags":[],"jetpack_publicize_connections":[],"jetpack_featured_media_url":"http:\/\/csepelfc.hu\/wp-content\/uploads\/2021\/07\/Futask..jpg","jetpack_sharing_enabled":true,"jetpack_shortlink":"https:\/\/wp.me\/p83FEU-1DB","_links":{"self":[{"href":"http:\/\/csepelfc.hu\/index.php\/wp-json\/wp\/v2\/posts\/6299"}],"collection":[{"href":"http:\/\/csepelfc.hu\/index.php\/wp-json\/wp\/v2\/posts"}],"about":[{"href":"http:\/\/csepelfc.hu\/index.php\/wp-json\/wp\/v2\/types\/post"}],"author":[{"embeddable":true,"href":"http:\/\/csepelfc.hu\/index.php\/wp-json\/wp\/v2\/users\/4"}],"replies":[{"embeddable":true,"href":"http:\/\/csepelfc.hu\/index.php\/wp-json\/wp\/v2\/comments?post=6299"}],"version-history":[{"count":3,"href":"http:\/\/csepelfc.hu\/index.php\/wp-json\/wp\/v2\/posts\/6299\/revisions"}],"predecessor-version":[{"id":6303,"href":"http:\/\/csepelfc.hu\/index.php\/wp-json\/wp\/v2\/posts\/6299\/revisions\/6303"}],"wp:featuredmedia":[{"embeddable":true,"href":"http:\/\/csepelfc.hu\/index.php\/wp-json\/wp\/v2\/media\/6301"}],"wp:attachment":[{"href":"http:\/\/csepelfc.hu\/index.php\/wp-json\/wp\/v2\/media?parent=6299"}],"wp:term":[{"taxonomy":"category","embeddable":true,"href":"http:\/\/csepelfc.hu\/index.php\/wp-json\/wp\/v2\/categories?post=6299"},{"taxonomy":"post_tag","embeddable":true,"href":"http:\/\/csepelfc.hu\/index.php\/wp-json\/wp\/v2\/tags?post=6299"}],"curies":[{"name":"wp","href":"https:\/\/api.w.org\/{rel}","templated":true}]}}