{"id":6280,"date":"2021-07-05T21:29:28","date_gmt":"2021-07-05T20:29:28","guid":{"rendered":"http:\/\/csepelfc.hu\/?p=6280"},"modified":"2021-07-05T21:44:58","modified_gmt":"2021-07-05T20:44:58","slug":"evertekelo-ii-fokuszban-az-u17-es-u19","status":"publish","type":"post","link":"http:\/\/csepelfc.hu\/index.php\/2021\/07\/05\/evertekelo-ii-fokuszban-az-u17-es-u19\/","title":{"rendered":"\u00c9v\u00e9rt\u00e9kel\u0151 II: f\u00f3kuszban az U17 \u00e9s U19!"},"content":{"rendered":"<p>Folytatjuk a Csepel FC csapatainak 2020\/2021- es bajnoki szezonban ny\u00fajtott teljes\u00edtm\u00e9ny\u00e9nek ki\u00e9rt\u00e9kel\u00e9s\u00e9t. Ez\u00fattal legid\u0151sebb koroszt\u00e1lyaink szerepl\u00e9se kap bizony\u00edtv\u00e1nyt.<!--more-->Az U17 \u00e9s U19- es g\u00e1rd\u00e1nk vezet\u0151edz\u0151je Zsivoczky- Pandel P\u00e9ter osztotta meg honlapunkkal a k\u00e9t koroszt\u00e1ly teljes\u00edtm\u00e9ny\u00e9vel kapcsolatos tapasztalatait, amib\u0151l kider\u00fcl, hogy a j\u00f6v\u0151k\u00e9p biztat\u00f3, fiataljaink nem csal\u00f3d\u00e1st kelt\u0151 helyen v\u00e9geztek .<\/p>\n<p>&#8211; <em>El\u00e9g kaotikus \u00e1llapotban vettem \u00e1t a k\u00e9t legid\u0151sebb ut\u00e1np\u00f3tl\u00e1s koroszt\u00e1lyt, el\u0151sz\u00f6r a fejekben a mentalit\u00e1st kellett rendet tenni, azt k\u00f6vet\u0151en kezd\u0151dhetett el az \u00e9rdemi szakmai munka<\/em>&#8211; kezdte \u00e9rt\u00e9kel\u00e9s\u00e9t a feln\u0151tt csapatn\u00e1l is edz\u0151k\u00e9nt dolgoz\u00f3 tr\u00e9ner\u00fcnk. <em>A sr\u00e1cok<\/em> f<em>og\u00e9konyak \u00e9s nyitottak voltak egy \u00faj &#8211; \u00e1ltalam k\u00e9pviselt \u00e9s prefer\u00e1lt- szeml\u00e9letre \u00e9s \u00edgy a ment\u00e1lis \u00e9s fizik\u00e1lis kiegyens\u00falyozotts\u00e1g elkezdett eredm\u00e9nyekben is megmutatkozni. Az \u00e9rdem az \u00f6v\u00e9k, azt gondolom, hogy szenz\u00e1ci\u00f3s sr\u00e1cokr\u00f3l besz\u00e9lhet\u00fcnk! Egyt\u0151l- egyig a sz\u00edvemhez n\u0151tt mindenki, m\u00e1r most alig v\u00e1rom az \u00faj bajnoki szezont, az \u00fajabb k\u00f6z\u00f6s munk\u00e1t \u00e9s megm\u00e9rettet\u00e9seket<\/em><\/p>\n<p>&#8211; Mire sz\u00e1m\u00edthatunk az el\u0151tt\u00fcnk \u00e1ll\u00f3 id\u00e9nyben?<\/p>\n<p>&#8211; <em>A k\u00f6vetkez\u0151 szezonban mindenk\u00e9ppen a folyamatos fejl\u0151d\u00e9s a c\u00e9l, mind ment\u00e1lisan, mind fizik\u00e1lisan, taktikailag pedig egy \u00e9rett, k\u00e9pzett futballist\u00e1kat felvonultat\u00f3 csapatokat szeretn\u00e9k l\u00e1tni a p\u00e1ly\u00e1n h\u00e9tr\u0151l- h\u00e9tre, akik tudj\u00e1k, hogy mit akarnak a gyepen \u00e9s tal\u00e1n ami fontosabb, azon k\u00edv\u00fcl is! Amennyiben ez megval\u00f3sul, az minden bizonnyal eredm\u00e9nnyel is fog p\u00e1rosulni.<\/em><\/p>\n<p>&#8211; Mi az U17 \u00e9s az U19- es csepeli leg\u00e9nys\u00e9g igazi er\u00e9nye, miben mutat m\u00e1st a riv\u00e1lisokn\u00e1l?<\/p>\n<p>&#8211; <em>Egy\u00e9rtelm\u0171en nagybet\u0171s CSAPATokr\u00f3l besz\u00e9lhet\u00fcnk! Ezt j\u00f3l p\u00e9ld\u00e1zza, hogy amikor igaz\u00e1n m\u00e9lyen voltunk, akkor is \u00f6sszetart\u00f3, egym\u00e1s\u00e9rt k\u00fczd\u0151 sr\u00e1cok maradtak, ezt mindenk\u00e9ppen f\u0151 er\u00e9nynek gondolom, az id\u00e9ny sor\u00e1n t\u00f6bbsz\u00f6r siker\u00fclt a padl\u00f3r\u00f3l fel\u00e1llnunk \u00e9s a magunk jav\u00e1ra ford\u00edtani m\u00e9rk\u0151z\u00e9seket. Siker\u00fclt el\u00e9rn\u00fcnk a st\u00e1bbal, az egym\u00e1s\u00e9rt \u00e9s a csepeli klubunk\u00e9rt val\u00f3 felt\u00e9tel n\u00e9lk\u00fcli &#8220;k\u00fczdeni akar\u00e1st&#8221; eln\u00e9z\u00e9st ha picit \u201chaza\u201d besz\u00e9lek, de labdar\u00fag\u00f3im eml\u00e9keztetnek arra, amikor \u00e9n tanultam meg fiatalon, hogy mit is jelent az a &#8220;Fradi sz\u00edv&#8221;. Ezeknek a sr\u00e1coknak egyre ink\u00e1bb hely\u00e9n van a Csepeli sz\u00edv\u00fck! A magunk m\u00f6g\u00f6tt hagyott bajnoki szezont illet\u0151en nem is tudn\u00e9k kiemelni szem\u00e9ly szerint senkit,\u00a0 sok kimagasl\u00f3 teljes\u00edtm\u00e9ny volt, ak\u00e1r reggelig is sorolhatn\u00e1m. Itt ragadn\u00e1m meg az alkalmat, hogy megk\u00f6sz\u00f6njem a vezet\u0151s\u00e9gnek az \u00e9rt\u00fcnk dolgoz\u00f3knak, szurkol\u00f3inknak, minden j\u00e1t\u00e9kosnak \u00e9s nem utols\u00f3sorban minden sz\u00fcl\u0151nek, hozz\u00e1tartoz\u00f3nak hogy az eg\u00e9sz id\u00e9ny sor\u00e1n seg\u00edtett\u00e9k a gyerekek \u00e9s az \u00e9n munk\u00e1mat is. Ez bizony k\u00f6z\u00f6s \u00e9rdem!<br \/><\/em><\/p>\n<p>&#8211; Mit lehet tudni a ny\u00e1ri felk\u00e9sz\u00fcl\u00e9sr\u0151l?<\/p>\n<p>&#8211; <em>J\u00falius 14- \u00e9n kezd\u00fcnk, egy el\u0151re fel\u00e9p\u00edtett, alaposan megtervezett, kidolgozott felk\u00e9sz\u00fcl\u00e9si programunk lesz, edz\u00e9sekkel, edz\u0151meccsekkel \u00e9s edz\u0151t\u00e1borral is megt\u0171zdelve. B\u00edzom benne, hogy a ny\u00e1ron becs\u00fclettel, tisztess\u00e9ggel elv\u00e9gzett munka ism\u00e9t meghozza majd a gy\u00fcm\u00f6lcs\u00e9t \u00e9s a Csepel FC- vel ism\u00e9t komolyan kell majd sz\u00e1molnia a bajnoks\u00e1gban minden riv\u00e1lisunknak! A k\u00f6vetkez\u0151 id\u00e9nyben is Hajr\u00e1 Csepel!<\/em><\/p>\n<p>Lejegyezte: L\u00e9gr\u00e1di G\u00e1bor<\/p>\n\n\n<p><\/p>\n","protected":false},"excerpt":{"rendered":"<div class=\"mh-excerpt\"><p>Folytatjuk a Csepel FC csapatainak 2020\/2021- es bajnoki szezonban ny\u00fajtott teljes\u00edtm\u00e9ny\u00e9nek ki\u00e9rt\u00e9kel\u00e9s\u00e9t. Ez\u00fattal legid\u0151sebb koroszt\u00e1lyaink szerepl\u00e9se kap bizony\u00edtv\u00e1nyt.<\/p>\n<\/div>","protected":false},"author":4,"featured_media":6281,"comment_status":"closed","ping_status":"open","sticky":false,"template":"","format":"standard","meta":{"jetpack_publicize_message":"","jetpack_is_tweetstorm":false,"jetpack_publicize_feature_enabled":true},"categories":[1,3],"tags":[],"jetpack_publicize_connections":[],"jetpack_featured_media_url":"http:\/\/csepelfc.hu\/wp-content\/uploads\/2021\/07\/Bizi.jpg","jetpack_sharing_enabled":true,"jetpack_shortlink":"https:\/\/wp.me\/p83FEU-1Di","_links":{"self":[{"href":"http:\/\/csepelfc.hu\/index.php\/wp-json\/wp\/v2\/posts\/6280"}],"collection":[{"href":"http:\/\/csepelfc.hu\/index.php\/wp-json\/wp\/v2\/posts"}],"about":[{"href":"http:\/\/csepelfc.hu\/index.php\/wp-json\/wp\/v2\/types\/post"}],"author":[{"embeddable":true,"href":"http:\/\/csepelfc.hu\/index.php\/wp-json\/wp\/v2\/users\/4"}],"replies":[{"embeddable":true,"href":"http:\/\/csepelfc.hu\/index.php\/wp-json\/wp\/v2\/comments?post=6280"}],"version-history":[{"count":3,"href":"http:\/\/csepelfc.hu\/index.php\/wp-json\/wp\/v2\/posts\/6280\/revisions"}],"predecessor-version":[{"id":6284,"href":"http:\/\/csepelfc.hu\/index.php\/wp-json\/wp\/v2\/posts\/6280\/revisions\/6284"}],"wp:featuredmedia":[{"embeddable":true,"href":"http:\/\/csepelfc.hu\/index.php\/wp-json\/wp\/v2\/media\/6281"}],"wp:attachment":[{"href":"http:\/\/csepelfc.hu\/index.php\/wp-json\/wp\/v2\/media?parent=6280"}],"wp:term":[{"taxonomy":"category","embeddable":true,"href":"http:\/\/csepelfc.hu\/index.php\/wp-json\/wp\/v2\/categories?post=6280"},{"taxonomy":"post_tag","embeddable":true,"href":"http:\/\/csepelfc.hu\/index.php\/wp-json\/wp\/v2\/tags?post=6280"}],"curies":[{"name":"wp","href":"https:\/\/api.w.org\/{rel}","templated":true}]}}