{"id":623,"date":"2017-03-17T14:59:01","date_gmt":"2017-03-17T13:59:01","guid":{"rendered":"http:\/\/csepelfc.hu\/?p=623"},"modified":"2017-03-17T15:04:59","modified_gmt":"2017-03-17T14:04:59","slug":"623","status":"publish","type":"post","link":"http:\/\/csepelfc.hu\/index.php\/2017\/03\/17\/623\/","title":{"rendered":"UP: \u00fajabb rangad\u00f3k v\u00e1rnak csapatainkra a h\u00e9tv\u00e9g\u00e9n"},"content":{"rendered":"<div>A tavaszias id\u0151j\u00e1r\u00e1s egyre ink\u00e1bb megfelel\u0151 k\u00f6r\u00fclm\u00e9nyeket biztos\u00edt a Csepel FC koroszt\u00e1lyos csapatainak is arra, hogy lej\u00e1tssza \u00fajabb bajnoki m\u00e9rk\u0151z\u00e9seit. A labdar\u00fag\u00e1sra egyre alkalmasabb id\u0151ben ism\u00e9t komoly megpr\u00f3b\u00e1ltat\u00e1sok el\u00e9 n\u00e9znek csapataink: a nagyobbak idehaza a Szigetszentmikl\u00f3s ellen, m\u00edg a fiatalok idegenben a II. Ker\u00fclet ellen j\u00e1tszanak rangad\u00f3nak is beill\u0151 meccseket, BLSZ- ben szerepl\u0151 ifist\u00e1ink pedig a Szent P\u00e1l Akad\u00e9mi\u00e1val m\u00e9rik \u00f6ssze erej\u00fcket.<\/div>\n<p><!--more--><\/p>\n<div>M\u00e1rcius 18- \u00e1n szombaton \u00e9ppen \u0151k (azaz a BLSZ U19-es t\u00e1rsulat) nyitj\u00e1k meg a sort a B\u00e9ke t\u00e9ri sporttelepen. Pop Rich\u00e1rd csapata sajnos nem kezdte a legjobban a tavaszi szezont, az el\u0151z\u0151 fordul\u00f3ban ugyanis 4:2 ar\u00e1nyban kikapott a Hidegk\u00fati SC otthon\u00e1ban. Ezzel a tabella 4. hely\u00e9r\u0151l v\u00e1rhatj\u00e1k a folytat\u00e1st. \u0150sszel Busai Tam\u00e1s \u00e9s Rakitovszky Viktor g\u00f3ljaival 2:1-re siker\u00fclt nyern\u00fcnk szombati vend\u00e9geink otthon\u00e1ban, akik idegenben 3\u20132\u20133-as mutat\u00f3val rendelkeznek, gy\u0151zni a Nagyt\u00e9t\u00e9ny, a L\u0151rinc United, \u00e9s a Pest\u00fajhely otthon\u00e1ban tudtak, m\u00edg a Ferencv\u00e1rosi FC \u00e9s a Testv\u00e9ris\u00e9g otthon\u00e1b\u00f3l ponttal t\u00e1voztak. A mi csapatunk hazai k\u00f6rnyezetben 5\u20130\u20131-es mutat\u00f3val b\u00edr, eddig csak az Airnergy egy\u00fcttese hagyta el gy\u0151ztesen a Csepel p\u00e1ly\u00e1t (1:3), a t\u00f6bbi meccsen nem sz\u00fcletett vend\u00e9gsiker, de m\u00e9g pontot sem engedt\u00fcnk \u00e1t ellenfel\u00fcnknek, legut\u00f3bb a Fenomenon t\u00e1vozott l\u00f3g\u00f3 orral a Csepelr\u0151l (6:0).<\/div>\n<div><\/div>\n<div>Vas\u00e1rnap itthon az U17-es egy\u00fcttes\u00fcnk nyitja a (meccs)napot, akik 10 \u00f3rakor fogadj\u00e1k a szomsz\u00e9dv\u00e1r Szigetszentmikl\u00f3s koroszt\u00e1lyos csapat\u00e1t. \u0150sszel idegenben Vas Gergely \u00e9s Kaszab Ferenc tal\u00e1lataival elhoztuk a 3 pontot a Pest megyeiek otthon\u00e1b\u00f3l, akikt\u0151l rajtunk k\u00edv\u00fcl m\u00e9g ketten, a Duna\u00fajv\u00e1ros \u00e9s a F\u0151nix-Gold t\u00e1voztak csak sikerrel. Idegenben ez a mutat\u00f3 3\u20131\u20132 a \u201emikl\u00f3siakn\u00e1l\u201d, csak a Budai FC- Tab\u00e1n \u00e9s a Duna\u00fajv\u00e1ros otthon\u00e1ban nem j\u00e1rtak sikerrel, Dunaf\u00f6ldv\u00e1ron pedig 1:1- es d\u00f6ntetlenre futotta erej\u00fckb\u0151l. A mieink a B\u00e9ke t\u00e9ren 3\u20132\u20132-es m\u00e9rleggel rendelkeznek, eddig a Di\u00f3sd, a Budai FC- Tab\u00e1n,\u00a0tudott nyerni\u00a0n\u00e1lunk, az Ikarusz- Maroshegy \u00e9s a Duna\u00fajv\u00e1ros pedig pontot csent t\u0151l\u00fcnk.<\/div>\n<div><\/div>\n<div>Az U19-es egy\u00fcttes\u00fcnk pontban 12:00-kor kezd, ugyancsak a Szigetszentmikl\u00f3s ellen, akik 3 ponttal m\u00f6g\u00f6tt\u00fcnk a dobog\u00f3 3. hely\u00e9t foglalj\u00e1k el jelenleg. Az \u0151szi szezonban Garami D\u00e1niel g\u00f3lj\u00e1val hoztuk el a rendk\u00edv\u00fcl fontos pontokat a szomsz\u00e9dv\u00e1rb\u00f3l. A z\u00f6ld-feh\u00e9rek otthonukt\u00f3l t\u00e1vol meglehet\u0151sen hektikusan szerepelnek, amit 2\u20132\u20132-es m\u00e9rleg\u00fck is j\u00f3l mutat. Az Ikarusz- Maroshegyet \u00e9s a Sz\u00e1zhalombatt\u00e1t k\u00e9t v\u00e1llra fektett\u00e9k, a Dunaf\u00f6ldv\u00e1r \u00e9s a Dunaharaszti otthon\u00e1ban remiztek, a Budai FC- Tab\u00e1n \u00e9s a Duna\u00fajv\u00e1ros viszont egyar\u00e1nt \u00f6t\u00f6t r\u00fagott nekik. Saj\u00e1t U19-eseink itthon 4\u20132\u20131-es mutat\u00f3val \u00e1llnak, eddig csak a Budai FC- Tab\u00e1n tudott nyerni n\u00e1lunk, a Duna\u00fajv\u00e1ros \u00e9s a Taksony pedig d\u00f6ntetlent \u00e9rt el Csepelen.<\/div>\n<div><\/div>\n<div>Az U14 \u00e9s az U15-\u00f6s csapatunk a kiv\u00e1l\u00f3 er\u0151t k\u00e9pvisel\u0151 II. Ker\u00fclet vend\u00e9gei lesznek \u00e9s bizonyos, hogy nem lesz k\u00f6nny\u0171 dolguk sem N\u00e9meth G\u00e1bor, sem Elekes Zsolt tan\u00edtv\u00e1nyainak. El\u0151sz\u00f6r U14-eseink l\u00e9pnek p\u00e1ly\u00e1ra, akik \u0151sszel 8:2 ar\u00e1nyban alulmaradtak egy \u00e9vvel id\u0151sebb ellenfel\u00fckkel szemben, de mint edz\u0151j\u00fck elmondta, az m\u00e9g b\u0151ven az \u00fatkeres\u00e9s id\u0151szaka volt, \u00edgy most enn\u00e9l tal\u00e1n valamivel jobb eredm\u00e9nyre is sz\u00e1m\u00edthatunk. A h\u00e1zigazd\u00e1k jelenleg az 5. helyen \u00e1llnak 30 ponttal, otthonukban 5\u20132\u20131-es m\u00e9rleggel rendelkeznek, eddig csak a P\u00e9nz\u00fcgy\u0151r j\u00e1rt t\u00fal az esz\u00fck\u00f6n, a Kom\u00e1rom \u00e9s a TFSE- Hegyvid\u00e9k pedig pontot rabolt onnan. A mieink m\u00e9rlege vend\u00e9gk\u00e9nt 2\u20131\u20136, a R\u00e1kosmente \u00e9s a Dunaharaszti otthon\u00e1ban j\u00e1rtunk sikerrel, a Csep- G\u00f3l FC- t\u0151l pedig pontot hoztunk a B\u00e9ke t\u00e9rre.<\/div>\n<div><\/div>\n<div>Az U15-nek lesz tal\u00e1n a legnehezebb dolga, \u0151k ugyanis a listavezet\u0151h\u00f6z l\u00e1togatnak, akik mind\u00f6sszesen egy d\u00f6ntetlent \u00e9s egy zak\u00f3t engedtek meg maguknak ebben a ki\u00edr\u00e1sban, ebbe kellene picit jobban belerond\u00edtanunk a h\u00e9tv\u00e9g\u00e9n. Vend\u00e9gl\u00e1t\u00f3nk odahaza szinte makul\u00e1tlan m\u00e9rleggel rendelkezik, csup\u00e1n az FC Esztergom hozott el pontot a Kolozsv\u00e1ri Tam\u00e1s utc\u00e1b\u00f3l. A mieink \u0151sszel idehaza sajnos nem fogtak ki t\u00fal j\u00f3 napot a II. Ker\u00fclet ellen, s b\u00e1r \u00f6t g\u00f3lt is siker\u00fclt r\u00fagnunk ( az \u00f6sszes Lipl Noel nev\u00e9hez f\u0171z\u0151dik), amolyan v\u00edzilabda eredm\u00e9nnyel 7:5 ar\u00e1nyban m\u00e9gis vesztesen hagytuk el a gyepet. Volna teh\u00e1t mi\u00e9rt visszav\u00e1gni vas\u00e1rnap, de ezt idegenben kell megtenn\u00fcnk, ami sosem \u00edg\u00e9rkezik k\u00f6nny\u0171 feladatnak\u2026.<\/div>\n","protected":false},"excerpt":{"rendered":"<div class=\"mh-excerpt\"><p>A tavaszias id\u0151j\u00e1r\u00e1s egyre ink\u00e1bb megfelel\u0151 k\u00f6r\u00fclm\u00e9nyeket biztos\u00edt a Csepel FC koroszt\u00e1lyos csapatainak is arra, hogy lej\u00e1tssza \u00fajabb bajnoki m\u00e9rk\u0151z\u00e9seit. A labdar\u00fag\u00e1sra egyre alkalmasabb id\u0151ben ism\u00e9t komoly megpr\u00f3b\u00e1ltat\u00e1sok el\u00e9 n\u00e9znek <a class=\"mh-excerpt-more\" href=\"http:\/\/csepelfc.hu\/index.php\/2017\/03\/17\/623\/\" title=\"UP: \u00fajabb rangad\u00f3k v\u00e1rnak csapatainkra a h\u00e9tv\u00e9g\u00e9n\">[tov\u00e1bb&#8230;]<\/a><\/p>\n<\/div>","protected":false},"author":4,"featured_media":575,"comment_status":"closed","ping_status":"open","sticky":false,"template":"","format":"standard","meta":{"jetpack_publicize_message":"","jetpack_is_tweetstorm":false,"jetpack_publicize_feature_enabled":true},"categories":[1,3],"tags":[],"jetpack_publicize_connections":[],"jetpack_featured_media_url":"http:\/\/csepelfc.hu\/wp-content\/uploads\/2017\/03\/LetsGok..jpg","jetpack_sharing_enabled":true,"jetpack_shortlink":"https:\/\/wp.me\/s83FEU-623","_links":{"self":[{"href":"http:\/\/csepelfc.hu\/index.php\/wp-json\/wp\/v2\/posts\/623"}],"collection":[{"href":"http:\/\/csepelfc.hu\/index.php\/wp-json\/wp\/v2\/posts"}],"about":[{"href":"http:\/\/csepelfc.hu\/index.php\/wp-json\/wp\/v2\/types\/post"}],"author":[{"embeddable":true,"href":"http:\/\/csepelfc.hu\/index.php\/wp-json\/wp\/v2\/users\/4"}],"replies":[{"embeddable":true,"href":"http:\/\/csepelfc.hu\/index.php\/wp-json\/wp\/v2\/comments?post=623"}],"version-history":[{"count":4,"href":"http:\/\/csepelfc.hu\/index.php\/wp-json\/wp\/v2\/posts\/623\/revisions"}],"predecessor-version":[{"id":627,"href":"http:\/\/csepelfc.hu\/index.php\/wp-json\/wp\/v2\/posts\/623\/revisions\/627"}],"wp:featuredmedia":[{"embeddable":true,"href":"http:\/\/csepelfc.hu\/index.php\/wp-json\/wp\/v2\/media\/575"}],"wp:attachment":[{"href":"http:\/\/csepelfc.hu\/index.php\/wp-json\/wp\/v2\/media?parent=623"}],"wp:term":[{"taxonomy":"category","embeddable":true,"href":"http:\/\/csepelfc.hu\/index.php\/wp-json\/wp\/v2\/categories?post=623"},{"taxonomy":"post_tag","embeddable":true,"href":"http:\/\/csepelfc.hu\/index.php\/wp-json\/wp\/v2\/tags?post=623"}],"curies":[{"name":"wp","href":"https:\/\/api.w.org\/{rel}","templated":true}]}}