{"id":6227,"date":"2021-05-27T07:12:45","date_gmt":"2021-05-27T06:12:45","guid":{"rendered":"http:\/\/csepelfc.hu\/?p=6227"},"modified":"2021-05-27T07:12:45","modified_gmt":"2021-05-27T06:12:45","slug":"szerdan-hatszor-is-kijott-a-lepes","status":"publish","type":"post","link":"http:\/\/csepelfc.hu\/index.php\/2021\/05\/27\/szerdan-hatszor-is-kijott-a-lepes\/","title":{"rendered":"Szerd\u00e1n hatszor is kij\u00f6tt a l\u00e9p\u00e9s&#8230;"},"content":{"rendered":"<p>A Csepel FC feln\u0151tt egy\u00fcttese semmit nem b\u00edzott a v\u00e9letlenre a V\u00edzm\u0171vek ellen, hatg\u00f3los gy\u0151zelemmel tudatta, hogy nem adta fel a bajnoki c\u00edm\u00e9rt foly\u00f3 k\u00fczdelmet.<!--more--><\/p>\n<p>&nbsp;<\/p>\n<p><strong>Csepel FC &#8211; F\u0151v\u00e1rosi V\u00edzm\u0171vek SK 6:0 (3:0)<\/strong><\/p>\n<p>Csepel Stadion, <strong>Jv.: <\/strong>Kir\u00e1ly Gerg\u0151 (Sveda Marcell, Sudicky B\u00e1lint, Milavecz P\u00e9ter)<\/p>\n<p><strong>Csepel FC:<\/strong> Sz\u0171cs Kriszti\u00e1n &#8211; Bencze M\u00e1rton (Tak\u00e1cs L\u00e1szl\u00f3 &#8217;61), M\u00e9sz\u00e1ros Roland, Vargovics Tam\u00e1s, M\u00e9sz\u00e1ros L\u00e1szl\u00f3 (Zai Krist\u00f3f &#8217;55), Mank\u00f3 D\u00e1vid (K\u00f6d\u00f6b\u00f6cz Andr\u00e1s &#8217;55), Torda Bence, Tepl\u00e1n J\u00e1nos, Gauzer Levente (Lencs\u00e9s Attila &#8217;61), Moh\u00e1csik G\u00e1bor, Tolnay Rokk\u00f3 (Urbin Martin &#8217;55) <strong>Szakmai vezet\u0151:<\/strong> Tak\u00e1cs Kriszti\u00e1n, <strong>Vezet\u0151edz\u0151:<\/strong> Tak\u00e1cs L\u00e1szl\u00f3<\/p>\n<p><strong>F\u0151v. V\u00edzm\u0171vek SK: <\/strong>Besze H. &#8211; Horv\u00e1th H. (Kiss Zs. &#8217;46), Singh. A. K. (Hut\u00e1s B. &#8217;46), T\u00f6r\u00f6k \u00c1., Niederm\u00fcller \u00c1., F\u00fcl\u00f6p Cs., Z\u00e1mb\u00f3 T., Cserj\u00e9s D., N\u00e9meth G. (Szentiv\u00e1nyi Sz. &#8217;70), Lengyel M., Csik\u00f3s L. (\u00c9ltes A. &#8217;52) Vezet\u0151edz\u0151: M\u00e9sz\u00f6ly G\u00e9za<\/p>\n<p><strong>G\u00f3lszerz\u0151k:<\/strong> Tolnay Rokk\u00f3 (2) &#8217;25, Moh\u00e1csik G\u00e1bor &#8217;18, Torda Bence &#8217;34, Gauzer Levente &#8217;54, Urbin Martin &#8217;91<\/p>\n<p>&nbsp;<\/p>\n<p>A m\u00e9rk\u0151z\u00e9s esem\u00e9nyeit Facebook oldalunk ONLINE sz\u00f6veges k\u00f6zvet\u00e9s\u00e9nek felid\u00e9z\u00e9s\u00e9vel eleven\u00edtj\u00fck fel:<\/p>\n<p><span class=\"d2edcug0 hpfvmrgz qv66sw1b c1et5uql lr9zc1uh a8c37x1j keod5gw0 nxhoafnm aigsh9s9 d3f4x2em fe6kdd0r mau55g9w c8b282yb iv3no6db jq4qci2q a3bd9o3v knj5qynh oo9gr5id\" dir=\"auto\" lang=\"hu-HU\">14. perc: Bencze Marci ajt\u00f3- ablak helyzetben hatalmas kapuf\u00e1t l\u0151&#8230;<\/span><\/p>\n<p><span class=\"d2edcug0 hpfvmrgz qv66sw1b c1et5uql lr9zc1uh a8c37x1j keod5gw0 nxhoafnm aigsh9s9 d3f4x2em fe6kdd0r mau55g9w c8b282yb iv3no6db jq4qci2q a3bd9o3v knj5qynh oo9gr5id\" dir=\"auto\" lang=\"hu-HU\">16. perc: Tolnay Rokk\u00f3 ereszt meg egy l\u00f6ketet mintegy 20 m\u00e9terr\u0151l, a kapus sz\u00f6gletre menti<\/span><\/p>\n<p><span class=\"d2edcug0 hpfvmrgz qv66sw1b c1et5uql lr9zc1uh a8c37x1j keod5gw0 nxhoafnm aigsh9s9 d3f4x2em fe6kdd0r mau55g9w c8b282yb iv3no6db jq4qci2q a3bd9o3v knj5qynh oo9gr5id\" dir=\"auto\" lang=\"hu-HU\">20. perc: <strong>1:0<\/strong> Egy jobbr\u00f3l be\u00edvelt szabadr\u00fag\u00e1sra \u00e9rkezik kit\u0171n\u0151en Moh\u00e1csik G\u00e1bor \u00e9s a kapu bal oldal\u00e1ba helyezi a labd\u00e1t<\/span><\/p>\n<p><span class=\"d2edcug0 hpfvmrgz qv66sw1b c1et5uql lr9zc1uh a8c37x1j keod5gw0 nxhoafnm aigsh9s9 d3f4x2em fe6kdd0r mau55g9w c8b282yb iv3no6db jq4qci2q a3bd9o3v knj5qynh oo9gr5id\" dir=\"auto\" lang=\"hu-HU\">24. perc: <strong>2:0<\/strong> Egy kapu el\u0151tti kavarod\u00e1st k\u00f6vet\u0151en Tolnay eszm\u00e9l a legkor\u00e1bban, aki fekv\u0151 helyzetben l\u00f6vi ki a bal als\u00f3 sarkot<\/span><\/p>\n<p><span class=\"d2edcug0 hpfvmrgz qv66sw1b c1et5uql lr9zc1uh a8c37x1j keod5gw0 nxhoafnm aigsh9s9 d3f4x2em fe6kdd0r mau55g9w c8b282yb iv3no6db jq4qci2q a3bd9o3v knj5qynh oo9gr5id\" dir=\"auto\" lang=\"hu-HU\">34. perc: Torda balosa kegyetlen\u00fcl els\u00fcl&#8230; Torda Bence kap egy remek labd\u00e1t a bal sz\u00e9len, tol rajta egyet \u00e9s izomb\u00f3l kil\u00f6vi a r\u00f6vid sarkot&#8230; Remek jelenet. <strong>3:0<\/strong><\/span><\/p>\n<p><span class=\"d2edcug0 hpfvmrgz qv66sw1b c1et5uql lr9zc1uh a8c37x1j keod5gw0 nxhoafnm aigsh9s9 d3f4x2em fe6kdd0r mau55g9w c8b282yb iv3no6db jq4qci2q a3bd9o3v knj5qynh oo9gr5id\" dir=\"auto\" lang=\"hu-HU\">41. perc: Bence Marci sz\u00e9pen tiszt\u00e1ra j\u00e1tssza mag\u00e1t, lekeveredik a kapufa mell\u00e9,onnan sz\u00e9pen visszagur\u00edt, de csat\u00e1runk l\u00f6v\u00e9s\u00e9t blokkolj\u00e1k&#8230; Nagy helyzet maradt ki. A jelenetet k\u00f6vet\u0151en a percek \u00f3ta reklam\u00e1l\u00f3 M\u00e9sz\u00f6ly G\u00e9za vezet\u0151edz\u0151t inti nyugalomra s\u00e1rga lappal a j\u00e1t\u00e9kvezet\u0151<br \/>\n<\/span><\/p>\n<p><span class=\"d2edcug0 hpfvmrgz qv66sw1b c1et5uql lr9zc1uh a8c37x1j keod5gw0 nxhoafnm aigsh9s9 d3f4x2em fe6kdd0r mau55g9w c8b282yb iv3no6db jq4qci2q a3bd9o3v knj5qynh oo9gr5id\" dir=\"auto\" lang=\"hu-HU\">45. perc: <strong>I. f\u00e9lid\u0151:<\/strong> <strong>Csepel FC &#8211; F\u0151v. V\u00edzm\u0171vek SK 3:0<\/strong><\/span><\/p>\n<p><span class=\"d2edcug0 hpfvmrgz qv66sw1b c1et5uql lr9zc1uh a8c37x1j keod5gw0 nxhoafnm aigsh9s9 d3f4x2em fe6kdd0r mau55g9w c8b282yb iv3no6db jq4qci2q a3bd9o3v knj5qynh oo9gr5id\" dir=\"auto\" lang=\"hu-HU\">50. perc: <strong>4:0<\/strong> Bencze Marci kap j\u00f3 labd\u00e1t a f\u00e9lp\u00e1ly\u00e1n\u00e1l, beh\u00e1mozza mag\u00e1t a 16-oson bel\u00fclre \u00f6nzetlen\u00fcl k\u00f6z\u00e9pre passzol Tolnayhoz, aki egy csel ut\u00e1n kil\u00f6vi a bal sarkot<\/span><\/p>\n<p><span class=\"d2edcug0 hpfvmrgz qv66sw1b c1et5uql lr9zc1uh a8c37x1j keod5gw0 nxhoafnm aigsh9s9 d3f4x2em fe6kdd0r mau55g9w c8b282yb iv3no6db jq4qci2q a3bd9o3v knj5qynh oo9gr5id\" dir=\"auto\" lang=\"hu-HU\">52. perc: \u00fajabb form\u00e1s t\u00e1mad\u00e1st vezet\u00fcnk, melynek v\u00e9g\u00e9n Gauzer ballal mintegy 18 m\u00e9terr\u0151l l\u0151 sz\u00e9p g\u00f3lt a vend\u00e9gek kapuj\u00e1ba <strong>5:0<\/strong><\/span><\/p>\n<p><span class=\"d2edcug0 hpfvmrgz qv66sw1b c1et5uql lr9zc1uh a8c37x1j keod5gw0 nxhoafnm aigsh9s9 d3f4x2em fe6kdd0r mau55g9w c8b282yb iv3no6db jq4qci2q a3bd9o3v knj5qynh oo9gr5id\" dir=\"auto\" lang=\"hu-HU\">54. perc: h\u00e1rmas csere n\u00e1lunk: M\u00e9sz\u00e1ros L\u00e1szl\u00f3, Mank\u00f3 D\u00e1vid \u00e9s Tolnay Rokk\u00f3 j\u00f6n le, hely\u00fck\u00f6n Urbin Martin, Zai Krist\u00f3f \u00e9s K\u00f6d\u00f6b\u00f6cz Andr\u00e1s j\u00e1tszik tov\u00e1bb<\/span><\/p>\n<p><span class=\"d2edcug0 hpfvmrgz qv66sw1b c1et5uql lr9zc1uh a8c37x1j keod5gw0 nxhoafnm aigsh9s9 d3f4x2em fe6kdd0r mau55g9w c8b282yb iv3no6db jq4qci2q a3bd9o3v knj5qynh oo9gr5id\" dir=\"auto\" lang=\"hu-HU\">63. perc: kett\u0151s csere csapatunkn\u00e1l: Bencze M\u00e1rton \u00e9s Gauzer levente hely\u00e9n Tak\u00e1cs L\u00e1szl\u00f3 \u00e9s Lencs\u00e9s Attila j\u00e1tszik tov\u00e1bb<\/span><\/p>\n<p><span class=\"d2edcug0 hpfvmrgz qv66sw1b c1et5uql lr9zc1uh a8c37x1j keod5gw0 nxhoafnm aigsh9s9 d3f4x2em fe6kdd0r mau55g9w c8b282yb iv3no6db jq4qci2q a3bd9o3v knj5qynh oo9gr5id\" dir=\"auto\" lang=\"hu-HU\">65. perc: Sz\u0171cs Kriszti\u00e1n v\u00e9d egy 20 m\u00e9teres l\u00f6v\u00e9st vet\u0151dve<\/span><\/p>\n<p><span class=\"d2edcug0 hpfvmrgz qv66sw1b c1et5uql lr9zc1uh a8c37x1j keod5gw0 nxhoafnm aigsh9s9 d3f4x2em fe6kdd0r mau55g9w c8b282yb iv3no6db jq4qci2q a3bd9o3v knj5qynh oo9gr5id\" dir=\"auto\" lang=\"hu-HU\">73. perc: megint Sz\u0171cs kapusunk \u00e1rtalmatlan\u00edt egy t\u00e1voli bomb\u00e1t, sz\u00f6gletre mentve<\/span><\/p>\n<p><span class=\"d2edcug0 hpfvmrgz qv66sw1b c1et5uql lr9zc1uh a8c37x1j keod5gw0 nxhoafnm aigsh9s9 d3f4x2em fe6kdd0r mau55g9w c8b282yb iv3no6db jq4qci2q a3bd9o3v knj5qynh oo9gr5id\" dir=\"auto\" lang=\"hu-HU\">85. perc: csendesen csordog\u00e1lnak a m\u00e9rk\u0151z\u00e9s percei, medd\u0151 mez\u0151nymunka a p\u00e1ly\u00e1n<\/span><\/p>\n<p><span class=\"d2edcug0 hpfvmrgz qv66sw1b c1et5uql lr9zc1uh a8c37x1j keod5gw0 nxhoafnm aigsh9s9 d3f4x2em fe6kdd0r mau55g9w c8b282yb iv3no6db jq4qci2q a3bd9o3v knj5qynh oo9gr5id\" dir=\"auto\" lang=\"hu-HU\">90. perc: Urbin l\u0151 m\u00e9g egy bitang nagy kapuf\u00e1t majd egy percre r\u00e1 egy g\u00f3lt is! Fiatal csat\u00e1runk Torda remek g\u00f3lpassz\u00e1b\u00f3l tal\u00e1l be -amit \u00f6nzetlen\u00fcl centerezett k\u00f6z\u00e9pre- ezzel <strong>6:0<\/strong> \u00e9s itt is a m\u00e9rk\u0151z\u00e9s v\u00e9ge.<\/span><\/p>\n<p><strong>V\u00c9GE: Csepel FC &#8211; F\u0151v\u00e1rosi V\u00edzm\u0171vek SK 6:0<\/strong><\/p>\n<p>&nbsp;<\/p>\n<p><strong>Tak\u00e1cs L\u00e1szl\u00f3:<\/strong> &#8211;\u00a0 <em><span class=\"tojvnm2t a6sixzi8 abs2jz4q a8s20v7p t1p8iaqh k5wvi7nf q3lfd5jv pk4s997a bipmatt0 cebpdrjk qowsmv63 owwhemhu dp1hu0rb dhp61c6y iyyx5f41\">Neh\u00e9z jelz\u0151ket tal\u00e1lni a csapat teljes\u00edtm\u00e9ny\u00e9re, az els\u0151 10 percet lesz\u00e1m\u00edtva nagyon j\u00f3l j\u00e1tszottunk. \u00dagy szerett\u00fcnk volna neki menni az utols\u00f3 fordul\u00f3nak, hogy m\u00e9g versenyben legy\u00fcnk a bajnoki c\u00edm\u00e9rt, \u00f6r\u00fcl\u00fcnk, hogy ez siker\u00fclt! Szombaton hoznunk kell a k\u00f6telez\u0151t \u00e9s mellette szurkolunk az Ikarusnak, hogy pontot raboljon a Kelent\u0151l!<\/span><\/em><\/p>\n<p>&nbsp;<\/p>\n","protected":false},"excerpt":{"rendered":"<div class=\"mh-excerpt\"><p>A Csepel FC feln\u0151tt egy\u00fcttese semmit nem b\u00edzott a v\u00e9letlenre a V\u00edzm\u0171vek ellen, hatg\u00f3los gy\u0151zelemmel tudatta, hogy nem adta fel a bajnoki c\u00edm\u00e9rt foly\u00f3 k\u00fczdelmet.<\/p>\n<\/div>","protected":false},"author":4,"featured_media":6229,"comment_status":"closed","ping_status":"open","sticky":false,"template":"","format":"standard","meta":{"jetpack_publicize_message":"","jetpack_is_tweetstorm":false,"jetpack_publicize_feature_enabled":true},"categories":[1,7],"tags":[],"jetpack_publicize_connections":[],"jetpack_featured_media_url":"http:\/\/csepelfc.hu\/wp-content\/uploads\/2021\/05\/Hatnull.jpg","jetpack_sharing_enabled":true,"jetpack_shortlink":"https:\/\/wp.me\/p83FEU-1Cr","_links":{"self":[{"href":"http:\/\/csepelfc.hu\/index.php\/wp-json\/wp\/v2\/posts\/6227"}],"collection":[{"href":"http:\/\/csepelfc.hu\/index.php\/wp-json\/wp\/v2\/posts"}],"about":[{"href":"http:\/\/csepelfc.hu\/index.php\/wp-json\/wp\/v2\/types\/post"}],"author":[{"embeddable":true,"href":"http:\/\/csepelfc.hu\/index.php\/wp-json\/wp\/v2\/users\/4"}],"replies":[{"embeddable":true,"href":"http:\/\/csepelfc.hu\/index.php\/wp-json\/wp\/v2\/comments?post=6227"}],"version-history":[{"count":1,"href":"http:\/\/csepelfc.hu\/index.php\/wp-json\/wp\/v2\/posts\/6227\/revisions"}],"predecessor-version":[{"id":6230,"href":"http:\/\/csepelfc.hu\/index.php\/wp-json\/wp\/v2\/posts\/6227\/revisions\/6230"}],"wp:featuredmedia":[{"embeddable":true,"href":"http:\/\/csepelfc.hu\/index.php\/wp-json\/wp\/v2\/media\/6229"}],"wp:attachment":[{"href":"http:\/\/csepelfc.hu\/index.php\/wp-json\/wp\/v2\/media?parent=6227"}],"wp:term":[{"taxonomy":"category","embeddable":true,"href":"http:\/\/csepelfc.hu\/index.php\/wp-json\/wp\/v2\/categories?post=6227"},{"taxonomy":"post_tag","embeddable":true,"href":"http:\/\/csepelfc.hu\/index.php\/wp-json\/wp\/v2\/tags?post=6227"}],"curies":[{"name":"wp","href":"https:\/\/api.w.org\/{rel}","templated":true}]}}