{"id":6216,"date":"2021-05-23T09:57:41","date_gmt":"2021-05-23T08:57:41","guid":{"rendered":"http:\/\/csepelfc.hu\/?p=6216"},"modified":"2021-05-23T09:57:41","modified_gmt":"2021-05-23T08:57:41","slug":"tiz-emberrel-is-hoztuk-a-kotelezot","status":"publish","type":"post","link":"http:\/\/csepelfc.hu\/index.php\/2021\/05\/23\/tiz-emberrel-is-hoztuk-a-kotelezot\/","title":{"rendered":"T\u00edz emberrel is hoztuk a k\u00f6telez\u0151t"},"content":{"rendered":"<p>Hossz\u00fa id\u0151 ut\u00e1n v\u00e9gre ism\u00e9t hazai p\u00e1ly\u00e1n, hazai k\u00f6z\u00f6ns\u00e9g el\u0151tt l\u00e9phetett p\u00e1ly\u00e1ra feln\u0151tt egy\u00fcttes\u00fcnk, akik a rendk\u00edv\u00fcl s\u0171r\u0171 bajnoki program \u00fajabb &#8220;felvon\u00e1s\u00e1t&#8221; hozt\u00e1k le sikeresen.<!--more--><\/p>\n<p><strong>Csepel FC &#8211; ASR G\u00e1zgy\u00e1r 2:0 (1:0)<\/strong><\/p>\n<p>Csepel Stadion <strong>Jv.: <\/strong>R\u00e1bel Alfr\u00e9d (M\u00f3r\u00e9 Bal\u00e1zs, Kir\u00e1ly Gerg\u0151)<\/p>\n<p><strong>Csepel FC:<\/strong> Sz\u0171cs Kriszti\u00e1n &#8211; Bencze M\u00e1rton (Urbin Martin &#8217;84), M\u00e9sz\u00e1ros Roland, Vargovics Tam\u00e1s, M\u00e9sz\u00e1ros L\u00e1szl\u00f3 (Zai Krist\u00f3f &#8217;90), N\u00e9meth Zolt\u00e1n, V\u00f6r\u00f6s Bence (Mank\u00f3 D\u00e1vid &#8217;77), Torda Bence (K\u00f6d\u00f6b\u00f6cz Andr\u00e1s &#8217;87), Tepl\u00e1n J\u00e1nos, Gauzer Levente, Moh\u00e1csik G\u00e1bor (Tolnay Rokk\u00f3 &#8217;94) <strong>Vezet\u0151edz\u0151:<\/strong> Tak\u00e1cs L\u00e1szl\u00f3<\/p>\n<p><strong>ASR G\u00e1zgy\u00e1r: <\/strong>Schritt M. &#8211; L\u00f3ska Cs., Mank\u00f3 G., Feh\u00e9r K., Csata Sz., Ball\u00f3 H., Cs\u00e9ka K. (Czinege J. &#8217;73), Balogh P., Bocsi B., Sag\u00e1th Z., T\u00f3th N. (Tam\u00e1ska P. &#8217;62)<strong> Edz\u0151:<\/strong> L\u00e1szka Bal\u00e1zs<\/p>\n<p><strong>G\u00f3lszerz\u0151k:<\/strong> Torda Bence &#8217;46, Mank\u00f3 D\u00e1vid &#8217;92<\/p>\n<p><strong>Ki\u00e1ll\u00edtva:<\/strong> N\u00e9meth Zolt\u00e1n &#8217;48<\/p>\n<p><strong>Tak\u00e1cs L\u00e1szl\u00f3:<\/strong> &#8211; <em>Az els\u0151 f\u00e9lid\u0151ben \u00e9rz\u0151d\u00f6tt a f\u00e1radts\u00e1g a csapaton, pontatlanok voltunk emiatt kev\u00e9s helyzetet tudtunk kialak\u00edtani, viszont a vezet\u00e9st \u00edgy is siker\u00fclt megszerezn\u00fcnk. A teljes 2. f\u00e9lid\u0151t t\u00edz emberrel nyert\u00fck meg, \u00fagy hogy h\u00e1rom h\u00e9t alatt a 7. meccs\u00fcnket j\u00e1tszottuk! Minden tiszteletem a j\u00e1t\u00e9kosok\u00e9 akik tanul\u00e1s \u00e9s munka mellett 3 naponta j\u00e1tssz\u00e1k a meccseket \u00e9s tesznek meg mindent, hogy sikeresek legy\u00fcnk! Szerd\u00e1n az\u00e9rt l\u00e9p\u00fcnk p\u00e1ly\u00e1ra, hogy az utols\u00f3 fordul\u00f3nak is legyen t\u00e9tje m\u00e9g a bajnoki c\u00edm szempontj\u00e1b\u00f3l!<\/em><\/p>\n<p>(fot\u00f3: Facebook\/CsepelFC szimpatiz\u00e1nsai)<\/p>\n","protected":false},"excerpt":{"rendered":"<div class=\"mh-excerpt\"><p>Hossz\u00fa id\u0151 ut\u00e1n v\u00e9gre ism\u00e9t hazai p\u00e1ly\u00e1n, hazai k\u00f6z\u00f6ns\u00e9g el\u0151tt l\u00e9phetett p\u00e1ly\u00e1ra feln\u0151tt egy\u00fcttes\u00fcnk, akik a rendk\u00edv\u00fcl s\u0171r\u0171 bajnoki program \u00fajabb &#8220;felvon\u00e1s\u00e1t&#8221; hozt\u00e1k le sikeresen.<\/p>\n<\/div>","protected":false},"author":4,"featured_media":6217,"comment_status":"closed","ping_status":"open","sticky":false,"template":"","format":"standard","meta":{"jetpack_publicize_message":"","jetpack_is_tweetstorm":false,"jetpack_publicize_feature_enabled":true},"categories":[1,7],"tags":[],"jetpack_publicize_connections":[],"jetpack_featured_media_url":"http:\/\/csepelfc.hu\/wp-content\/uploads\/2021\/05\/Csepel-Gaz-meccs.jpg","jetpack_sharing_enabled":true,"jetpack_shortlink":"https:\/\/wp.me\/p83FEU-1Cg","_links":{"self":[{"href":"http:\/\/csepelfc.hu\/index.php\/wp-json\/wp\/v2\/posts\/6216"}],"collection":[{"href":"http:\/\/csepelfc.hu\/index.php\/wp-json\/wp\/v2\/posts"}],"about":[{"href":"http:\/\/csepelfc.hu\/index.php\/wp-json\/wp\/v2\/types\/post"}],"author":[{"embeddable":true,"href":"http:\/\/csepelfc.hu\/index.php\/wp-json\/wp\/v2\/users\/4"}],"replies":[{"embeddable":true,"href":"http:\/\/csepelfc.hu\/index.php\/wp-json\/wp\/v2\/comments?post=6216"}],"version-history":[{"count":1,"href":"http:\/\/csepelfc.hu\/index.php\/wp-json\/wp\/v2\/posts\/6216\/revisions"}],"predecessor-version":[{"id":6218,"href":"http:\/\/csepelfc.hu\/index.php\/wp-json\/wp\/v2\/posts\/6216\/revisions\/6218"}],"wp:featuredmedia":[{"embeddable":true,"href":"http:\/\/csepelfc.hu\/index.php\/wp-json\/wp\/v2\/media\/6217"}],"wp:attachment":[{"href":"http:\/\/csepelfc.hu\/index.php\/wp-json\/wp\/v2\/media?parent=6216"}],"wp:term":[{"taxonomy":"category","embeddable":true,"href":"http:\/\/csepelfc.hu\/index.php\/wp-json\/wp\/v2\/categories?post=6216"},{"taxonomy":"post_tag","embeddable":true,"href":"http:\/\/csepelfc.hu\/index.php\/wp-json\/wp\/v2\/tags?post=6216"}],"curies":[{"name":"wp","href":"https:\/\/api.w.org\/{rel}","templated":true}]}}