{"id":6194,"date":"2021-05-18T21:09:51","date_gmt":"2021-05-18T20:09:51","guid":{"rendered":"http:\/\/csepelfc.hu\/?p=6194"},"modified":"2021-05-18T21:17:15","modified_gmt":"2021-05-18T20:17:15","slug":"bajnoki-rangado-kelenfoldon","status":"publish","type":"post","link":"http:\/\/csepelfc.hu\/index.php\/2021\/05\/18\/bajnoki-rangado-kelenfoldon\/","title":{"rendered":"Bajnoki rangad\u00f3 Kelenf\u00f6ld\u00f6n!"},"content":{"rendered":"<p>A Csepel FC feln\u0151tt egy\u00fcttes\u00e9nek napjai manaps\u00e1g nem a pihen\u00e9s jegy\u00e9ben telnek. A befektetett kem\u00e9ny munk\u00e1nak azonban sz\u00e9p gy\u00fcm\u00f6lcse lehet&#8230;<!--more--><\/p>\n<p>Csapatunk k\u00f6vetkez\u0151 ellenfele az a Kelen SC lesz, akik az el\u0151z\u0151 szezon-beli NBIII- as kir\u00e1ndul\u00e1st k\u00f6vet\u0151en estek vissza a BLSZ I- be, de minden jel arra mutat, hogy nagyon visszav\u00e1gynak oda&#8230;. Ebben a tekintetben nincs k\u00fcl\u00f6nbs\u00e9g a szerd\u00e1n \u00f6sszecsap\u00f3 k\u00e9t egy\u00fcttes k\u00f6z\u00f6tt, hiszen a Csepel FC sem szeretn\u00e9 al\u00e1bb adni egy olyan szerepl\u00e9sn\u00e9l, melynek v\u00e9g\u00e9n visszajuthatn\u00e1nk a -minim\u00e1lisan- meg\u00e9rdemelt hely\u00fcnkre, a Nemzeti Bajnoks\u00e1g harmadik vonal\u00e1ba. Ehhez persze m\u00e9g sok akad\u00e1lynak el kell h\u00e1rulnia: itt van mindj\u00e1rt az els\u0151, amikor is a Kelen otthon\u00e1ban kell egy olyan eredm\u00e9nyt el\u00e9rn\u00fcnk, aminek seg\u00edts\u00e9g\u00e9vel (\u00e9s a h\u00e1tral\u00e9v\u0151 bajnoki tal\u00e1lkoz\u00f3k eredm\u00e9nyess\u00e9g\u00e9vel) k\u00e9zzelfoghat\u00f3 k\u00f6zels\u00e9gbe ker\u00fclhet a <strong>C\u00c9L.<\/strong> Tov\u00e1bbi motiv\u00e1ci\u00f3t jelenthet, hogy az elvesz\u00edtett Budapest Kupa fin\u00e1l\u00e9 ok\u00e1n is van okunk t\u00f6rleszteni&#8230;<\/p>\n<p><strong>Tak\u00e1cs L\u00e1szl\u00f3 vezet\u0151edz\u0151:<\/strong> &#8211; <em>\u00dagy \u00e9rzem, hogy az eg\u00e9sz szezon sor\u00e1n kem\u00e9nyen megdolgoztunk az\u00e9rt, hogy egy ilyen fontos meccset j\u00e1tszhassunk a bajnoks\u00e1g v\u00e9gkimenetele szempontj\u00e1b\u00f3l. Cseppet sem volt k\u00f6nny\u0171 a dolgunk, mert a v\u00edrushelyzetb\u0151l ad\u00f3d\u00f3an t\u00f6bbsz\u00f6r is meccseket kellett elhalasztanunk, \u00edgy t\u00f6bb alkalommal is elt\u00e1volodtunk az els\u0151 helyt\u0151l, \u00e1m sz\u00e1mos alkalommal siker\u00fclt visszak\u00fczden\u00fcnk magunkat a k\u00f6zel\u00e9be. A szerda- szombati ritmusban lej\u00e1tszott tal\u00e1lkoz\u00f3inkon el\u00e9rt eredm\u00e9nyek ehhez nagyban hozz\u00e1j\u00e1rultak, \u00edgy azt hiszem nem \u00e9rdemtelen\u00fcl j\u00e1tszunk holnap egy bajnoki d\u00f6nt\u0151nek is beill\u0151 \u00f6sszecsap\u00e1st. Nagyon b\u00edzunk abban, hogy lelkes szurkol\u00f3ink min\u00e9l nagyobb sz\u00e1mban k\u00e9pviseltetik magukat a tal\u00e1lkoz\u00f3n \u00e9s megteremtik azt a hangulatot, mintha a csepeli stadionban j\u00e1tszan\u00e1nk! A Budapest Kupa ut\u00e1n is nagyszer\u0171 \u00e9rz\u00e9s volt kimenni a h\u00e1l\u00e1s szimpatiz\u00e1nsainkhoz, akik maxim\u00e1lisan elismert\u00e9k a kupasiker \u00e9rdek\u00e9ben tett er\u0151fesz\u00edt\u00e9seinket, ami v\u00e9g\u00fcl sajnos nem j\u00f6tt \u00f6ssze. A k\u00f6lcs\u00f6n\u00f6s nagyszer\u0171 \u00e9rz\u00e9sekkel ez\u00fattal most nem \u00e9rj\u00fck be, enn\u00e9l t\u00f6bbet akarunk! Nem szimpatikus vesztesek szeretn\u00e9nk lenni, hanem bajnokok, ami\u00e9rt minden t\u0151l\u00fcnk telhet\u0151t meg fogunk tenni holnap a p\u00e1ly\u00e1n, ami -b\u00edzunk benne, hogy- el\u00e9g lesz ahhoz, hogy h\u00e1rom ponttal t\u00e1vozzunk a Kelen SC otthon\u00e1b\u00f3l.<\/em><\/p>\n","protected":false},"excerpt":{"rendered":"<div class=\"mh-excerpt\"><p>A Csepel FC feln\u0151tt egy\u00fcttes\u00e9nek napjai manaps\u00e1g nem a pihen\u00e9s jegy\u00e9ben telnek. A befektetett kem\u00e9ny munk\u00e1nak azonban sz\u00e9p gy\u00fcm\u00f6lcse lehet&#8230;<\/p>\n<\/div>","protected":false},"author":4,"featured_media":6195,"comment_status":"closed","ping_status":"open","sticky":false,"template":"","format":"standard","meta":{"jetpack_publicize_message":"","jetpack_is_tweetstorm":false,"jetpack_publicize_feature_enabled":true},"categories":[1,7],"tags":[],"jetpack_publicize_connections":[],"jetpack_featured_media_url":"http:\/\/csepelfc.hu\/wp-content\/uploads\/2021\/05\/Kelen-CsepelBajnoki.jpg","jetpack_sharing_enabled":true,"jetpack_shortlink":"https:\/\/wp.me\/p83FEU-1BU","_links":{"self":[{"href":"http:\/\/csepelfc.hu\/index.php\/wp-json\/wp\/v2\/posts\/6194"}],"collection":[{"href":"http:\/\/csepelfc.hu\/index.php\/wp-json\/wp\/v2\/posts"}],"about":[{"href":"http:\/\/csepelfc.hu\/index.php\/wp-json\/wp\/v2\/types\/post"}],"author":[{"embeddable":true,"href":"http:\/\/csepelfc.hu\/index.php\/wp-json\/wp\/v2\/users\/4"}],"replies":[{"embeddable":true,"href":"http:\/\/csepelfc.hu\/index.php\/wp-json\/wp\/v2\/comments?post=6194"}],"version-history":[{"count":2,"href":"http:\/\/csepelfc.hu\/index.php\/wp-json\/wp\/v2\/posts\/6194\/revisions"}],"predecessor-version":[{"id":6198,"href":"http:\/\/csepelfc.hu\/index.php\/wp-json\/wp\/v2\/posts\/6194\/revisions\/6198"}],"wp:featuredmedia":[{"embeddable":true,"href":"http:\/\/csepelfc.hu\/index.php\/wp-json\/wp\/v2\/media\/6195"}],"wp:attachment":[{"href":"http:\/\/csepelfc.hu\/index.php\/wp-json\/wp\/v2\/media?parent=6194"}],"wp:term":[{"taxonomy":"category","embeddable":true,"href":"http:\/\/csepelfc.hu\/index.php\/wp-json\/wp\/v2\/categories?post=6194"},{"taxonomy":"post_tag","embeddable":true,"href":"http:\/\/csepelfc.hu\/index.php\/wp-json\/wp\/v2\/tags?post=6194"}],"curies":[{"name":"wp","href":"https:\/\/api.w.org\/{rel}","templated":true}]}}