{"id":6150,"date":"2021-05-11T07:45:11","date_gmt":"2021-05-11T06:45:11","guid":{"rendered":"http:\/\/csepelfc.hu\/?p=6150"},"modified":"2021-05-11T07:47:13","modified_gmt":"2021-05-11T06:47:13","slug":"ferfi-futsal-minosegi-javulas-tavasszal","status":"publish","type":"post","link":"http:\/\/csepelfc.hu\/index.php\/2021\/05\/11\/ferfi-futsal-minosegi-javulas-tavasszal\/","title":{"rendered":"F\u00e9rfi futsal: neh\u00e9z kezdet, min\u0151s\u00e9gi javul\u00e1s!"},"content":{"rendered":"<p>\u0150sszel m\u00e9g nem annyira, de tavaszra eg\u00e9szen j\u00f3l \u00f6ssze\u00e1llt a Csepel FC feln\u0151tt f\u00e9rfi futsalcsapata, akik klubunkb\u00f3l els\u0151k\u00e9nt fejezt\u00e9k be a bajnoki szezont. \u00c9vet \u00e9rt\u00e9kelt\u00fcnk.<!--more--><\/p>\n<p>B\u00e1r ut\u00e1np\u00f3tl\u00e1s szinten m\u00e1r kor\u00e1bban is m\u0171k\u00f6dtetett futsal csapatokat a Csepel FC, a feln\u0151tt koroszt\u00e1lyban eg\u00e9szen a 2020\/2021- es id\u00e9nyig kellett v\u00e1rni arra, hogy bajnoks\u00e1gban is elindulhasson egyes\u00fclet\u00fcnk. Frankow Mikl\u00f3s feln\u0151tt nagyp\u00e1ly\u00e1s csapatunk technikai vezet\u0151je, R\u00e1cz Botond ut\u00e1np\u00f3tl\u00e1s edz\u0151nk \u00e9s technikai vezet\u0151nk \u00f6tlet\u00e9t Tak\u00e1cs Kriszti\u00e1n teljes mellsz\u00e9less\u00e9ggel t\u00e1mogatta, \u00edgy beny\u00fajtottuk nevez\u00e9s\u00fcnket a Region\u00e1lis futsal bajnoks\u00e1g Budapesti 1. csoportj\u00e1ba, ami gyakorlatilag megfelel a bajnoks\u00e1g III. oszt\u00e1ly\u00e1nak. A sr\u00e1cok kezdeti sz\u00e1rnypr\u00f3b\u00e1lgat\u00e1s\u00e1t el\u0151sz\u00f6r ink\u00e1bb kevesebb, mint t\u00f6bb siker \u00f6vezte, de tavaszra min\u0151s\u00e9gi v\u00e1ltoz\u00e1sokon esett \u00e1t a csapat, ami m\u00e1r az eredm\u00e9nyekben is megmutatkozott. A javar\u00e9szt Csepel FC nevel\u00e9s\u0171 fiatalokb\u00f3l \u00e1ll\u00f3 csapatunk nem csak a p\u00e1ly\u00e1n, hanem azon k\u00edv\u00fcl is egy j\u00f3 kis k\u00f6z\u00f6ss\u00e9get alkot, ami ugyancsak nagyban befoly\u00e1solta, hogy az \u0151szihez k\u00e9pest tavasszal megh\u00e1romszorozta pontjai sz\u00e1m\u00e1t a csapat \u00e9s olykor nagy ar\u00e1ny\u00fa gy\u0151zelmeket is aratva v\u00e9gzett a 8. poz\u00edci\u00f3ban. A lelkes csepeli brig\u00e1d sajnos k\u00e9nytelen- kelletlen hazai m\u00e9rk\u0151z\u00e9sit is a ker\u00fclett\u0151l t\u00e1vol j\u00e1tszotta, ami ugyancsak nem k\u00f6nny\u00edtett a helyzet\u00fck\u00f6n, de b\u00edzzunk benne, hogy a k\u00f6vetkez\u0151 szezonban m\u00e1r Csepelen kaphat helyet ez a sokra hivatott maxim\u00e1lisan k\u00e9k- piros \u00e9rzelm\u0171 k\u00f6z\u00f6ss\u00e9g.<\/p>\n<p>A bajnoks\u00e1gr\u00f3l R\u00e1cz Botond csapatkapit\u00e1ny osztotta meg vel\u00fcnk gondolatait, aki egyben az egy\u00fcttes legeredm\u00e9nyesebb j\u00e1t\u00e9kos\u00e1nak is bizonyult a maga 11 g\u00f3lj\u00e1val.<\/p>\n<p><strong>R\u00e1cz Botond csapatkapit\u00e1ny<\/strong>: &#8211; <em>A 2020\/2021-es szezon kezdet\u00e9n egy \u00faj t\u00f6rt\u00e9net vette kezdet\u00e9t a Csepel FC \u00e9let\u00e9ben: futsal szak\u00e1gban el\u0151sz\u00f6r ind\u00edtottunk el bajnoks\u00e1gban feln\u0151tt csapatot. Ami\u00e9rt h\u00e1l\u00e1san k\u00f6sz\u00f6nj\u00fck a lehet\u0151s\u00e9get a klubvezet\u00e9snek, hogy t\u00e1mogatta ez ir\u00e1ny\u00fa elk\u00e9pzel\u00e9seinket. A szab\u00e1lyoknak megfelel\u0151en, a legalacsonyabb oszt\u00e1lyban indultunk el mi is, ami azt jelentette, hogy el\u0151sz\u00f6r az NB III- as bajnoks\u00e1gban tehette pr\u00f3b\u00e1ra mag\u00e1t a Csepel FC feln\u0151tt futsal egy\u00fcttese. Az els\u0151 f\u00e9l\u00e9v &#8211; mint minden kezdet- kiss\u00e9 ny\u00f6gvenyel\u0151sen indult, meglehet\u0151sen lassan \u00e1llt \u00f6ssze a keret, t\u00f6bb j\u00e1t\u00e9kos is pr\u00f3b\u00e1ra tette mag\u00e1t a csapatban, voltak akik maradtak \u00e9s olyanok is persze, akik m\u00e1r nem tagjai a keretnek. Sajnos Csepelen nem siker\u00fclt olyan termet tal\u00e1lni, ahol megfizethet\u0151 b\u00e9rleti d\u00edj fej\u00e9ben l\u00e9phett\u00fcnk volna p\u00e1ly\u00e1ra, \u00edgy a &#8220;hazai&#8221; tal\u00e1lkoz\u00f3inkat T\u00f6r\u00f6kb\u00e1linton j\u00e1tszottuk le az Ar\u00e9n\u00e1ban. Az els\u0151 f\u00e9l\u00e9vet csup\u00e1n 2 gy\u0151zelemmel \u00e9s 5 veres\u00e9ggel z\u00e1rtuk, de mindv\u00e9gig b\u00edztunk a jobb folytat\u00e1sban! <\/em><br \/>\n<em>A m\u00e1sodik f\u00e9l\u00e9vre ker\u00fclt hozz\u00e1nk a csepeli nevel\u00e9s\u0171 Viza Kriszti\u00e1n, aki fiatal kora ellen\u00e9re megj\u00e1rta m\u00e1r a futsal NBI- et is \u00edgy b\u00edztunk benne, hogy szem\u00e9lye komoly er\u0151s\u00edt\u00e9s lesz csapatunknak. Kriszti\u00e1n mind j\u00e1t\u00e9kosk\u00e9nt, mind edz\u0151k\u00e9nt jelent\u0151sen hozz\u00e1 tudott tenni a tavaszi f\u00e9l\u00e9vben ahhoz, hogy a Csepel FC a h\u00e1tral\u00e9v\u0151 11 meccs\u00e9t 6 gy\u0151zelemmel 1 d\u00f6ntetlennel \u00e9s 4 veres\u00e9ggel fejezze be. P\u00e9ldak\u00e9nt eml\u00edten\u00e9m, hogy a bajnoki tabell\u00e1n m\u00e1sodik Kelen SC egy\u00fcttes\u00e9vel szemben szoros, 5:4-es m\u00e9rk\u0151z\u00e9sen maradtunk alul, a dobog\u00f3 harmadik fok\u00e1n \u00e1ll\u00f3 Tolna egyes\u00fclet\u00e9t pedig hazai p\u00e1ly\u00e1n 3:2 ar\u00e1nyban siker\u00fclt is k\u00e9t v\u00e1llra fektetn\u00fcnk. Az \u0151szi szerepl\u00e9st tekintet\u00e9ben ez \u00f3ri\u00e1si el\u0151rel\u00e9p\u00e9snek tekinthet\u0151.\u00a0 Nagyot lend\u00edtett a csapaton, hogy a bajnoks\u00e1g els\u0151 szezonj\u00e1t k\u00f6vet\u0151en legal\u00e1bb 5- 6 olyan sportol\u00f3 csatlakozott a csapathoz, akikkel egy komolyabb mag alakult ki, vel\u00fck egy\u00fctt a j\u00f6v\u0151ben m\u00e1r nemesebb c\u00e9lok\u00e9rt is k\u00fczdhet\u00fcnk \u00e9s ne felejts\u00fck el , hogy j\u00f3 n\u00e9h\u00e1nyan k\u00f6z\u00fcl\u00fck Csepel FC nevel\u00e9s\u0171ek, azaz er\u0151s k\u00f6tel\u00e9k f\u0171zi \u0151ket a k\u00e9k- piros klubhoz. A j\u00f6v\u0151 tekintet\u00e9ben mindenk\u00e9ppen szeretn\u00e9nk a futsalt mind a feln\u0151tt mind pedig az ut\u00e1np\u00f3tl\u00e1s szintj\u00e9n is n\u00e9pszer\u0171s\u00edteni itt Csepelen, hogy ezzel is m\u00e9g t\u00f6bbet ny\u00fajthassunk a Csepel FC- ben sportol\u00f3knak \u00e9s term\u00e9szetesen a messze f\u00f6ld\u00f6n h\u00edres szurkol\u00f3inknak is, akik rem\u00e9lhet\u0151leg a k\u00f6vetkez\u0151 szezonban m\u00e1r a XXI. ker\u00fcleten bel\u00fcl szurkolhatnak a Csepel FC feln\u0151tt futsalcsapat\u00e1nak!<\/em><\/p>\n","protected":false},"excerpt":{"rendered":"<div class=\"mh-excerpt\"><p>\u0150sszel m\u00e9g nem annyira, de tavaszra eg\u00e9szen j\u00f3l \u00f6ssze\u00e1llt a Csepel FC feln\u0151tt f\u00e9rfi futsalcsapata, akik klubunkb\u00f3l els\u0151k\u00e9nt fejezt\u00e9k be a bajnoki szezont. \u00c9vet \u00e9rt\u00e9kelt\u00fcnk.<\/p>\n<\/div>","protected":false},"author":4,"featured_media":6151,"comment_status":"closed","ping_status":"open","sticky":false,"template":"","format":"standard","meta":{"jetpack_publicize_message":"","jetpack_is_tweetstorm":false,"jetpack_publicize_feature_enabled":true},"categories":[1,7],"tags":[],"jetpack_publicize_connections":[],"jetpack_featured_media_url":"http:\/\/csepelfc.hu\/wp-content\/uploads\/2021\/05\/Csepel-FC-Futsalk..jpg","jetpack_sharing_enabled":true,"jetpack_shortlink":"https:\/\/wp.me\/p83FEU-1Bc","_links":{"self":[{"href":"http:\/\/csepelfc.hu\/index.php\/wp-json\/wp\/v2\/posts\/6150"}],"collection":[{"href":"http:\/\/csepelfc.hu\/index.php\/wp-json\/wp\/v2\/posts"}],"about":[{"href":"http:\/\/csepelfc.hu\/index.php\/wp-json\/wp\/v2\/types\/post"}],"author":[{"embeddable":true,"href":"http:\/\/csepelfc.hu\/index.php\/wp-json\/wp\/v2\/users\/4"}],"replies":[{"embeddable":true,"href":"http:\/\/csepelfc.hu\/index.php\/wp-json\/wp\/v2\/comments?post=6150"}],"version-history":[{"count":3,"href":"http:\/\/csepelfc.hu\/index.php\/wp-json\/wp\/v2\/posts\/6150\/revisions"}],"predecessor-version":[{"id":6154,"href":"http:\/\/csepelfc.hu\/index.php\/wp-json\/wp\/v2\/posts\/6150\/revisions\/6154"}],"wp:featuredmedia":[{"embeddable":true,"href":"http:\/\/csepelfc.hu\/index.php\/wp-json\/wp\/v2\/media\/6151"}],"wp:attachment":[{"href":"http:\/\/csepelfc.hu\/index.php\/wp-json\/wp\/v2\/media?parent=6150"}],"wp:term":[{"taxonomy":"category","embeddable":true,"href":"http:\/\/csepelfc.hu\/index.php\/wp-json\/wp\/v2\/categories?post=6150"},{"taxonomy":"post_tag","embeddable":true,"href":"http:\/\/csepelfc.hu\/index.php\/wp-json\/wp\/v2\/tags?post=6150"}],"curies":[{"name":"wp","href":"https:\/\/api.w.org\/{rel}","templated":true}]}}