{"id":6132,"date":"2021-05-09T08:32:09","date_gmt":"2021-05-09T07:32:09","guid":{"rendered":"http:\/\/csepelfc.hu\/?p=6132"},"modified":"2021-05-09T08:32:09","modified_gmt":"2021-05-09T07:32:09","slug":"a-vegere-maradt-a-dontes-a-csepeli-csorteben","status":"publish","type":"post","link":"http:\/\/csepelfc.hu\/index.php\/2021\/05\/09\/a-vegere-maradt-a-dontes-a-csepeli-csorteben\/","title":{"rendered":"A v\u00e9g\u00e9re maradt a d\u00f6nt\u00e9s a csepeli cs\u00f6rt\u00e9ben"},"content":{"rendered":"<p>Feln\u0151tt egy\u00fcttes\u00fcnkb\u0151l alaposan kivett a szerdai kupad\u00f6nt\u0151, minek k\u00f6vetkezt\u00e9ben sz\u00f3 szerint &#8220;v\u00e9rt kellett izzadni&#8221; a siker \u00e9rdek\u00e9ben, amire az utols\u00f3 percig kellett v\u00e1rni.<!--more--><\/p>\n<p>Ragyog\u00f3 naps\u00fct\u00e9s, kiv\u00e1l\u00f3an el\u0151k\u00e9sz\u00edtett p\u00e1lya \u00e9s csal\u00e1dias hangulat v\u00e1rt mindenkit szombat d\u00e9lut\u00e1n az egykori Csepeli Pap\u00edrgy\u00e1r SC p\u00e1ly\u00e1j\u00e1n, ami egy ideje a Csep- G\u00f3l FC otthona, ahol ism\u00e9t bajnoki m\u00e9rk\u0151z\u00e9sen tal\u00e1lkozott egym\u00e1ssal a k\u00e9t csepeli csapat. \u0150sszel meglehet\u0151sen nehezen siker\u00fclt k\u00e9t v\u00e1llra fektetni ker\u00fcleti riv\u00e1lisunkat a B\u00e9ke t\u00e9ren annak a Tepl\u00e1n J\u00e1nos g\u00f3lj\u00e1nak k\u00f6sz\u00f6nhet\u0151en, aki ezen a meccsen is kulcsembernek bizonyult.<\/p>\n<p>A h\u00e1zigazd\u00e1k tavasszal nagy er\u0151ket mozg\u00f3s\u00edtanak a kies\u00e9s elker\u00fcl\u00e9se \u00e9rdek\u00e9ben, ami jelenleg a 13. helyet jelenti sz\u00e1mukra, de az Ikarus \u00e9s a RAFC is ott liheg a nyakukban, \u00edgy biztosra vehett\u00fck, hogy most sem adj\u00e1k majd &#8220;k\u00f6nnyen a b\u0151r\u00fcket&#8221;.<\/p>\n<p>Az \u00f6sszecsap\u00e1s els\u0151 f\u00e9lidej\u00e9ben magunkhoz vett\u00fck a kezdem\u00e9nyez\u00e9st \u00e9s siker\u00fclt mez\u0151nyf\u00f6l\u00e9nyt kialak\u00edtani, \u00e1m a befejez\u00e9sekkel sajnos sokszor hadil\u00e1bon \u00e1lltunk&#8230; A 40. percben azt\u00e1n megt\u00f6rt a j\u00e9g: egy sz\u00e9p t\u00e1mad\u00e1s v\u00e9g\u00e9n Mank\u00f3 D\u00e1vid l\u0151tt g\u00f3lt a hazaiak kapuj\u00e1ba, amivel gyakorlatilag le is z\u00e1rta a f\u00e9lid\u0151t.<\/p>\n<p>A m\u00e1sodik j\u00e1t\u00e9kr\u00e9sz nem hozott l\u00e1tv\u00e1nyos javul\u00e1st, a labd\u00e1t ugyan j\u00f3l tartottuk \u00e9s j\u00e1rattuk, de kapura nem voltunk igaz\u00e1n vesz\u00e9lyesek \u00e9s f\u00e9l\u0151 volt, hogy ez megbosszulhatja mag\u00e1t&#8230; Ez azt\u00e1n sajnos be is k\u00f6vetkezett a 70. percben, amikor is egy meglehet\u0151sen lesgyan\u00fas helyzetb\u0151l Sali tal\u00e1lt a kapunkba. Sajn\u00e1latos, hogy sem a partjelz\u0151 sem a j\u00e1t\u00e9kvezet\u0151 nem l\u00e1tta a a g\u00f3lt megel\u0151z\u0151 leshelyzetet, de ezzel sokat nem kezdhett\u00fcnk&#8230; Ezt k\u00f6vet\u0151en minden k\u00f6vet megmozgattunk a gy\u0151ztes tal\u00e1lat megszerz\u00e9s\u00e9\u00e9rt, a h\u00e1zigazd\u00e1k pedig az ellenkez\u0151\u00e9j\u00e9rt, nem egyszer szab\u00e1lytalan bel\u00e9p\u0151kkel tark\u00edtva a v\u00e9gj\u00e1t\u00e9kot&#8230; Az utols\u00f3 percben is egy ilyen megmozdul\u00e1st hajtott v\u00e9gre a hazaiak egyik v\u00e9d\u0151je, de azt m\u00e1r 16- oson bel\u00fcl, a j\u00e1t\u00e9kvezet\u0151 \u00edgy haboz\u00e1s n\u00e9lk\u00fcl 11- est \u00edt\u00e9lt. A labda m\u00f6g\u00e9 az eg\u00e9sz meccsen remek\u00fcl teljes\u00edt\u0151 Tepl\u00e1n J\u00e1nos \u00e1llt, aki magabiztosan \u00e9rt\u00e9kes\u00edtette a b\u00fcntet\u0151t, megszerezve ezzel csapatunknak a nagyon fontos 3 pontot. A hajr\u00e1ban kiharcolt siker a tal\u00e1lkoz\u00f3t k\u00f6vet\u0151en tov\u00e1bb \u00e9rt\u00e9kel\u0151d\u00f6tt, miut\u00e1n kider\u00fclt, hogy a V\u00edzm\u0171vek 2:0 ar\u00e1nyban legy\u0151zte legnagyobb riv\u00e1lisunkat a Kelen SC- t.<\/p>\n<p>Csapatunk tov\u00e1bb folytatja meglehet\u0151sen s\u0171r\u0171 (szerda- szombat- szerda- szombati) bajnoki menet\u00e9t: szerd\u00e1n este annak az 1908 SZAC- nak a vend\u00e9gei lesz\u00fcnk, akikkel \u00e1ltal\u00e1ban szoros, ki- ki meccseket j\u00e1tszunk, val\u00f3sz\u00edn\u0171leg ez most sem lesz m\u00e1sk\u00e9nt, de b\u00edzunk a sz\u00e1munkra legkedvez\u0151bb v\u00e9gkiemenetelben.<\/p>\n<p><strong>Csep- G\u00f3l FC &#8211; Csepel FC 1:2 (0:1)<\/strong><\/p>\n<p>Csep- G\u00f3l FC Sporttelep, <strong>Jv.:<\/strong> Fekete L\u00e1szl\u00f3 (Bencze Andr\u00e1s, Csete Csongor)<\/p>\n<p><strong>Csep- G\u00f3l FC<\/strong>: Kov\u00e1cs D. &#8211; Ferenczi Zs., B\u00e9res Z., B\u00e9res R. (Zs\u00e1mb\u00e9ki D. &#8217;60), Antal K., Bilacsics \u00c1. (B\u00e9res D. &#8217;58), Krist\u00f3 D., Pereszl\u00e9nyi A. (Sali R. &#8217;54), Baksa \u00c1., Nagy G., Majer Zs. (V\u00e1radi Zs. &#8217;54) <strong>Vezet\u0151edz\u0151:<\/strong> Federico Groppioni<\/p>\n<p><strong>Csepel FC<\/strong>: Sz\u0171cs Kriszti\u00e1n &#8211; Bencze M\u00e1rton, M\u00e9sz\u00e1ros Roland, M\u00e9sz\u00e1ros L\u00e1szl\u00f3 (Zai Krist\u00f3f &#8217;76), V\u00f6r\u00f6s Bence (Urbin Martin &#8217;79), Mank\u00f3 D\u00e1vid (K\u00f6d\u00f6b\u00f6cz Andr\u00e1s &#8217;70), Torda Bence (Lencs\u00e9s Attila &#8217;70), Tepl\u00e1n J\u00e1nos, Tak\u00e1cs L\u00e1szl\u00f3, Gauzer Levente, Tolnay Rokk\u00f3 (N\u00e9meth Zolt\u00e1n &#8217;60) <strong>Szakmai vezet\u0151:<\/strong> Tak\u00e1cs Kriszti\u00e1n, <strong>Vezet\u0151edz\u0151:<\/strong> Tak\u00e1cs L\u00e1szl\u00f3<\/p>\n<p><strong>G\u00f3lszerz\u0151<\/strong>: Sali R. &#8217;70, ill. Mank\u00f3n D\u00e1vid &#8217;40, Tepl\u00e1n J\u00e1nos &#8217;91<\/p>\n","protected":false},"excerpt":{"rendered":"<div class=\"mh-excerpt\"><p>Feln\u0151tt egy\u00fcttes\u00fcnkb\u0151l alaposan kivett a szerdai kupad\u00f6nt\u0151, minek k\u00f6vetkezt\u00e9ben sz\u00f3 szerint &#8220;v\u00e9rt kellett izzadni&#8221; a siker \u00e9rdek\u00e9ben, amire az utols\u00f3 percig kellett v\u00e1rni.<\/p>\n<\/div>","protected":false},"author":4,"featured_media":6133,"comment_status":"closed","ping_status":"open","sticky":false,"template":"","format":"standard","meta":{"jetpack_publicize_message":"","jetpack_is_tweetstorm":false,"jetpack_publicize_feature_enabled":true},"categories":[1,7],"tags":[],"jetpack_publicize_connections":[],"jetpack_featured_media_url":"http:\/\/csepelfc.hu\/wp-content\/uploads\/2021\/05\/csep-GolonCsepelFC.jpg","jetpack_sharing_enabled":true,"jetpack_shortlink":"https:\/\/wp.me\/p83FEU-1AU","_links":{"self":[{"href":"http:\/\/csepelfc.hu\/index.php\/wp-json\/wp\/v2\/posts\/6132"}],"collection":[{"href":"http:\/\/csepelfc.hu\/index.php\/wp-json\/wp\/v2\/posts"}],"about":[{"href":"http:\/\/csepelfc.hu\/index.php\/wp-json\/wp\/v2\/types\/post"}],"author":[{"embeddable":true,"href":"http:\/\/csepelfc.hu\/index.php\/wp-json\/wp\/v2\/users\/4"}],"replies":[{"embeddable":true,"href":"http:\/\/csepelfc.hu\/index.php\/wp-json\/wp\/v2\/comments?post=6132"}],"version-history":[{"count":1,"href":"http:\/\/csepelfc.hu\/index.php\/wp-json\/wp\/v2\/posts\/6132\/revisions"}],"predecessor-version":[{"id":6134,"href":"http:\/\/csepelfc.hu\/index.php\/wp-json\/wp\/v2\/posts\/6132\/revisions\/6134"}],"wp:featuredmedia":[{"embeddable":true,"href":"http:\/\/csepelfc.hu\/index.php\/wp-json\/wp\/v2\/media\/6133"}],"wp:attachment":[{"href":"http:\/\/csepelfc.hu\/index.php\/wp-json\/wp\/v2\/media?parent=6132"}],"wp:term":[{"taxonomy":"category","embeddable":true,"href":"http:\/\/csepelfc.hu\/index.php\/wp-json\/wp\/v2\/categories?post=6132"},{"taxonomy":"post_tag","embeddable":true,"href":"http:\/\/csepelfc.hu\/index.php\/wp-json\/wp\/v2\/tags?post=6132"}],"curies":[{"name":"wp","href":"https:\/\/api.w.org\/{rel}","templated":true}]}}